{"id":8252,"date":"2024-09-06T15:48:32","date_gmt":"2024-09-06T18:48:32","guid":{"rendered":"https:\/\/ieg.com.br\/blog\/?p=8252"},"modified":"2024-09-06T15:48:34","modified_gmt":"2024-09-06T18:48:34","slug":"evento-para-lideres-de-cscs-do-brasil-acontecera-em-setembro","status":"publish","type":"post","link":"https:\/\/ieg.com.br\/blog\/evento-para-lideres-de-cscs-do-brasil-acontecera-em-setembro\/","title":{"rendered":"Evento para l\u00edderes de CSCs do Brasil acontecer\u00e1 em setembro"},"content":{"rendered":"\n<p>O Shared Services Leadership Forum (SSLF), que ocorrer\u00e1 no dia 18 de setembro no Milenium Centro de Conven\u00e7\u00f5es, reunir\u00e1 l\u00edderes e diretores do Mercado de Servi\u00e7os Compartilhados para uma reflex\u00e3o aprofundada sobre o cen\u00e1rio atual e os desafios do setor.\u00a0<\/p>\n\n\n\n<p>Com o tema central \u201cRevolu\u00e7\u00e3o Estrat\u00e9gica dos CSCs: L\u00edderes Transformados para a Evolu\u00e7\u00e3o das Empresas\u201d, o evento promover\u00e1 discuss\u00f5es significativas sobre como os l\u00edderes podem impulsionar a transforma\u00e7\u00e3o e o avan\u00e7o dos Centros de Servi\u00e7os Compartilhados.<\/p>\n\n\n\n<p>Neste evento, l\u00edderes ser\u00e3o convidados a refletir o cen\u00e1rio em r\u00e1pida evolu\u00e7\u00e3o e a press\u00e3o crescente em explorar o verdadeiro poder da tecnologia. A lideran\u00e7a enfrenta mais uma prova de fogo na sua capacidade de se manter relevante e continuar inovando. Vamos discutir e explorar caminhos, ferramentas e m\u00e9todos pr\u00e1ticos para revolucionar estrategicamente os CSCs para a evolu\u00e7\u00e3o das empresas.<\/p>\n\n\n\n<p>Desde 2014, o IEG promove o SSLF para reunir executivos de CSCs e discutir as principais tend\u00eancias do mercado. Este ano, o SSLF 2024 promete fomentar reflex\u00f5es sobre os desafios, metas e objetivos das lideran\u00e7as do CSC.<\/p>\n\n\n\n<figure class=\"wp-block-image\"><img decoding=\"async\" src=\"https:\/\/lh7-rt.googleusercontent.com\/docsz\/AD_4nXczjCXwHPr3kTPmmyA-uNUkQpAPh-ncAZboQtN54_9kQATdInuvgahrH6HmUcUFphc2yL410YpOpuyQMqs73mD4CQwJtC1s40cxHr2L8uY0OTrbqrtA9nV1DnPjT8RckWg4XMVsx9zJgo57ALfvh8qQCZHL?key=6b71wjljwx-pdsraQs1aKQ\" alt=\"\"\/><\/figure>\n\n\n\n<p>SSLF 2023: <a href=\"https:\/\/www.youtube.com\/watch?v=2IYliorMHLs&amp;t=130s&amp;pp=ygUJU1NMRiAyMDIy\">\u00daltima edi\u00e7\u00e3o<\/a> do principal evento para Diretores e L\u00edderes de CSCs do pa\u00eds.<\/p>\n\n\n\n<p>Na palestra de abertura, teremos a presen\u00e7a de Marc Tawil, Especialista de Comunica\u00e7\u00e3o Estrat\u00e9gica, premiado pela ABERJE e tr\u00eas vezes TEDxSpeaker. Primeiro Linkedin Top Voice do Brasil, com mais de 30 mil alunos no Linkedin Learning, al\u00e9m de ser colunista semanal da \u00c9poca Neg\u00f3cios e Eletromidia. Marc compartilhar\u00e1 sua vasta experi\u00eancia em uma palestra que refletir\u00e1 sobre \u201cTransforma\u00e7\u00e3o Digital e Humana: O Caminho para uma Lideran\u00e7a Impactante\u201d.<\/p>\n\n\n\n<p>O evento contar\u00e1 ainda com a premia\u00e7\u00e3o Benchmark em CSC 2024. H\u00e1 mais de uma d\u00e9cada, o IEG \u00e9 pioneiro na condu\u00e7\u00e3o de pesquisas aprofundadas sobre o segmento de Servi\u00e7os Compartilhados no Brasil. A pesquisa anual avalia o desempenho dos Centros de Servi\u00e7os Compartilhados (CSCs) e reconhece os melhores CSCs com uma premia\u00e7\u00e3o.<\/p>\n\n\n\n<figure class=\"wp-block-image\"><img decoding=\"async\" src=\"https:\/\/lh7-rt.googleusercontent.com\/docsz\/AD_4nXdaIdY1yKMMvzVbnXp8ic3DjHRgp84alkO2BYtDzF7NytNxda-H63xboSIQQYrqQoDTOtLMU71vxBuqV1a8nyjNPLO8olH5OzjEaLEmsjitfDZh_jlX9OoIzPXbyThTdLIiv-eDjf0fsN_XN2dLdrEtu40?key=6b71wjljwx-pdsraQs1aKQ\" alt=\"\"\/><\/figure>\n\n\n\n<p>SSLF 2023: \u00daltima edi\u00e7\u00e3o da Premia\u00e7\u00e3o Benchmark em CSC<\/p>\n\n\n\n<figure class=\"wp-block-image\"><img decoding=\"async\" src=\"https:\/\/lh7-rt.googleusercontent.com\/docsz\/AD_4nXcZWd7s3LXRi1L7yuRdVXthGrmNq6smhzmpaRgEvxLx_9dYqxV5b4leFc4zkA5R4TjXBRJT6edEbzcu4ZiMMQEGCvmeqlYlYsYU_rfujiZwy1hcj9sWxy2Kya_mSyRK_6uXH4BYDaTISuTSqUnbWV7PlF8?key=6b71wjljwx-pdsraQs1aKQ\" alt=\"\"\/><\/figure>\n\n\n\n<p>SSLF 2023: \u00daltima edi\u00e7\u00e3o da Premia\u00e7\u00e3o Benchmark em CSC<\/p>\n\n\n\n<p>O SSLF 2024 espera reunir cerca de 150 participantes e acontecer\u00e1 no dia 18 de setembro, no Milenium Centro de Conven\u00e7\u00f5es, em S\u00e3o Paulo. O evento ser\u00e1 um dia inteiro de conte\u00fado e insights sobre o Mercado de Servi\u00e7os Compartilhados, com grandes palestras, mesas de discuss\u00e3o e uma \u00e1rea de exposi\u00e7\u00e3o onde os patrocinadores apresentar\u00e3o suas solu\u00e7\u00f5es.<\/p>\n\n\n\n<p>Quer saber mais sobre o SSLF 2024? Acesse: https:\/\/ieg.com.br\/evento\/shared-services-leadership-forum-2024\/<\/p>\n\n\n\n<p><em>O IEG \u00e9 uma empresa que elabora solu\u00e7\u00f5es de ensino, pesquisa e consultoria em gest\u00e3o de forma integrada e complementar para as organiza\u00e7\u00f5es, dissemina conhecimento por meio de treinamentos customizados desenvolvidos para capacitar profissionais de diversas empresas no que tange a compet\u00eancias comportamentais, t\u00e9cnicas e ferramentais.<\/em><\/p>\n","protected":false},"excerpt":{"rendered":"<p>O Shared Services Leadership Forum (SSLF), que ocorrer\u00e1 no dia 18 de setembro no Milenium Centro de Conven\u00e7\u00f5es, reunir\u00e1 l\u00edderes e diretores do Mercado de Servi\u00e7os Compartilhados para uma reflex\u00e3o aprofundada sobre o cen\u00e1rio atual e os desafios do setor.\u00a0 Com o tema central \u201cRevolu\u00e7\u00e3o Estrat\u00e9gica dos CSCs: L\u00edderes Transformados para a Evolu\u00e7\u00e3o das Empresas\u201d, [&hellip;]<\/p>\n","protected":false},"author":1,"featured_media":8253,"comment_status":"open","ping_status":"open","sticky":false,"template":"","format":"standard","meta":{"_acf_changed":false,"footnotes":""},"categories":[1],"tags":[],"class_list":["post-8252","post","type-post","status-publish","format-standard","has-post-thumbnail","hentry","category-servicos-compartilhados"],"acf":[],"yoast_head":"<!-- This site is optimized with the Yoast SEO plugin v27.4 - https:\/\/yoast.com\/product\/yoast-seo-wordpress\/ -->\n<title>SSLF 2024 reunir\u00e1 lideran\u00e7as do Mercado de CSCs<\/title>\n<meta name=\"description\" content=\"O SSLF 2024 reunir\u00e1 lideran\u00e7as do Mercado de CSCs para uma reflex\u00e3o aprofundada sobre o cen\u00e1rio atual e os desafios do setor.\u00a0\" \/>\n<meta name=\"robots\" content=\"index, follow, max-snippet:-1, max-image-preview:large, max-video-preview:-1\" \/>\n<link rel=\"canonical\" href=\"https:\/\/ieg.com.br\/blog\/evento-para-lideres-de-cscs-do-brasil-acontecera-em-setembro\/\" \/>\n<meta property=\"og:locale\" content=\"pt_BR\" \/>\n<meta property=\"og:type\" content=\"article\" \/>\n<meta property=\"og:title\" content=\"SSLF 2024 reunir\u00e1 lideran\u00e7as do Mercado de CSCs\" \/>\n<meta property=\"og:description\" content=\"O SSLF 2024 reunir\u00e1 lideran\u00e7as do Mercado de CSCs para uma reflex\u00e3o aprofundada sobre o cen\u00e1rio atual e os desafios do setor.\u00a0\" \/>\n<meta property=\"og:url\" content=\"https:\/\/ieg.com.br\/blog\/evento-para-lideres-de-cscs-do-brasil-acontecera-em-setembro\/\" \/>\n<meta property=\"og:site_name\" content=\"IEG Connection\" \/>\n<meta property=\"article:publisher\" content=\"https:\/\/www.facebook.com\/IEG.Brasil\" \/>\n<meta property=\"article:published_time\" content=\"2024-09-06T18:48:32+00:00\" \/>\n<meta property=\"article:modified_time\" content=\"2024-09-06T18:48:34+00:00\" \/>\n<meta property=\"og:image\" content=\"https:\/\/ieg.com.br\/blog\/wp-content\/uploads\/2024\/09\/Design-sem-nome.jpg\" \/>\n\t<meta property=\"og:image:width\" content=\"2560\" \/>\n\t<meta property=\"og:image:height\" content=\"934\" \/>\n\t<meta property=\"og:image:type\" content=\"image\/jpeg\" \/>\n<meta name=\"author\" content=\"Reda\u00e7\u00e3o IEG\" \/>\n<meta name=\"twitter:card\" content=\"summary_large_image\" \/>\n<meta name=\"twitter:label1\" content=\"Escrito por\" \/>\n\t<meta name=\"twitter:data1\" content=\"Reda\u00e7\u00e3o IEG\" \/>\n\t<meta name=\"twitter:label2\" content=\"Est. tempo de leitura\" \/>\n\t<meta name=\"twitter:data2\" content=\"4 minutos\" \/>\n<script type=\"application\/ld+json\" class=\"yoast-schema-graph\">{\"@context\":\"https:\\\/\\\/schema.org\",\"@graph\":[{\"@type\":\"Article\",\"@id\":\"https:\\\/\\\/ieg.com.br\\\/blog\\\/evento-para-lideres-de-cscs-do-brasil-acontecera-em-setembro\\\/#article\",\"isPartOf\":{\"@id\":\"https:\\\/\\\/ieg.com.br\\\/blog\\\/evento-para-lideres-de-cscs-do-brasil-acontecera-em-setembro\\\/\"},\"author\":{\"name\":\"Reda\u00e7\u00e3o IEG\",\"@id\":\"https:\\\/\\\/ieg.com.br\\\/blog\\\/#\\\/schema\\\/person\\\/4c2d72ddde770e48c4e179425ccc9dd5\"},\"headline\":\"Evento para l\u00edderes de CSCs do Brasil acontecer\u00e1 em setembro\",\"datePublished\":\"2024-09-06T18:48:32+00:00\",\"dateModified\":\"2024-09-06T18:48:34+00:00\",\"mainEntityOfPage\":{\"@id\":\"https:\\\/\\\/ieg.com.br\\\/blog\\\/evento-para-lideres-de-cscs-do-brasil-acontecera-em-setembro\\\/\"},\"wordCount\":502,\"commentCount\":0,\"publisher\":{\"@id\":\"https:\\\/\\\/ieg.com.br\\\/blog\\\/#organization\"},\"image\":{\"@id\":\"https:\\\/\\\/ieg.com.br\\\/blog\\\/evento-para-lideres-de-cscs-do-brasil-acontecera-em-setembro\\\/#primaryimage\"},\"thumbnailUrl\":\"https:\\\/\\\/ieg.com.br\\\/blog\\\/wp-content\\\/uploads\\\/2024\\\/09\\\/Design-sem-nome.jpg\",\"articleSection\":[\"Servi\u00e7os Compartilhados\"],\"inLanguage\":\"pt-BR\",\"potentialAction\":[{\"@type\":\"CommentAction\",\"name\":\"Comment\",\"target\":[\"https:\\\/\\\/ieg.com.br\\\/blog\\\/evento-para-lideres-de-cscs-do-brasil-acontecera-em-setembro\\\/#respond\"]}]},{\"@type\":\"WebPage\",\"@id\":\"https:\\\/\\\/ieg.com.br\\\/blog\\\/evento-para-lideres-de-cscs-do-brasil-acontecera-em-setembro\\\/\",\"url\":\"https:\\\/\\\/ieg.com.br\\\/blog\\\/evento-para-lideres-de-cscs-do-brasil-acontecera-em-setembro\\\/\",\"name\":\"SSLF 2024 reunir\u00e1 lideran\u00e7as do Mercado de CSCs\",\"isPartOf\":{\"@id\":\"https:\\\/\\\/ieg.com.br\\\/blog\\\/#website\"},\"primaryImageOfPage\":{\"@id\":\"https:\\\/\\\/ieg.com.br\\\/blog\\\/evento-para-lideres-de-cscs-do-brasil-acontecera-em-setembro\\\/#primaryimage\"},\"image\":{\"@id\":\"https:\\\/\\\/ieg.com.br\\\/blog\\\/evento-para-lideres-de-cscs-do-brasil-acontecera-em-setembro\\\/#primaryimage\"},\"thumbnailUrl\":\"https:\\\/\\\/ieg.com.br\\\/blog\\\/wp-content\\\/uploads\\\/2024\\\/09\\\/Design-sem-nome.jpg\",\"datePublished\":\"2024-09-06T18:48:32+00:00\",\"dateModified\":\"2024-09-06T18:48:34+00:00\",\"description\":\"O SSLF 2024 reunir\u00e1 lideran\u00e7as do Mercado de CSCs para uma reflex\u00e3o aprofundada sobre o cen\u00e1rio atual e os desafios do setor.\u00a0\",\"breadcrumb\":{\"@id\":\"https:\\\/\\\/ieg.com.br\\\/blog\\\/evento-para-lideres-de-cscs-do-brasil-acontecera-em-setembro\\\/#breadcrumb\"},\"inLanguage\":\"pt-BR\",\"potentialAction\":[{\"@type\":\"ReadAction\",\"target\":[\"https:\\\/\\\/ieg.com.br\\\/blog\\\/evento-para-lideres-de-cscs-do-brasil-acontecera-em-setembro\\\/\"]}]},{\"@type\":\"ImageObject\",\"inLanguage\":\"pt-BR\",\"@id\":\"https:\\\/\\\/ieg.com.br\\\/blog\\\/evento-para-lideres-de-cscs-do-brasil-acontecera-em-setembro\\\/#primaryimage\",\"url\":\"https:\\\/\\\/ieg.com.br\\\/blog\\\/wp-content\\\/uploads\\\/2024\\\/09\\\/Design-sem-nome.jpg\",\"contentUrl\":\"https:\\\/\\\/ieg.com.br\\\/blog\\\/wp-content\\\/uploads\\\/2024\\\/09\\\/Design-sem-nome.jpg\",\"width\":2560,\"height\":934},{\"@type\":\"BreadcrumbList\",\"@id\":\"https:\\\/\\\/ieg.com.br\\\/blog\\\/evento-para-lideres-de-cscs-do-brasil-acontecera-em-setembro\\\/#breadcrumb\",\"itemListElement\":[{\"@type\":\"ListItem\",\"position\":1,\"name\":\"In\u00edcio\",\"item\":\"https:\\\/\\\/ieg.com.br\\\/blog\\\/\"},{\"@type\":\"ListItem\",\"position\":2,\"name\":\"Evento para l\u00edderes de CSCs do Brasil acontecer\u00e1 em setembro\"}]},{\"@type\":\"WebSite\",\"@id\":\"https:\\\/\\\/ieg.com.br\\\/blog\\\/#website\",\"url\":\"https:\\\/\\\/ieg.com.br\\\/blog\\\/\",\"name\":\"IEG Connection\",\"description\":\"O IEG \u00e9 uma empresa que elabora solu\u00e7\u00f5es de ensino, pesquisa e consultoria em gest\u00e3o de forma integrada e complementar para voc\u00ea e para a sua organiza\u00e7\u00e3o.\",\"publisher\":{\"@id\":\"https:\\\/\\\/ieg.com.br\\\/blog\\\/#organization\"},\"potentialAction\":[{\"@type\":\"SearchAction\",\"target\":{\"@type\":\"EntryPoint\",\"urlTemplate\":\"https:\\\/\\\/ieg.com.br\\\/blog\\\/?s={search_term_string}\"},\"query-input\":{\"@type\":\"PropertyValueSpecification\",\"valueRequired\":true,\"valueName\":\"search_term_string\"}}],\"inLanguage\":\"pt-BR\"},{\"@type\":\"Organization\",\"@id\":\"https:\\\/\\\/ieg.com.br\\\/blog\\\/#organization\",\"name\":\"IEG\",\"url\":\"https:\\\/\\\/ieg.com.br\\\/blog\\\/\",\"logo\":{\"@type\":\"ImageObject\",\"inLanguage\":\"pt-BR\",\"@id\":\"https:\\\/\\\/ieg.com.br\\\/blog\\\/#\\\/schema\\\/logo\\\/image\\\/\",\"url\":\"https:\\\/\\\/ieg.com.br\\\/blog\\\/wp-content\\\/uploads\\\/2021\\\/02\\\/ieg-blog-logo.png\",\"contentUrl\":\"https:\\\/\\\/ieg.com.br\\\/blog\\\/wp-content\\\/uploads\\\/2021\\\/02\\\/ieg-blog-logo.png\",\"width\":310,\"height\":126,\"caption\":\"IEG\"},\"image\":{\"@id\":\"https:\\\/\\\/ieg.com.br\\\/blog\\\/#\\\/schema\\\/logo\\\/image\\\/\"},\"sameAs\":[\"https:\\\/\\\/www.facebook.com\\\/IEG.Brasil\",\"https:\\\/\\\/www.instagram.com\\\/ieg.brasil\\\/\",\"https:\\\/\\\/www.linkedin.com\\\/company\\\/ieg-instituto-de-engenharia-de-gestao\\\/\",\"https:\\\/\\\/www.youtube.com\\\/channel\\\/UCFEkxPdX86l8xWwV73kxJyA\"]},{\"@type\":\"Person\",\"@id\":\"https:\\\/\\\/ieg.com.br\\\/blog\\\/#\\\/schema\\\/person\\\/4c2d72ddde770e48c4e179425ccc9dd5\",\"name\":\"Reda\u00e7\u00e3o IEG\",\"image\":{\"@type\":\"ImageObject\",\"inLanguage\":\"pt-BR\",\"@id\":\"https:\\\/\\\/ieg.com.br\\\/blog\\\/wp-content\\\/uploads\\\/2023\\\/04\\\/logo-IEG-para-blog_Prancheta-1-96x96.png\",\"url\":\"https:\\\/\\\/ieg.com.br\\\/blog\\\/wp-content\\\/uploads\\\/2023\\\/04\\\/logo-IEG-para-blog_Prancheta-1-96x96.png\",\"contentUrl\":\"https:\\\/\\\/ieg.com.br\\\/blog\\\/wp-content\\\/uploads\\\/2023\\\/04\\\/logo-IEG-para-blog_Prancheta-1-96x96.png\",\"caption\":\"Reda\u00e7\u00e3o IEG\"},\"description\":\"O IEG \u00e9 uma empresa que elabora solu\u00e7\u00f5es de ensino, pesquisa e consultoria em gest\u00e3o de forma integrada e complementar para voc\u00ea e para a sua organiza\u00e7\u00e3o.\",\"sameAs\":[\"https:\\\/\\\/ieg.com.br\\\/blog\"],\"url\":\"https:\\\/\\\/ieg.com.br\\\/blog\\\/author\\\/admin\\\/\"}]}<\/script>\n<!-- \/ Yoast SEO plugin. -->","yoast_head_json":{"title":"SSLF 2024 reunir\u00e1 lideran\u00e7as do Mercado de CSCs","description":"O SSLF 2024 reunir\u00e1 lideran\u00e7as do Mercado de CSCs para uma reflex\u00e3o aprofundada sobre o cen\u00e1rio atual e os desafios do setor.\u00a0","robots":{"index":"index","follow":"follow","max-snippet":"max-snippet:-1","max-image-preview":"max-image-preview:large","max-video-preview":"max-video-preview:-1"},"canonical":"https:\/\/ieg.com.br\/blog\/evento-para-lideres-de-cscs-do-brasil-acontecera-em-setembro\/","og_locale":"pt_BR","og_type":"article","og_title":"SSLF 2024 reunir\u00e1 lideran\u00e7as do Mercado de CSCs","og_description":"O SSLF 2024 reunir\u00e1 lideran\u00e7as do Mercado de CSCs para uma reflex\u00e3o aprofundada sobre o cen\u00e1rio atual e os desafios do setor.\u00a0","og_url":"https:\/\/ieg.com.br\/blog\/evento-para-lideres-de-cscs-do-brasil-acontecera-em-setembro\/","og_site_name":"IEG Connection","article_publisher":"https:\/\/www.facebook.com\/IEG.Brasil","article_published_time":"2024-09-06T18:48:32+00:00","article_modified_time":"2024-09-06T18:48:34+00:00","og_image":[{"width":2560,"height":934,"url":"https:\/\/ieg.com.br\/blog\/wp-content\/uploads\/2024\/09\/Design-sem-nome.jpg","type":"image\/jpeg"}],"author":"Reda\u00e7\u00e3o IEG","twitter_card":"summary_large_image","twitter_misc":{"Escrito por":"Reda\u00e7\u00e3o IEG","Est. tempo de leitura":"4 minutos"},"schema":{"@context":"https:\/\/schema.org","@graph":[{"@type":"Article","@id":"https:\/\/ieg.com.br\/blog\/evento-para-lideres-de-cscs-do-brasil-acontecera-em-setembro\/#article","isPartOf":{"@id":"https:\/\/ieg.com.br\/blog\/evento-para-lideres-de-cscs-do-brasil-acontecera-em-setembro\/"},"author":{"name":"Reda\u00e7\u00e3o IEG","@id":"https:\/\/ieg.com.br\/blog\/#\/schema\/person\/4c2d72ddde770e48c4e179425ccc9dd5"},"headline":"Evento para l\u00edderes de CSCs do Brasil acontecer\u00e1 em setembro","datePublished":"2024-09-06T18:48:32+00:00","dateModified":"2024-09-06T18:48:34+00:00","mainEntityOfPage":{"@id":"https:\/\/ieg.com.br\/blog\/evento-para-lideres-de-cscs-do-brasil-acontecera-em-setembro\/"},"wordCount":502,"commentCount":0,"publisher":{"@id":"https:\/\/ieg.com.br\/blog\/#organization"},"image":{"@id":"https:\/\/ieg.com.br\/blog\/evento-para-lideres-de-cscs-do-brasil-acontecera-em-setembro\/#primaryimage"},"thumbnailUrl":"https:\/\/ieg.com.br\/blog\/wp-content\/uploads\/2024\/09\/Design-sem-nome.jpg","articleSection":["Servi\u00e7os Compartilhados"],"inLanguage":"pt-BR","potentialAction":[{"@type":"CommentAction","name":"Comment","target":["https:\/\/ieg.com.br\/blog\/evento-para-lideres-de-cscs-do-brasil-acontecera-em-setembro\/#respond"]}]},{"@type":"WebPage","@id":"https:\/\/ieg.com.br\/blog\/evento-para-lideres-de-cscs-do-brasil-acontecera-em-setembro\/","url":"https:\/\/ieg.com.br\/blog\/evento-para-lideres-de-cscs-do-brasil-acontecera-em-setembro\/","name":"SSLF 2024 reunir\u00e1 lideran\u00e7as do Mercado de CSCs","isPartOf":{"@id":"https:\/\/ieg.com.br\/blog\/#website"},"primaryImageOfPage":{"@id":"https:\/\/ieg.com.br\/blog\/evento-para-lideres-de-cscs-do-brasil-acontecera-em-setembro\/#primaryimage"},"image":{"@id":"https:\/\/ieg.com.br\/blog\/evento-para-lideres-de-cscs-do-brasil-acontecera-em-setembro\/#primaryimage"},"thumbnailUrl":"https:\/\/ieg.com.br\/blog\/wp-content\/uploads\/2024\/09\/Design-sem-nome.jpg","datePublished":"2024-09-06T18:48:32+00:00","dateModified":"2024-09-06T18:48:34+00:00","description":"O SSLF 2024 reunir\u00e1 lideran\u00e7as do Mercado de CSCs para uma reflex\u00e3o aprofundada sobre o cen\u00e1rio atual e os desafios do setor.\u00a0","breadcrumb":{"@id":"https:\/\/ieg.com.br\/blog\/evento-para-lideres-de-cscs-do-brasil-acontecera-em-setembro\/#breadcrumb"},"inLanguage":"pt-BR","potentialAction":[{"@type":"ReadAction","target":["https:\/\/ieg.com.br\/blog\/evento-para-lideres-de-cscs-do-brasil-acontecera-em-setembro\/"]}]},{"@type":"ImageObject","inLanguage":"pt-BR","@id":"https:\/\/ieg.com.br\/blog\/evento-para-lideres-de-cscs-do-brasil-acontecera-em-setembro\/#primaryimage","url":"https:\/\/ieg.com.br\/blog\/wp-content\/uploads\/2024\/09\/Design-sem-nome.jpg","contentUrl":"https:\/\/ieg.com.br\/blog\/wp-content\/uploads\/2024\/09\/Design-sem-nome.jpg","width":2560,"height":934},{"@type":"BreadcrumbList","@id":"https:\/\/ieg.com.br\/blog\/evento-para-lideres-de-cscs-do-brasil-acontecera-em-setembro\/#breadcrumb","itemListElement":[{"@type":"ListItem","position":1,"name":"In\u00edcio","item":"https:\/\/ieg.com.br\/blog\/"},{"@type":"ListItem","position":2,"name":"Evento para l\u00edderes de CSCs do Brasil acontecer\u00e1 em setembro"}]},{"@type":"WebSite","@id":"https:\/\/ieg.com.br\/blog\/#website","url":"https:\/\/ieg.com.br\/blog\/","name":"IEG Connection","description":"O IEG \u00e9 uma empresa que elabora solu\u00e7\u00f5es de ensino, pesquisa e consultoria em gest\u00e3o de forma integrada e complementar para voc\u00ea e para a sua organiza\u00e7\u00e3o.","publisher":{"@id":"https:\/\/ieg.com.br\/blog\/#organization"},"potentialAction":[{"@type":"SearchAction","target":{"@type":"EntryPoint","urlTemplate":"https:\/\/ieg.com.br\/blog\/?s={search_term_string}"},"query-input":{"@type":"PropertyValueSpecification","valueRequired":true,"valueName":"search_term_string"}}],"inLanguage":"pt-BR"},{"@type":"Organization","@id":"https:\/\/ieg.com.br\/blog\/#organization","name":"IEG","url":"https:\/\/ieg.com.br\/blog\/","logo":{"@type":"ImageObject","inLanguage":"pt-BR","@id":"https:\/\/ieg.com.br\/blog\/#\/schema\/logo\/image\/","url":"https:\/\/ieg.com.br\/blog\/wp-content\/uploads\/2021\/02\/ieg-blog-logo.png","contentUrl":"https:\/\/ieg.com.br\/blog\/wp-content\/uploads\/2021\/02\/ieg-blog-logo.png","width":310,"height":126,"caption":"IEG"},"image":{"@id":"https:\/\/ieg.com.br\/blog\/#\/schema\/logo\/image\/"},"sameAs":["https:\/\/www.facebook.com\/IEG.Brasil","https:\/\/www.instagram.com\/ieg.brasil\/","https:\/\/www.linkedin.com\/company\/ieg-instituto-de-engenharia-de-gestao\/","https:\/\/www.youtube.com\/channel\/UCFEkxPdX86l8xWwV73kxJyA"]},{"@type":"Person","@id":"https:\/\/ieg.com.br\/blog\/#\/schema\/person\/4c2d72ddde770e48c4e179425ccc9dd5","name":"Reda\u00e7\u00e3o IEG","image":{"@type":"ImageObject","inLanguage":"pt-BR","@id":"https:\/\/ieg.com.br\/blog\/wp-content\/uploads\/2023\/04\/logo-IEG-para-blog_Prancheta-1-96x96.png","url":"https:\/\/ieg.com.br\/blog\/wp-content\/uploads\/2023\/04\/logo-IEG-para-blog_Prancheta-1-96x96.png","contentUrl":"https:\/\/ieg.com.br\/blog\/wp-content\/uploads\/2023\/04\/logo-IEG-para-blog_Prancheta-1-96x96.png","caption":"Reda\u00e7\u00e3o IEG"},"description":"O IEG \u00e9 uma empresa que elabora solu\u00e7\u00f5es de ensino, pesquisa e consultoria em gest\u00e3o de forma integrada e complementar para voc\u00ea e para a sua organiza\u00e7\u00e3o.","sameAs":["https:\/\/ieg.com.br\/blog"],"url":"https:\/\/ieg.com.br\/blog\/author\/admin\/"}]}},"_links":{"self":[{"href":"https:\/\/ieg.com.br\/blog\/wp-json\/wp\/v2\/posts\/8252","targetHints":{"allow":["GET"]}}],"collection":[{"href":"https:\/\/ieg.com.br\/blog\/wp-json\/wp\/v2\/posts"}],"about":[{"href":"https:\/\/ieg.com.br\/blog\/wp-json\/wp\/v2\/types\/post"}],"author":[{"embeddable":true,"href":"https:\/\/ieg.com.br\/blog\/wp-json\/wp\/v2\/users\/1"}],"replies":[{"embeddable":true,"href":"https:\/\/ieg.com.br\/blog\/wp-json\/wp\/v2\/comments?post=8252"}],"version-history":[{"count":1,"href":"https:\/\/ieg.com.br\/blog\/wp-json\/wp\/v2\/posts\/8252\/revisions"}],"predecessor-version":[{"id":8254,"href":"https:\/\/ieg.com.br\/blog\/wp-json\/wp\/v2\/posts\/8252\/revisions\/8254"}],"wp:featuredmedia":[{"embeddable":true,"href":"https:\/\/ieg.com.br\/blog\/wp-json\/wp\/v2\/media\/8253"}],"wp:attachment":[{"href":"https:\/\/ieg.com.br\/blog\/wp-json\/wp\/v2\/media?parent=8252"}],"wp:term":[{"taxonomy":"category","embeddable":true,"href":"https:\/\/ieg.com.br\/blog\/wp-json\/wp\/v2\/categories?post=8252"},{"taxonomy":"post_tag","embeddable":true,"href":"https:\/\/ieg.com.br\/blog\/wp-json\/wp\/v2\/tags?post=8252"}],"curies":[{"name":"wp","href":"https:\/\/api.w.org\/{rel}","templated":true}]}}