{"id":7673,"date":"2023-05-29T16:06:47","date_gmt":"2023-05-29T19:06:47","guid":{"rendered":"https:\/\/ieg.com.br\/blog\/?p=7673"},"modified":"2023-05-29T16:06:48","modified_gmt":"2023-05-29T19:06:48","slug":"evento-reune-o-mercado-de-servicos-compartilhados-brasileiro","status":"publish","type":"post","link":"https:\/\/ieg.com.br\/blog\/evento-reune-o-mercado-de-servicos-compartilhados-brasileiro\/","title":{"rendered":"Evento re\u00fane o Mercado de Servi\u00e7os Compartilhados brasileiro"},"content":{"rendered":"\n<p>O Shared Services Knowledge Exchange \u00e9 um evento realizado pelo IEG h\u00e1 10 anos e que tem como foco o Mercado de Servi\u00e7os Compartilhados brasileiro.<\/p>\n\n\n\n<figure class=\"wp-block-image size-full\"><img fetchpriority=\"high\" decoding=\"async\" width=\"886\" height=\"590\" src=\"https:\/\/ieg.com.br\/blog\/wp-content\/uploads\/2023\/05\/image-1.png\" alt=\"\" class=\"wp-image-7675\" srcset=\"https:\/\/ieg.com.br\/blog\/wp-content\/uploads\/2023\/05\/image-1.png 886w, https:\/\/ieg.com.br\/blog\/wp-content\/uploads\/2023\/05\/image-1-300x200.png 300w, https:\/\/ieg.com.br\/blog\/wp-content\/uploads\/2023\/05\/image-1-768x511.png 768w\" sizes=\"(max-width: 886px) 100vw, 886px\" \/><figcaption class=\"wp-element-caption\">Fotos IEG &#8211; 10th SSKE<\/figcaption><\/figure>\n\n\n\n<p>Este ano, o evento aconteceu no dia 23 de maio, no espa\u00e7o Millenium, em S\u00e3o Paulo, reunindo em torno de 150 executivos, de cerca de 50 empresas do Mercado de <a href=\"https:\/\/ieg.com.br\/blog\/category\/servicos-compartilhados\/\" target=\"_blank\" rel=\"noreferrer noopener\">Servi\u00e7os Compartilhados<\/a> brasileiro, que estiveram presentes para viver uma imers\u00e3o de 9 horas em muito conte\u00fado e aprendizado.<\/p>\n\n\n\n<p>\u201cO futuro \u00e9 agora: voc\u00ea est\u00e1 pronto para um mundo cada vez mais tecnol\u00f3gico e humano?\u201d esse foi o tema da palestra de abertura apresentada por Cl\u00e1udio Azev\u00eado, Fundador da Strides EdTech, que promoveu grandes reflex\u00f5es aos participantes do evento.<\/p>\n\n\n\n<p>A 10\u00aa edi\u00e7\u00e3o do SSKE contou com cerca de 20 palestrantes apresentando Cases e participando de Mesas em dois espa\u00e7os simult\u00e2neos de sess\u00f5es &#8211; espa\u00e7o Knowledge e Solutions &#8211; para refletir sobre o tema central do evento, \u201cMudan\u00e7as aceleradas exigem processos inteligentes, dados estruturados e talentos preparados. <strong>Seu CSC est\u00e1 pronto?<\/strong>\u201d.<\/p>\n\n\n\n<figure class=\"wp-block-image size-full\"><img decoding=\"async\" width=\"544\" height=\"362\" src=\"https:\/\/ieg.com.br\/blog\/wp-content\/uploads\/2023\/05\/image-2.png\" alt=\"\" class=\"wp-image-7676\" srcset=\"https:\/\/ieg.com.br\/blog\/wp-content\/uploads\/2023\/05\/image-2.png 544w, https:\/\/ieg.com.br\/blog\/wp-content\/uploads\/2023\/05\/image-2-300x200.png 300w\" sizes=\"(max-width: 544px) 100vw, 544px\" \/><figcaption class=\"wp-element-caption\">Fotos IEG &#8211; 10th SSKE<\/figcaption><\/figure>\n\n\n\n<p>O Shared Services Knowledge Exchange \u00e9 considerado o maior evento de intera\u00e7\u00e3o e discuss\u00e3o sobre servi\u00e7os compartilhados do Brasil para l\u00edderes, diretores e alta e m\u00e9dia ger\u00eancia de CSC com o objetivo de discutir sobre as melhores desse mercado.<\/p>\n\n\n\n<p>Nesta edi\u00e7\u00e3o, aconteceram apresenta\u00e7\u00f5es, uma riqu\u00edssima mesa de discuss\u00e3o, cases, vip meetings e uma din\u00e2mica promovida pelo IEG que refletiu de forma conjunta sobre os pr\u00f3ximos passos para preparar o CSC para os obst\u00e1culos atuais e que est\u00e3o por vir.<\/p>\n\n\n\n<p>O dia foi repleto de conversas importantes e muito networking, com um espa\u00e7o pensado especialmente para o favorecimento da troca entre os participantes do evento. O hall de estandes \u00e9 um ambiente que conta com a presen\u00e7a de cada parceiro do evento, e que no 10th SSKE contou com a ServiceNow, V360, Pipefy, Requestia e Capgemini.<\/p>\n\n\n\n<p>Durante o Welcome Coffee e Coffee Breaks (intervalos) do evento, os participantes tinham acesso \u00e0s solu\u00e7\u00f5es das empresas parceiras, podiam fazer muito networking e tinham a oportunidade de conhecer um pouco mais dos trabalhos realizados pelo IEG, como a Pesquisa de Benchmark em CSC, Pesquisa Perfil de Profissionais de CSC, Pesquisa de Satisfa\u00e7\u00e3o, Manual de Boas Pr\u00e1ticas em CSC, a novidade chatbot na MIA \u2013 Market Intelligence Application e o saber mais sobre o novo produto do IEG, lan\u00e7ado recentemente, o Impulse Solution, uma plataforma de treinamento em CSC.<\/p>\n\n\n\n<p>Para fechar o evento com tudo, ap\u00f3s um dia intenso de muitas apresenta\u00e7\u00f5es e troca de experi\u00eancias, Marina Elias, Especialista em Educa\u00e7\u00e3o Socioemocional falou sobre \u201cDo que adianta entendermos de Processos e Tecnologia se n\u00e3o olharmos para as Pessoas?\u201d, gerando importantes reflex\u00f5es na audi\u00eancia, principalmente nos dias de hoje.<\/p>\n\n\n\n<figure class=\"wp-block-image size-full\"><img decoding=\"async\" width=\"886\" height=\"590\" src=\"https:\/\/ieg.com.br\/blog\/wp-content\/uploads\/2023\/05\/image-3.png\" alt=\"\" class=\"wp-image-7677\" srcset=\"https:\/\/ieg.com.br\/blog\/wp-content\/uploads\/2023\/05\/image-3.png 886w, https:\/\/ieg.com.br\/blog\/wp-content\/uploads\/2023\/05\/image-3-300x200.png 300w, https:\/\/ieg.com.br\/blog\/wp-content\/uploads\/2023\/05\/image-3-768x511.png 768w\" sizes=\"(max-width: 886px) 100vw, 886px\" \/><figcaption class=\"wp-element-caption\">Fotos IEG &#8211; 10th SSKE<\/figcaption><\/figure>\n\n\n\n<p>O evento foi especial e marcou a retomada do SSKE presencial reunindo o Mercado de Servi\u00e7os Compartilhados brasileiro. O evento foi muito rico para os participantes que puderam comparecer e refletir mais e em conjunto sobre o cen\u00e1rio atual e rumos do Mercado de Servi\u00e7os Compartilhados.<\/p>\n\n\n\n<p>Mas n\u00e3o termina por a\u00ed, pois o IEG j\u00e1 est\u00e1 a todo vapor preparando o pr\u00f3ximo evento do ano, o Shared Services Meeting 2023 que ser\u00e1 realizado no formato online e ao vivo, em plataforma customizada especialmente preparada para o evento.<\/p>\n\n\n\n<p>&#8211; Voc\u00ea j\u00e1 pode anotar na sua agenda: ser\u00e1 dia 18 de julho no formato online e ao vivo.<\/p>\n\n\n\n<p>Mais informa\u00e7\u00f5es: <a href=\"mailto:eventos@ieg.com.br\">eventos@ieg.com.br<\/a>. At\u00e9 l\u00e1!<\/p>\n","protected":false},"excerpt":{"rendered":"<p>O Shared Services Knowledge Exchange \u00e9 um evento realizado pelo IEG h\u00e1 10 anos e que tem como foco o Mercado de Servi\u00e7os Compartilhados brasileiro. Este ano, o evento aconteceu no dia 23 de maio, no espa\u00e7o Millenium, em S\u00e3o Paulo, reunindo em torno de 150 executivos, de cerca de 50 empresas do Mercado de [&hellip;]<\/p>\n","protected":false},"author":1,"featured_media":7678,"comment_status":"open","ping_status":"open","sticky":false,"template":"","format":"standard","meta":{"_acf_changed":false,"footnotes":""},"categories":[1],"tags":[99,148,157],"class_list":["post-7673","post","type-post","status-publish","format-standard","has-post-thumbnail","hentry","category-servicos-compartilhados","tag-csc","tag-servicos-compartilhados","tag-eventos-ieg"],"acf":[],"yoast_head":"<!-- This site is optimized with the Yoast SEO plugin v27.4 - https:\/\/yoast.com\/product\/yoast-seo-wordpress\/ -->\n<title>IEG Connection | Evento re\u00fane o Mercado de Servi\u00e7os Compartilhados brasileiro<\/title>\n<meta name=\"description\" content=\"Evento re\u00fane o Mercado de Servi\u00e7os Compartilhados brasileiro em S\u00e3o Paulo para um dia inteiro de muita troca e discuss\u00e3o.\" \/>\n<meta name=\"robots\" content=\"index, follow, max-snippet:-1, max-image-preview:large, max-video-preview:-1\" \/>\n<link rel=\"canonical\" href=\"https:\/\/ieg.com.br\/blog\/evento-reune-o-mercado-de-servicos-compartilhados-brasileiro\/\" \/>\n<meta property=\"og:locale\" content=\"pt_BR\" \/>\n<meta property=\"og:type\" content=\"article\" \/>\n<meta property=\"og:title\" content=\"IEG Connection | Evento re\u00fane o Mercado de Servi\u00e7os Compartilhados brasileiro\" \/>\n<meta property=\"og:description\" content=\"Evento re\u00fane o Mercado de Servi\u00e7os Compartilhados brasileiro em S\u00e3o Paulo para um dia inteiro de muita troca e discuss\u00e3o.\" \/>\n<meta property=\"og:url\" content=\"https:\/\/ieg.com.br\/blog\/evento-reune-o-mercado-de-servicos-compartilhados-brasileiro\/\" \/>\n<meta property=\"og:site_name\" content=\"IEG Connection\" \/>\n<meta property=\"article:publisher\" content=\"https:\/\/www.facebook.com\/IEG.Brasil\" \/>\n<meta property=\"article:published_time\" content=\"2023-05-29T19:06:47+00:00\" \/>\n<meta property=\"article:modified_time\" content=\"2023-05-29T19:06:48+00:00\" \/>\n<meta property=\"og:image\" content=\"https:\/\/ieg.com.br\/blog\/wp-content\/uploads\/2023\/05\/blog-SSKE.png\" \/>\n\t<meta property=\"og:image:width\" content=\"1362\" \/>\n\t<meta property=\"og:image:height\" content=\"780\" \/>\n\t<meta property=\"og:image:type\" content=\"image\/png\" \/>\n<meta name=\"author\" content=\"Reda\u00e7\u00e3o IEG\" \/>\n<meta name=\"twitter:card\" content=\"summary_large_image\" \/>\n<meta name=\"twitter:label1\" content=\"Escrito por\" \/>\n\t<meta name=\"twitter:data1\" content=\"Reda\u00e7\u00e3o IEG\" \/>\n\t<meta name=\"twitter:label2\" content=\"Est. tempo de leitura\" \/>\n\t<meta name=\"twitter:data2\" content=\"4 minutos\" \/>\n<script type=\"application\/ld+json\" class=\"yoast-schema-graph\">{\"@context\":\"https:\\\/\\\/schema.org\",\"@graph\":[{\"@type\":\"Article\",\"@id\":\"https:\\\/\\\/ieg.com.br\\\/blog\\\/evento-reune-o-mercado-de-servicos-compartilhados-brasileiro\\\/#article\",\"isPartOf\":{\"@id\":\"https:\\\/\\\/ieg.com.br\\\/blog\\\/evento-reune-o-mercado-de-servicos-compartilhados-brasileiro\\\/\"},\"author\":{\"name\":\"Reda\u00e7\u00e3o IEG\",\"@id\":\"https:\\\/\\\/ieg.com.br\\\/blog\\\/#\\\/schema\\\/person\\\/4c2d72ddde770e48c4e179425ccc9dd5\"},\"headline\":\"Evento re\u00fane o Mercado de Servi\u00e7os Compartilhados brasileiro\",\"datePublished\":\"2023-05-29T19:06:47+00:00\",\"dateModified\":\"2023-05-29T19:06:48+00:00\",\"mainEntityOfPage\":{\"@id\":\"https:\\\/\\\/ieg.com.br\\\/blog\\\/evento-reune-o-mercado-de-servicos-compartilhados-brasileiro\\\/\"},\"wordCount\":611,\"commentCount\":0,\"publisher\":{\"@id\":\"https:\\\/\\\/ieg.com.br\\\/blog\\\/#organization\"},\"image\":{\"@id\":\"https:\\\/\\\/ieg.com.br\\\/blog\\\/evento-reune-o-mercado-de-servicos-compartilhados-brasileiro\\\/#primaryimage\"},\"thumbnailUrl\":\"https:\\\/\\\/ieg.com.br\\\/blog\\\/wp-content\\\/uploads\\\/2023\\\/05\\\/blog-SSKE.png\",\"keywords\":[\"csc\",\"servi\u00e7os compartilhados\",\"Eventos IEG\"],\"articleSection\":[\"Servi\u00e7os Compartilhados\"],\"inLanguage\":\"pt-BR\",\"potentialAction\":[{\"@type\":\"CommentAction\",\"name\":\"Comment\",\"target\":[\"https:\\\/\\\/ieg.com.br\\\/blog\\\/evento-reune-o-mercado-de-servicos-compartilhados-brasileiro\\\/#respond\"]}]},{\"@type\":\"WebPage\",\"@id\":\"https:\\\/\\\/ieg.com.br\\\/blog\\\/evento-reune-o-mercado-de-servicos-compartilhados-brasileiro\\\/\",\"url\":\"https:\\\/\\\/ieg.com.br\\\/blog\\\/evento-reune-o-mercado-de-servicos-compartilhados-brasileiro\\\/\",\"name\":\"IEG Connection | Evento re\u00fane o Mercado de Servi\u00e7os Compartilhados brasileiro\",\"isPartOf\":{\"@id\":\"https:\\\/\\\/ieg.com.br\\\/blog\\\/#website\"},\"primaryImageOfPage\":{\"@id\":\"https:\\\/\\\/ieg.com.br\\\/blog\\\/evento-reune-o-mercado-de-servicos-compartilhados-brasileiro\\\/#primaryimage\"},\"image\":{\"@id\":\"https:\\\/\\\/ieg.com.br\\\/blog\\\/evento-reune-o-mercado-de-servicos-compartilhados-brasileiro\\\/#primaryimage\"},\"thumbnailUrl\":\"https:\\\/\\\/ieg.com.br\\\/blog\\\/wp-content\\\/uploads\\\/2023\\\/05\\\/blog-SSKE.png\",\"datePublished\":\"2023-05-29T19:06:47+00:00\",\"dateModified\":\"2023-05-29T19:06:48+00:00\",\"description\":\"Evento re\u00fane o Mercado de Servi\u00e7os Compartilhados brasileiro em S\u00e3o Paulo para um dia inteiro de muita troca e discuss\u00e3o.\",\"breadcrumb\":{\"@id\":\"https:\\\/\\\/ieg.com.br\\\/blog\\\/evento-reune-o-mercado-de-servicos-compartilhados-brasileiro\\\/#breadcrumb\"},\"inLanguage\":\"pt-BR\",\"potentialAction\":[{\"@type\":\"ReadAction\",\"target\":[\"https:\\\/\\\/ieg.com.br\\\/blog\\\/evento-reune-o-mercado-de-servicos-compartilhados-brasileiro\\\/\"]}]},{\"@type\":\"ImageObject\",\"inLanguage\":\"pt-BR\",\"@id\":\"https:\\\/\\\/ieg.com.br\\\/blog\\\/evento-reune-o-mercado-de-servicos-compartilhados-brasileiro\\\/#primaryimage\",\"url\":\"https:\\\/\\\/ieg.com.br\\\/blog\\\/wp-content\\\/uploads\\\/2023\\\/05\\\/blog-SSKE.png\",\"contentUrl\":\"https:\\\/\\\/ieg.com.br\\\/blog\\\/wp-content\\\/uploads\\\/2023\\\/05\\\/blog-SSKE.png\",\"width\":1362,\"height\":780},{\"@type\":\"BreadcrumbList\",\"@id\":\"https:\\\/\\\/ieg.com.br\\\/blog\\\/evento-reune-o-mercado-de-servicos-compartilhados-brasileiro\\\/#breadcrumb\",\"itemListElement\":[{\"@type\":\"ListItem\",\"position\":1,\"name\":\"In\u00edcio\",\"item\":\"https:\\\/\\\/ieg.com.br\\\/blog\\\/\"},{\"@type\":\"ListItem\",\"position\":2,\"name\":\"Evento re\u00fane o Mercado de Servi\u00e7os Compartilhados brasileiro\"}]},{\"@type\":\"WebSite\",\"@id\":\"https:\\\/\\\/ieg.com.br\\\/blog\\\/#website\",\"url\":\"https:\\\/\\\/ieg.com.br\\\/blog\\\/\",\"name\":\"IEG Connection\",\"description\":\"O IEG \u00e9 uma empresa que elabora solu\u00e7\u00f5es de ensino, pesquisa e consultoria em gest\u00e3o de forma integrada e complementar para voc\u00ea e para a sua organiza\u00e7\u00e3o.\",\"publisher\":{\"@id\":\"https:\\\/\\\/ieg.com.br\\\/blog\\\/#organization\"},\"potentialAction\":[{\"@type\":\"SearchAction\",\"target\":{\"@type\":\"EntryPoint\",\"urlTemplate\":\"https:\\\/\\\/ieg.com.br\\\/blog\\\/?s={search_term_string}\"},\"query-input\":{\"@type\":\"PropertyValueSpecification\",\"valueRequired\":true,\"valueName\":\"search_term_string\"}}],\"inLanguage\":\"pt-BR\"},{\"@type\":\"Organization\",\"@id\":\"https:\\\/\\\/ieg.com.br\\\/blog\\\/#organization\",\"name\":\"IEG\",\"url\":\"https:\\\/\\\/ieg.com.br\\\/blog\\\/\",\"logo\":{\"@type\":\"ImageObject\",\"inLanguage\":\"pt-BR\",\"@id\":\"https:\\\/\\\/ieg.com.br\\\/blog\\\/#\\\/schema\\\/logo\\\/image\\\/\",\"url\":\"https:\\\/\\\/ieg.com.br\\\/blog\\\/wp-content\\\/uploads\\\/2021\\\/02\\\/ieg-blog-logo.png\",\"contentUrl\":\"https:\\\/\\\/ieg.com.br\\\/blog\\\/wp-content\\\/uploads\\\/2021\\\/02\\\/ieg-blog-logo.png\",\"width\":310,\"height\":126,\"caption\":\"IEG\"},\"image\":{\"@id\":\"https:\\\/\\\/ieg.com.br\\\/blog\\\/#\\\/schema\\\/logo\\\/image\\\/\"},\"sameAs\":[\"https:\\\/\\\/www.facebook.com\\\/IEG.Brasil\",\"https:\\\/\\\/www.instagram.com\\\/ieg.brasil\\\/\",\"https:\\\/\\\/www.linkedin.com\\\/company\\\/ieg-instituto-de-engenharia-de-gestao\\\/\",\"https:\\\/\\\/www.youtube.com\\\/channel\\\/UCFEkxPdX86l8xWwV73kxJyA\"]},{\"@type\":\"Person\",\"@id\":\"https:\\\/\\\/ieg.com.br\\\/blog\\\/#\\\/schema\\\/person\\\/4c2d72ddde770e48c4e179425ccc9dd5\",\"name\":\"Reda\u00e7\u00e3o IEG\",\"image\":{\"@type\":\"ImageObject\",\"inLanguage\":\"pt-BR\",\"@id\":\"https:\\\/\\\/ieg.com.br\\\/blog\\\/wp-content\\\/uploads\\\/2023\\\/04\\\/logo-IEG-para-blog_Prancheta-1-96x96.png\",\"url\":\"https:\\\/\\\/ieg.com.br\\\/blog\\\/wp-content\\\/uploads\\\/2023\\\/04\\\/logo-IEG-para-blog_Prancheta-1-96x96.png\",\"contentUrl\":\"https:\\\/\\\/ieg.com.br\\\/blog\\\/wp-content\\\/uploads\\\/2023\\\/04\\\/logo-IEG-para-blog_Prancheta-1-96x96.png\",\"caption\":\"Reda\u00e7\u00e3o IEG\"},\"description\":\"O IEG \u00e9 uma empresa que elabora solu\u00e7\u00f5es de ensino, pesquisa e consultoria em gest\u00e3o de forma integrada e complementar para voc\u00ea e para a sua organiza\u00e7\u00e3o.\",\"sameAs\":[\"https:\\\/\\\/ieg.com.br\\\/blog\"],\"url\":\"https:\\\/\\\/ieg.com.br\\\/blog\\\/author\\\/admin\\\/\"}]}<\/script>\n<!-- \/ Yoast SEO plugin. -->","yoast_head_json":{"title":"IEG Connection | Evento re\u00fane o Mercado de Servi\u00e7os Compartilhados brasileiro","description":"Evento re\u00fane o Mercado de Servi\u00e7os Compartilhados brasileiro em S\u00e3o Paulo para um dia inteiro de muita troca e discuss\u00e3o.","robots":{"index":"index","follow":"follow","max-snippet":"max-snippet:-1","max-image-preview":"max-image-preview:large","max-video-preview":"max-video-preview:-1"},"canonical":"https:\/\/ieg.com.br\/blog\/evento-reune-o-mercado-de-servicos-compartilhados-brasileiro\/","og_locale":"pt_BR","og_type":"article","og_title":"IEG Connection | Evento re\u00fane o Mercado de Servi\u00e7os Compartilhados brasileiro","og_description":"Evento re\u00fane o Mercado de Servi\u00e7os Compartilhados brasileiro em S\u00e3o Paulo para um dia inteiro de muita troca e discuss\u00e3o.","og_url":"https:\/\/ieg.com.br\/blog\/evento-reune-o-mercado-de-servicos-compartilhados-brasileiro\/","og_site_name":"IEG Connection","article_publisher":"https:\/\/www.facebook.com\/IEG.Brasil","article_published_time":"2023-05-29T19:06:47+00:00","article_modified_time":"2023-05-29T19:06:48+00:00","og_image":[{"width":1362,"height":780,"url":"https:\/\/ieg.com.br\/blog\/wp-content\/uploads\/2023\/05\/blog-SSKE.png","type":"image\/png"}],"author":"Reda\u00e7\u00e3o IEG","twitter_card":"summary_large_image","twitter_misc":{"Escrito por":"Reda\u00e7\u00e3o IEG","Est. tempo de leitura":"4 minutos"},"schema":{"@context":"https:\/\/schema.org","@graph":[{"@type":"Article","@id":"https:\/\/ieg.com.br\/blog\/evento-reune-o-mercado-de-servicos-compartilhados-brasileiro\/#article","isPartOf":{"@id":"https:\/\/ieg.com.br\/blog\/evento-reune-o-mercado-de-servicos-compartilhados-brasileiro\/"},"author":{"name":"Reda\u00e7\u00e3o IEG","@id":"https:\/\/ieg.com.br\/blog\/#\/schema\/person\/4c2d72ddde770e48c4e179425ccc9dd5"},"headline":"Evento re\u00fane o Mercado de Servi\u00e7os Compartilhados brasileiro","datePublished":"2023-05-29T19:06:47+00:00","dateModified":"2023-05-29T19:06:48+00:00","mainEntityOfPage":{"@id":"https:\/\/ieg.com.br\/blog\/evento-reune-o-mercado-de-servicos-compartilhados-brasileiro\/"},"wordCount":611,"commentCount":0,"publisher":{"@id":"https:\/\/ieg.com.br\/blog\/#organization"},"image":{"@id":"https:\/\/ieg.com.br\/blog\/evento-reune-o-mercado-de-servicos-compartilhados-brasileiro\/#primaryimage"},"thumbnailUrl":"https:\/\/ieg.com.br\/blog\/wp-content\/uploads\/2023\/05\/blog-SSKE.png","keywords":["csc","servi\u00e7os compartilhados","Eventos IEG"],"articleSection":["Servi\u00e7os Compartilhados"],"inLanguage":"pt-BR","potentialAction":[{"@type":"CommentAction","name":"Comment","target":["https:\/\/ieg.com.br\/blog\/evento-reune-o-mercado-de-servicos-compartilhados-brasileiro\/#respond"]}]},{"@type":"WebPage","@id":"https:\/\/ieg.com.br\/blog\/evento-reune-o-mercado-de-servicos-compartilhados-brasileiro\/","url":"https:\/\/ieg.com.br\/blog\/evento-reune-o-mercado-de-servicos-compartilhados-brasileiro\/","name":"IEG Connection | Evento re\u00fane o Mercado de Servi\u00e7os Compartilhados brasileiro","isPartOf":{"@id":"https:\/\/ieg.com.br\/blog\/#website"},"primaryImageOfPage":{"@id":"https:\/\/ieg.com.br\/blog\/evento-reune-o-mercado-de-servicos-compartilhados-brasileiro\/#primaryimage"},"image":{"@id":"https:\/\/ieg.com.br\/blog\/evento-reune-o-mercado-de-servicos-compartilhados-brasileiro\/#primaryimage"},"thumbnailUrl":"https:\/\/ieg.com.br\/blog\/wp-content\/uploads\/2023\/05\/blog-SSKE.png","datePublished":"2023-05-29T19:06:47+00:00","dateModified":"2023-05-29T19:06:48+00:00","description":"Evento re\u00fane o Mercado de Servi\u00e7os Compartilhados brasileiro em S\u00e3o Paulo para um dia inteiro de muita troca e discuss\u00e3o.","breadcrumb":{"@id":"https:\/\/ieg.com.br\/blog\/evento-reune-o-mercado-de-servicos-compartilhados-brasileiro\/#breadcrumb"},"inLanguage":"pt-BR","potentialAction":[{"@type":"ReadAction","target":["https:\/\/ieg.com.br\/blog\/evento-reune-o-mercado-de-servicos-compartilhados-brasileiro\/"]}]},{"@type":"ImageObject","inLanguage":"pt-BR","@id":"https:\/\/ieg.com.br\/blog\/evento-reune-o-mercado-de-servicos-compartilhados-brasileiro\/#primaryimage","url":"https:\/\/ieg.com.br\/blog\/wp-content\/uploads\/2023\/05\/blog-SSKE.png","contentUrl":"https:\/\/ieg.com.br\/blog\/wp-content\/uploads\/2023\/05\/blog-SSKE.png","width":1362,"height":780},{"@type":"BreadcrumbList","@id":"https:\/\/ieg.com.br\/blog\/evento-reune-o-mercado-de-servicos-compartilhados-brasileiro\/#breadcrumb","itemListElement":[{"@type":"ListItem","position":1,"name":"In\u00edcio","item":"https:\/\/ieg.com.br\/blog\/"},{"@type":"ListItem","position":2,"name":"Evento re\u00fane o Mercado de Servi\u00e7os Compartilhados brasileiro"}]},{"@type":"WebSite","@id":"https:\/\/ieg.com.br\/blog\/#website","url":"https:\/\/ieg.com.br\/blog\/","name":"IEG Connection","description":"O IEG \u00e9 uma empresa que elabora solu\u00e7\u00f5es de ensino, pesquisa e consultoria em gest\u00e3o de forma integrada e complementar para voc\u00ea e para a sua organiza\u00e7\u00e3o.","publisher":{"@id":"https:\/\/ieg.com.br\/blog\/#organization"},"potentialAction":[{"@type":"SearchAction","target":{"@type":"EntryPoint","urlTemplate":"https:\/\/ieg.com.br\/blog\/?s={search_term_string}"},"query-input":{"@type":"PropertyValueSpecification","valueRequired":true,"valueName":"search_term_string"}}],"inLanguage":"pt-BR"},{"@type":"Organization","@id":"https:\/\/ieg.com.br\/blog\/#organization","name":"IEG","url":"https:\/\/ieg.com.br\/blog\/","logo":{"@type":"ImageObject","inLanguage":"pt-BR","@id":"https:\/\/ieg.com.br\/blog\/#\/schema\/logo\/image\/","url":"https:\/\/ieg.com.br\/blog\/wp-content\/uploads\/2021\/02\/ieg-blog-logo.png","contentUrl":"https:\/\/ieg.com.br\/blog\/wp-content\/uploads\/2021\/02\/ieg-blog-logo.png","width":310,"height":126,"caption":"IEG"},"image":{"@id":"https:\/\/ieg.com.br\/blog\/#\/schema\/logo\/image\/"},"sameAs":["https:\/\/www.facebook.com\/IEG.Brasil","https:\/\/www.instagram.com\/ieg.brasil\/","https:\/\/www.linkedin.com\/company\/ieg-instituto-de-engenharia-de-gestao\/","https:\/\/www.youtube.com\/channel\/UCFEkxPdX86l8xWwV73kxJyA"]},{"@type":"Person","@id":"https:\/\/ieg.com.br\/blog\/#\/schema\/person\/4c2d72ddde770e48c4e179425ccc9dd5","name":"Reda\u00e7\u00e3o IEG","image":{"@type":"ImageObject","inLanguage":"pt-BR","@id":"https:\/\/ieg.com.br\/blog\/wp-content\/uploads\/2023\/04\/logo-IEG-para-blog_Prancheta-1-96x96.png","url":"https:\/\/ieg.com.br\/blog\/wp-content\/uploads\/2023\/04\/logo-IEG-para-blog_Prancheta-1-96x96.png","contentUrl":"https:\/\/ieg.com.br\/blog\/wp-content\/uploads\/2023\/04\/logo-IEG-para-blog_Prancheta-1-96x96.png","caption":"Reda\u00e7\u00e3o IEG"},"description":"O IEG \u00e9 uma empresa que elabora solu\u00e7\u00f5es de ensino, pesquisa e consultoria em gest\u00e3o de forma integrada e complementar para voc\u00ea e para a sua organiza\u00e7\u00e3o.","sameAs":["https:\/\/ieg.com.br\/blog"],"url":"https:\/\/ieg.com.br\/blog\/author\/admin\/"}]}},"_links":{"self":[{"href":"https:\/\/ieg.com.br\/blog\/wp-json\/wp\/v2\/posts\/7673","targetHints":{"allow":["GET"]}}],"collection":[{"href":"https:\/\/ieg.com.br\/blog\/wp-json\/wp\/v2\/posts"}],"about":[{"href":"https:\/\/ieg.com.br\/blog\/wp-json\/wp\/v2\/types\/post"}],"author":[{"embeddable":true,"href":"https:\/\/ieg.com.br\/blog\/wp-json\/wp\/v2\/users\/1"}],"replies":[{"embeddable":true,"href":"https:\/\/ieg.com.br\/blog\/wp-json\/wp\/v2\/comments?post=7673"}],"version-history":[{"count":1,"href":"https:\/\/ieg.com.br\/blog\/wp-json\/wp\/v2\/posts\/7673\/revisions"}],"predecessor-version":[{"id":7679,"href":"https:\/\/ieg.com.br\/blog\/wp-json\/wp\/v2\/posts\/7673\/revisions\/7679"}],"wp:featuredmedia":[{"embeddable":true,"href":"https:\/\/ieg.com.br\/blog\/wp-json\/wp\/v2\/media\/7678"}],"wp:attachment":[{"href":"https:\/\/ieg.com.br\/blog\/wp-json\/wp\/v2\/media?parent=7673"}],"wp:term":[{"taxonomy":"category","embeddable":true,"href":"https:\/\/ieg.com.br\/blog\/wp-json\/wp\/v2\/categories?post=7673"},{"taxonomy":"post_tag","embeddable":true,"href":"https:\/\/ieg.com.br\/blog\/wp-json\/wp\/v2\/tags?post=7673"}],"curies":[{"name":"wp","href":"https:\/\/api.w.org\/{rel}","templated":true}]}}