{"id":7468,"date":"2022-12-07T10:12:19","date_gmt":"2022-12-07T13:12:19","guid":{"rendered":"https:\/\/ieg.com.br\/blog\/?p=7468"},"modified":"2022-12-07T11:03:48","modified_gmt":"2022-12-07T14:03:48","slug":"tec-2022-fecha-com-chave-de-ouro-o-ciclo-de-eventos-do-ano-no-ieg","status":"publish","type":"post","link":"https:\/\/ieg.com.br\/blog\/tec-2022-fecha-com-chave-de-ouro-o-ciclo-de-eventos-do-ano-no-ieg\/","title":{"rendered":"TEC 2022 fecha com chave de ouro o ciclo de eventos do ano no IEG"},"content":{"rendered":"\n<p>O TEC 2022 ou Technology Evolution Conference 2022, evento de tecnologia e inova\u00e7\u00e3o para neg\u00f3cios promovido pelo IEG, aconteceu no \u00faltimo dia 22 de novembro, no formato online e ao vivo. O evento teve dura\u00e7\u00e3o de 9 horas, com intervalos para que os participantes pudessem realizar networking e assistirem apresenta\u00e7\u00f5es nos estandes dos parceiros, al\u00e9m de dois momentos para realiza\u00e7\u00e3o de workshops.<\/p>\n\n\n\n<p>Ao longo do dia, os participantes puderam escolher entre assistir palestras, mesas de discuss\u00e3o no Audit\u00f3rio do evento, ou visitar o Pavilh\u00e3o de Estandes onde estavam sendo apresentadas as solu\u00e7\u00f5es de cada parceiro e realizados os workshops.<\/p>\n\n\n\n<figure class=\"wp-block-image size-large is-resized\"><img fetchpriority=\"high\" decoding=\"async\" src=\"https:\/\/ieg.com.br\/blog\/wp-content\/uploads\/2022\/12\/vYKm0ZPI-1024x564.png\" alt=\"\" class=\"wp-image-7481\" width=\"710\" height=\"391\" srcset=\"https:\/\/ieg.com.br\/blog\/wp-content\/uploads\/2022\/12\/vYKm0ZPI-1024x564.png 1024w, https:\/\/ieg.com.br\/blog\/wp-content\/uploads\/2022\/12\/vYKm0ZPI-300x165.png 300w, https:\/\/ieg.com.br\/blog\/wp-content\/uploads\/2022\/12\/vYKm0ZPI-768x423.png 768w, https:\/\/ieg.com.br\/blog\/wp-content\/uploads\/2022\/12\/vYKm0ZPI.png 1132w\" sizes=\"(max-width: 710px) 100vw, 710px\" \/><figcaption>Fonte: TEC 2022 &#8211; IEG<\/figcaption><\/figure>\n\n\n\n<p>Todo o ambiente virtual da plataforma foi pensado e preparado para que o evento garantisse interatividade entre os participantes e uma grande imers\u00e3o em tecnologia e inova\u00e7\u00e3o, com Network, Audit\u00f3rio Virtual e o Pavilh\u00e3o de Estandes.<\/p>\n\n\n\n<figure class=\"wp-block-image size-large is-resized\"><img decoding=\"async\" src=\"https:\/\/ieg.com.br\/blog\/wp-content\/uploads\/2022\/12\/NOVO-Hall-TEC-2022_v2-1024x576.png\" alt=\"\" class=\"wp-image-7480\" width=\"706\" height=\"397\" srcset=\"https:\/\/ieg.com.br\/blog\/wp-content\/uploads\/2022\/12\/NOVO-Hall-TEC-2022_v2-1024x576.png 1024w, https:\/\/ieg.com.br\/blog\/wp-content\/uploads\/2022\/12\/NOVO-Hall-TEC-2022_v2-300x169.png 300w, https:\/\/ieg.com.br\/blog\/wp-content\/uploads\/2022\/12\/NOVO-Hall-TEC-2022_v2-768x432.png 768w, https:\/\/ieg.com.br\/blog\/wp-content\/uploads\/2022\/12\/NOVO-Hall-TEC-2022_v2-1536x864.png 1536w, https:\/\/ieg.com.br\/blog\/wp-content\/uploads\/2022\/12\/NOVO-Hall-TEC-2022_v2.png 1600w\" sizes=\"(max-width: 706px) 100vw, 706px\" \/><figcaption>Fonte: TEC 2022 &#8211; IEG<\/figcaption><\/figure>\n\n\n\n<p>Nesta edi\u00e7\u00e3o, o <a href=\"https:\/\/ieg.com.br\/blog\/tec-2022-aborda-tecnologia-e-inovacao-sob-um-olhar-de-negocios-dia-22-de-novembro\/\" target=\"_blank\" rel=\"noreferrer noopener\">Technology Evolution Conference<\/a> teve cerca de 60 empresas de todo o pa\u00eds conectadas, trocando muita experi\u00eancia e aprendizados acerca do tema central: &#8220;O que esperar da pr\u00f3xima era tecnol\u00f3gica de experi\u00eancias transformadoras para a nova gera\u00e7\u00e3o?&#8221;.<\/p>\n\n\n\n<p>Para a palestra de abertura, o evento recebeu Roman Romancini, CEO Mobicare e Akross e montanhista, sendo o 18\u00b0 brasileiro a escalar o Everest. Roman trocou com o p\u00fablico sobre a \u201cEscalada da inova\u00e7\u00e3o al\u00e9m das barreiras\u201d. Outros temas foram abordados no evento durante o dia todo como, &#8220;A pr\u00f3xima era tecnol\u00f3gica ser\u00e1 do Metaverso?&#8221;, \u201cOs desafios de identificar, desenvolver e reter novos Talentos de Inova\u00e7\u00e3o e Tecnologia\u201d e muito mais que voc\u00ea pode conferir <a href=\"https:\/\/www.linkedin.com\/feed\/update\/urn:li:activity:7000578395805749248\" target=\"_blank\" rel=\"noreferrer noopener\">clicando aqui<\/a>.  \u00a0<\/p>\n\n\n\n<figure class=\"wp-block-image size-large is-resized\"><img decoding=\"async\" src=\"https:\/\/ieg.com.br\/blog\/wp-content\/uploads\/2022\/12\/WhatsApp-Image-2022-11-22-at-09.25.42-1024x576.jpeg\" alt=\"\" class=\"wp-image-7482\" width=\"743\" height=\"417\" srcset=\"https:\/\/ieg.com.br\/blog\/wp-content\/uploads\/2022\/12\/WhatsApp-Image-2022-11-22-at-09.25.42-1024x576.jpeg 1024w, https:\/\/ieg.com.br\/blog\/wp-content\/uploads\/2022\/12\/WhatsApp-Image-2022-11-22-at-09.25.42-300x169.jpeg 300w, https:\/\/ieg.com.br\/blog\/wp-content\/uploads\/2022\/12\/WhatsApp-Image-2022-11-22-at-09.25.42-768x432.jpeg 768w, https:\/\/ieg.com.br\/blog\/wp-content\/uploads\/2022\/12\/WhatsApp-Image-2022-11-22-at-09.25.42.jpeg 1280w\" sizes=\"(max-width: 743px) 100vw, 743px\" \/><figcaption>Fonte: TEC 2022 &#8211; IEG<\/figcaption><\/figure>\n\n\n\n<p>O evento foi um sucesso de audi\u00eancia e de avalia\u00e7\u00e3o, promovendo mais um encontro valioso com muitos insights e muita troca entre diversas organiza\u00e7\u00f5es de todo o Brasil.<\/p>\n\n\n\n<p>Quer conhecer a Agenda 2023 dos nossos eventos, acesse: <a href=\"https:\/\/materiais.ieg.com.br\/im-agenda-ieg-2023\" target=\"_blank\" rel=\"noreferrer noopener\">Agenda 2023 IEG<\/a>.<\/p>\n","protected":false},"excerpt":{"rendered":"<p>O TEC 2022 ou Technology Evolution Conference 2022, evento de tecnologia e inova\u00e7\u00e3o para neg\u00f3cios promovido pelo IEG, aconteceu no \u00faltimo dia 22 de novembro, no formato online e ao vivo. O evento teve dura\u00e7\u00e3o de 9 horas, com intervalos para que os participantes pudessem realizar networking e assistirem apresenta\u00e7\u00f5es nos estandes dos parceiros, al\u00e9m [&hellip;]<\/p>\n","protected":false},"author":1,"featured_media":7475,"comment_status":"open","ping_status":"open","sticky":false,"template":"","format":"standard","meta":{"_acf_changed":false,"footnotes":""},"categories":[133],"tags":[],"class_list":["post-7468","post","type-post","status-publish","format-standard","has-post-thumbnail","hentry","category-tecnologia-e-inovacao"],"acf":[],"yoast_head":"<!-- This site is optimized with the Yoast SEO plugin v27.4 - https:\/\/yoast.com\/product\/yoast-seo-wordpress\/ -->\n<title>IEG Connection | TEC 2022 fecha com chave de ouro o ciclo de eventos do ano no IEG<\/title>\n<meta name=\"description\" content=\"O IEG encerrou seu ciclo de eventos anuais com o TEC 2022 - Technology Evolution Conference, evento de tecnologia e inova\u00e7\u00e3o para neg\u00f3cios.\" \/>\n<meta name=\"robots\" content=\"index, follow, max-snippet:-1, max-image-preview:large, max-video-preview:-1\" \/>\n<link rel=\"canonical\" href=\"https:\/\/ieg.com.br\/blog\/tec-2022-fecha-com-chave-de-ouro-o-ciclo-de-eventos-do-ano-no-ieg\/\" \/>\n<meta property=\"og:locale\" content=\"pt_BR\" \/>\n<meta property=\"og:type\" content=\"article\" \/>\n<meta property=\"og:title\" content=\"IEG Connection | TEC 2022 fecha com chave de ouro o ciclo de eventos do ano no IEG\" \/>\n<meta property=\"og:description\" content=\"O IEG encerrou seu ciclo de eventos anuais com o TEC 2022 - Technology Evolution Conference, evento de tecnologia e inova\u00e7\u00e3o para neg\u00f3cios.\" \/>\n<meta property=\"og:url\" content=\"https:\/\/ieg.com.br\/blog\/tec-2022-fecha-com-chave-de-ouro-o-ciclo-de-eventos-do-ano-no-ieg\/\" \/>\n<meta property=\"og:site_name\" content=\"IEG Connection\" \/>\n<meta property=\"article:publisher\" content=\"https:\/\/www.facebook.com\/IEG.Brasil\" \/>\n<meta property=\"article:published_time\" content=\"2022-12-07T13:12:19+00:00\" \/>\n<meta property=\"article:modified_time\" content=\"2022-12-07T14:03:48+00:00\" \/>\n<meta property=\"og:image\" content=\"https:\/\/ieg.com.br\/blog\/wp-content\/uploads\/2022\/12\/imagem-blog-tec-22-2.png\" \/>\n\t<meta property=\"og:image:width\" content=\"1362\" \/>\n\t<meta property=\"og:image:height\" content=\"780\" \/>\n\t<meta property=\"og:image:type\" content=\"image\/png\" \/>\n<meta name=\"author\" content=\"Reda\u00e7\u00e3o IEG\" \/>\n<meta name=\"twitter:card\" content=\"summary_large_image\" \/>\n<meta name=\"twitter:label1\" content=\"Escrito por\" \/>\n\t<meta name=\"twitter:data1\" content=\"Reda\u00e7\u00e3o IEG\" \/>\n\t<meta name=\"twitter:label2\" content=\"Est. tempo de leitura\" \/>\n\t<meta name=\"twitter:data2\" content=\"3 minutos\" \/>\n<script type=\"application\/ld+json\" class=\"yoast-schema-graph\">{\"@context\":\"https:\\\/\\\/schema.org\",\"@graph\":[{\"@type\":\"Article\",\"@id\":\"https:\\\/\\\/ieg.com.br\\\/blog\\\/tec-2022-fecha-com-chave-de-ouro-o-ciclo-de-eventos-do-ano-no-ieg\\\/#article\",\"isPartOf\":{\"@id\":\"https:\\\/\\\/ieg.com.br\\\/blog\\\/tec-2022-fecha-com-chave-de-ouro-o-ciclo-de-eventos-do-ano-no-ieg\\\/\"},\"author\":{\"name\":\"Reda\u00e7\u00e3o IEG\",\"@id\":\"https:\\\/\\\/ieg.com.br\\\/blog\\\/#\\\/schema\\\/person\\\/4c2d72ddde770e48c4e179425ccc9dd5\"},\"headline\":\"TEC 2022 fecha com chave de ouro o ciclo de eventos do ano no IEG\",\"datePublished\":\"2022-12-07T13:12:19+00:00\",\"dateModified\":\"2022-12-07T14:03:48+00:00\",\"mainEntityOfPage\":{\"@id\":\"https:\\\/\\\/ieg.com.br\\\/blog\\\/tec-2022-fecha-com-chave-de-ouro-o-ciclo-de-eventos-do-ano-no-ieg\\\/\"},\"wordCount\":339,\"commentCount\":0,\"publisher\":{\"@id\":\"https:\\\/\\\/ieg.com.br\\\/blog\\\/#organization\"},\"image\":{\"@id\":\"https:\\\/\\\/ieg.com.br\\\/blog\\\/tec-2022-fecha-com-chave-de-ouro-o-ciclo-de-eventos-do-ano-no-ieg\\\/#primaryimage\"},\"thumbnailUrl\":\"https:\\\/\\\/ieg.com.br\\\/blog\\\/wp-content\\\/uploads\\\/2022\\\/12\\\/imagem-blog-tec-22-2.png\",\"articleSection\":[\"Tecnologia e Inova\u00e7\u00e3o\"],\"inLanguage\":\"pt-BR\",\"potentialAction\":[{\"@type\":\"CommentAction\",\"name\":\"Comment\",\"target\":[\"https:\\\/\\\/ieg.com.br\\\/blog\\\/tec-2022-fecha-com-chave-de-ouro-o-ciclo-de-eventos-do-ano-no-ieg\\\/#respond\"]}]},{\"@type\":\"WebPage\",\"@id\":\"https:\\\/\\\/ieg.com.br\\\/blog\\\/tec-2022-fecha-com-chave-de-ouro-o-ciclo-de-eventos-do-ano-no-ieg\\\/\",\"url\":\"https:\\\/\\\/ieg.com.br\\\/blog\\\/tec-2022-fecha-com-chave-de-ouro-o-ciclo-de-eventos-do-ano-no-ieg\\\/\",\"name\":\"IEG Connection | TEC 2022 fecha com chave de ouro o ciclo de eventos do ano no IEG\",\"isPartOf\":{\"@id\":\"https:\\\/\\\/ieg.com.br\\\/blog\\\/#website\"},\"primaryImageOfPage\":{\"@id\":\"https:\\\/\\\/ieg.com.br\\\/blog\\\/tec-2022-fecha-com-chave-de-ouro-o-ciclo-de-eventos-do-ano-no-ieg\\\/#primaryimage\"},\"image\":{\"@id\":\"https:\\\/\\\/ieg.com.br\\\/blog\\\/tec-2022-fecha-com-chave-de-ouro-o-ciclo-de-eventos-do-ano-no-ieg\\\/#primaryimage\"},\"thumbnailUrl\":\"https:\\\/\\\/ieg.com.br\\\/blog\\\/wp-content\\\/uploads\\\/2022\\\/12\\\/imagem-blog-tec-22-2.png\",\"datePublished\":\"2022-12-07T13:12:19+00:00\",\"dateModified\":\"2022-12-07T14:03:48+00:00\",\"description\":\"O IEG encerrou seu ciclo de eventos anuais com o TEC 2022 - Technology Evolution Conference, evento de tecnologia e inova\u00e7\u00e3o para neg\u00f3cios.\",\"breadcrumb\":{\"@id\":\"https:\\\/\\\/ieg.com.br\\\/blog\\\/tec-2022-fecha-com-chave-de-ouro-o-ciclo-de-eventos-do-ano-no-ieg\\\/#breadcrumb\"},\"inLanguage\":\"pt-BR\",\"potentialAction\":[{\"@type\":\"ReadAction\",\"target\":[\"https:\\\/\\\/ieg.com.br\\\/blog\\\/tec-2022-fecha-com-chave-de-ouro-o-ciclo-de-eventos-do-ano-no-ieg\\\/\"]}]},{\"@type\":\"ImageObject\",\"inLanguage\":\"pt-BR\",\"@id\":\"https:\\\/\\\/ieg.com.br\\\/blog\\\/tec-2022-fecha-com-chave-de-ouro-o-ciclo-de-eventos-do-ano-no-ieg\\\/#primaryimage\",\"url\":\"https:\\\/\\\/ieg.com.br\\\/blog\\\/wp-content\\\/uploads\\\/2022\\\/12\\\/imagem-blog-tec-22-2.png\",\"contentUrl\":\"https:\\\/\\\/ieg.com.br\\\/blog\\\/wp-content\\\/uploads\\\/2022\\\/12\\\/imagem-blog-tec-22-2.png\",\"width\":1362,\"height\":780},{\"@type\":\"BreadcrumbList\",\"@id\":\"https:\\\/\\\/ieg.com.br\\\/blog\\\/tec-2022-fecha-com-chave-de-ouro-o-ciclo-de-eventos-do-ano-no-ieg\\\/#breadcrumb\",\"itemListElement\":[{\"@type\":\"ListItem\",\"position\":1,\"name\":\"In\u00edcio\",\"item\":\"https:\\\/\\\/ieg.com.br\\\/blog\\\/\"},{\"@type\":\"ListItem\",\"position\":2,\"name\":\"TEC 2022 fecha com chave de ouro o ciclo de eventos do ano no IEG\"}]},{\"@type\":\"WebSite\",\"@id\":\"https:\\\/\\\/ieg.com.br\\\/blog\\\/#website\",\"url\":\"https:\\\/\\\/ieg.com.br\\\/blog\\\/\",\"name\":\"IEG Connection\",\"description\":\"O IEG \u00e9 uma empresa que elabora solu\u00e7\u00f5es de ensino, pesquisa e consultoria em gest\u00e3o de forma integrada e complementar para voc\u00ea e para a sua organiza\u00e7\u00e3o.\",\"publisher\":{\"@id\":\"https:\\\/\\\/ieg.com.br\\\/blog\\\/#organization\"},\"potentialAction\":[{\"@type\":\"SearchAction\",\"target\":{\"@type\":\"EntryPoint\",\"urlTemplate\":\"https:\\\/\\\/ieg.com.br\\\/blog\\\/?s={search_term_string}\"},\"query-input\":{\"@type\":\"PropertyValueSpecification\",\"valueRequired\":true,\"valueName\":\"search_term_string\"}}],\"inLanguage\":\"pt-BR\"},{\"@type\":\"Organization\",\"@id\":\"https:\\\/\\\/ieg.com.br\\\/blog\\\/#organization\",\"name\":\"IEG\",\"url\":\"https:\\\/\\\/ieg.com.br\\\/blog\\\/\",\"logo\":{\"@type\":\"ImageObject\",\"inLanguage\":\"pt-BR\",\"@id\":\"https:\\\/\\\/ieg.com.br\\\/blog\\\/#\\\/schema\\\/logo\\\/image\\\/\",\"url\":\"https:\\\/\\\/ieg.com.br\\\/blog\\\/wp-content\\\/uploads\\\/2021\\\/02\\\/ieg-blog-logo.png\",\"contentUrl\":\"https:\\\/\\\/ieg.com.br\\\/blog\\\/wp-content\\\/uploads\\\/2021\\\/02\\\/ieg-blog-logo.png\",\"width\":310,\"height\":126,\"caption\":\"IEG\"},\"image\":{\"@id\":\"https:\\\/\\\/ieg.com.br\\\/blog\\\/#\\\/schema\\\/logo\\\/image\\\/\"},\"sameAs\":[\"https:\\\/\\\/www.facebook.com\\\/IEG.Brasil\",\"https:\\\/\\\/www.instagram.com\\\/ieg.brasil\\\/\",\"https:\\\/\\\/www.linkedin.com\\\/company\\\/ieg-instituto-de-engenharia-de-gestao\\\/\",\"https:\\\/\\\/www.youtube.com\\\/channel\\\/UCFEkxPdX86l8xWwV73kxJyA\"]},{\"@type\":\"Person\",\"@id\":\"https:\\\/\\\/ieg.com.br\\\/blog\\\/#\\\/schema\\\/person\\\/4c2d72ddde770e48c4e179425ccc9dd5\",\"name\":\"Reda\u00e7\u00e3o IEG\",\"image\":{\"@type\":\"ImageObject\",\"inLanguage\":\"pt-BR\",\"@id\":\"https:\\\/\\\/ieg.com.br\\\/blog\\\/wp-content\\\/uploads\\\/2023\\\/04\\\/logo-IEG-para-blog_Prancheta-1-96x96.png\",\"url\":\"https:\\\/\\\/ieg.com.br\\\/blog\\\/wp-content\\\/uploads\\\/2023\\\/04\\\/logo-IEG-para-blog_Prancheta-1-96x96.png\",\"contentUrl\":\"https:\\\/\\\/ieg.com.br\\\/blog\\\/wp-content\\\/uploads\\\/2023\\\/04\\\/logo-IEG-para-blog_Prancheta-1-96x96.png\",\"caption\":\"Reda\u00e7\u00e3o IEG\"},\"description\":\"O IEG \u00e9 uma empresa que elabora solu\u00e7\u00f5es de ensino, pesquisa e consultoria em gest\u00e3o de forma integrada e complementar para voc\u00ea e para a sua organiza\u00e7\u00e3o.\",\"sameAs\":[\"https:\\\/\\\/ieg.com.br\\\/blog\"],\"url\":\"https:\\\/\\\/ieg.com.br\\\/blog\\\/author\\\/admin\\\/\"}]}<\/script>\n<!-- \/ Yoast SEO plugin. -->","yoast_head_json":{"title":"IEG Connection | TEC 2022 fecha com chave de ouro o ciclo de eventos do ano no IEG","description":"O IEG encerrou seu ciclo de eventos anuais com o TEC 2022 - Technology Evolution Conference, evento de tecnologia e inova\u00e7\u00e3o para neg\u00f3cios.","robots":{"index":"index","follow":"follow","max-snippet":"max-snippet:-1","max-image-preview":"max-image-preview:large","max-video-preview":"max-video-preview:-1"},"canonical":"https:\/\/ieg.com.br\/blog\/tec-2022-fecha-com-chave-de-ouro-o-ciclo-de-eventos-do-ano-no-ieg\/","og_locale":"pt_BR","og_type":"article","og_title":"IEG Connection | TEC 2022 fecha com chave de ouro o ciclo de eventos do ano no IEG","og_description":"O IEG encerrou seu ciclo de eventos anuais com o TEC 2022 - Technology Evolution Conference, evento de tecnologia e inova\u00e7\u00e3o para neg\u00f3cios.","og_url":"https:\/\/ieg.com.br\/blog\/tec-2022-fecha-com-chave-de-ouro-o-ciclo-de-eventos-do-ano-no-ieg\/","og_site_name":"IEG Connection","article_publisher":"https:\/\/www.facebook.com\/IEG.Brasil","article_published_time":"2022-12-07T13:12:19+00:00","article_modified_time":"2022-12-07T14:03:48+00:00","og_image":[{"width":1362,"height":780,"url":"https:\/\/ieg.com.br\/blog\/wp-content\/uploads\/2022\/12\/imagem-blog-tec-22-2.png","type":"image\/png"}],"author":"Reda\u00e7\u00e3o IEG","twitter_card":"summary_large_image","twitter_misc":{"Escrito por":"Reda\u00e7\u00e3o IEG","Est. tempo de leitura":"3 minutos"},"schema":{"@context":"https:\/\/schema.org","@graph":[{"@type":"Article","@id":"https:\/\/ieg.com.br\/blog\/tec-2022-fecha-com-chave-de-ouro-o-ciclo-de-eventos-do-ano-no-ieg\/#article","isPartOf":{"@id":"https:\/\/ieg.com.br\/blog\/tec-2022-fecha-com-chave-de-ouro-o-ciclo-de-eventos-do-ano-no-ieg\/"},"author":{"name":"Reda\u00e7\u00e3o IEG","@id":"https:\/\/ieg.com.br\/blog\/#\/schema\/person\/4c2d72ddde770e48c4e179425ccc9dd5"},"headline":"TEC 2022 fecha com chave de ouro o ciclo de eventos do ano no IEG","datePublished":"2022-12-07T13:12:19+00:00","dateModified":"2022-12-07T14:03:48+00:00","mainEntityOfPage":{"@id":"https:\/\/ieg.com.br\/blog\/tec-2022-fecha-com-chave-de-ouro-o-ciclo-de-eventos-do-ano-no-ieg\/"},"wordCount":339,"commentCount":0,"publisher":{"@id":"https:\/\/ieg.com.br\/blog\/#organization"},"image":{"@id":"https:\/\/ieg.com.br\/blog\/tec-2022-fecha-com-chave-de-ouro-o-ciclo-de-eventos-do-ano-no-ieg\/#primaryimage"},"thumbnailUrl":"https:\/\/ieg.com.br\/blog\/wp-content\/uploads\/2022\/12\/imagem-blog-tec-22-2.png","articleSection":["Tecnologia e Inova\u00e7\u00e3o"],"inLanguage":"pt-BR","potentialAction":[{"@type":"CommentAction","name":"Comment","target":["https:\/\/ieg.com.br\/blog\/tec-2022-fecha-com-chave-de-ouro-o-ciclo-de-eventos-do-ano-no-ieg\/#respond"]}]},{"@type":"WebPage","@id":"https:\/\/ieg.com.br\/blog\/tec-2022-fecha-com-chave-de-ouro-o-ciclo-de-eventos-do-ano-no-ieg\/","url":"https:\/\/ieg.com.br\/blog\/tec-2022-fecha-com-chave-de-ouro-o-ciclo-de-eventos-do-ano-no-ieg\/","name":"IEG Connection | TEC 2022 fecha com chave de ouro o ciclo de eventos do ano no IEG","isPartOf":{"@id":"https:\/\/ieg.com.br\/blog\/#website"},"primaryImageOfPage":{"@id":"https:\/\/ieg.com.br\/blog\/tec-2022-fecha-com-chave-de-ouro-o-ciclo-de-eventos-do-ano-no-ieg\/#primaryimage"},"image":{"@id":"https:\/\/ieg.com.br\/blog\/tec-2022-fecha-com-chave-de-ouro-o-ciclo-de-eventos-do-ano-no-ieg\/#primaryimage"},"thumbnailUrl":"https:\/\/ieg.com.br\/blog\/wp-content\/uploads\/2022\/12\/imagem-blog-tec-22-2.png","datePublished":"2022-12-07T13:12:19+00:00","dateModified":"2022-12-07T14:03:48+00:00","description":"O IEG encerrou seu ciclo de eventos anuais com o TEC 2022 - Technology Evolution Conference, evento de tecnologia e inova\u00e7\u00e3o para neg\u00f3cios.","breadcrumb":{"@id":"https:\/\/ieg.com.br\/blog\/tec-2022-fecha-com-chave-de-ouro-o-ciclo-de-eventos-do-ano-no-ieg\/#breadcrumb"},"inLanguage":"pt-BR","potentialAction":[{"@type":"ReadAction","target":["https:\/\/ieg.com.br\/blog\/tec-2022-fecha-com-chave-de-ouro-o-ciclo-de-eventos-do-ano-no-ieg\/"]}]},{"@type":"ImageObject","inLanguage":"pt-BR","@id":"https:\/\/ieg.com.br\/blog\/tec-2022-fecha-com-chave-de-ouro-o-ciclo-de-eventos-do-ano-no-ieg\/#primaryimage","url":"https:\/\/ieg.com.br\/blog\/wp-content\/uploads\/2022\/12\/imagem-blog-tec-22-2.png","contentUrl":"https:\/\/ieg.com.br\/blog\/wp-content\/uploads\/2022\/12\/imagem-blog-tec-22-2.png","width":1362,"height":780},{"@type":"BreadcrumbList","@id":"https:\/\/ieg.com.br\/blog\/tec-2022-fecha-com-chave-de-ouro-o-ciclo-de-eventos-do-ano-no-ieg\/#breadcrumb","itemListElement":[{"@type":"ListItem","position":1,"name":"In\u00edcio","item":"https:\/\/ieg.com.br\/blog\/"},{"@type":"ListItem","position":2,"name":"TEC 2022 fecha com chave de ouro o ciclo de eventos do ano no IEG"}]},{"@type":"WebSite","@id":"https:\/\/ieg.com.br\/blog\/#website","url":"https:\/\/ieg.com.br\/blog\/","name":"IEG Connection","description":"O IEG \u00e9 uma empresa que elabora solu\u00e7\u00f5es de ensino, pesquisa e consultoria em gest\u00e3o de forma integrada e complementar para voc\u00ea e para a sua organiza\u00e7\u00e3o.","publisher":{"@id":"https:\/\/ieg.com.br\/blog\/#organization"},"potentialAction":[{"@type":"SearchAction","target":{"@type":"EntryPoint","urlTemplate":"https:\/\/ieg.com.br\/blog\/?s={search_term_string}"},"query-input":{"@type":"PropertyValueSpecification","valueRequired":true,"valueName":"search_term_string"}}],"inLanguage":"pt-BR"},{"@type":"Organization","@id":"https:\/\/ieg.com.br\/blog\/#organization","name":"IEG","url":"https:\/\/ieg.com.br\/blog\/","logo":{"@type":"ImageObject","inLanguage":"pt-BR","@id":"https:\/\/ieg.com.br\/blog\/#\/schema\/logo\/image\/","url":"https:\/\/ieg.com.br\/blog\/wp-content\/uploads\/2021\/02\/ieg-blog-logo.png","contentUrl":"https:\/\/ieg.com.br\/blog\/wp-content\/uploads\/2021\/02\/ieg-blog-logo.png","width":310,"height":126,"caption":"IEG"},"image":{"@id":"https:\/\/ieg.com.br\/blog\/#\/schema\/logo\/image\/"},"sameAs":["https:\/\/www.facebook.com\/IEG.Brasil","https:\/\/www.instagram.com\/ieg.brasil\/","https:\/\/www.linkedin.com\/company\/ieg-instituto-de-engenharia-de-gestao\/","https:\/\/www.youtube.com\/channel\/UCFEkxPdX86l8xWwV73kxJyA"]},{"@type":"Person","@id":"https:\/\/ieg.com.br\/blog\/#\/schema\/person\/4c2d72ddde770e48c4e179425ccc9dd5","name":"Reda\u00e7\u00e3o IEG","image":{"@type":"ImageObject","inLanguage":"pt-BR","@id":"https:\/\/ieg.com.br\/blog\/wp-content\/uploads\/2023\/04\/logo-IEG-para-blog_Prancheta-1-96x96.png","url":"https:\/\/ieg.com.br\/blog\/wp-content\/uploads\/2023\/04\/logo-IEG-para-blog_Prancheta-1-96x96.png","contentUrl":"https:\/\/ieg.com.br\/blog\/wp-content\/uploads\/2023\/04\/logo-IEG-para-blog_Prancheta-1-96x96.png","caption":"Reda\u00e7\u00e3o IEG"},"description":"O IEG \u00e9 uma empresa que elabora solu\u00e7\u00f5es de ensino, pesquisa e consultoria em gest\u00e3o de forma integrada e complementar para voc\u00ea e para a sua organiza\u00e7\u00e3o.","sameAs":["https:\/\/ieg.com.br\/blog"],"url":"https:\/\/ieg.com.br\/blog\/author\/admin\/"}]}},"_links":{"self":[{"href":"https:\/\/ieg.com.br\/blog\/wp-json\/wp\/v2\/posts\/7468","targetHints":{"allow":["GET"]}}],"collection":[{"href":"https:\/\/ieg.com.br\/blog\/wp-json\/wp\/v2\/posts"}],"about":[{"href":"https:\/\/ieg.com.br\/blog\/wp-json\/wp\/v2\/types\/post"}],"author":[{"embeddable":true,"href":"https:\/\/ieg.com.br\/blog\/wp-json\/wp\/v2\/users\/1"}],"replies":[{"embeddable":true,"href":"https:\/\/ieg.com.br\/blog\/wp-json\/wp\/v2\/comments?post=7468"}],"version-history":[{"count":3,"href":"https:\/\/ieg.com.br\/blog\/wp-json\/wp\/v2\/posts\/7468\/revisions"}],"predecessor-version":[{"id":7483,"href":"https:\/\/ieg.com.br\/blog\/wp-json\/wp\/v2\/posts\/7468\/revisions\/7483"}],"wp:featuredmedia":[{"embeddable":true,"href":"https:\/\/ieg.com.br\/blog\/wp-json\/wp\/v2\/media\/7475"}],"wp:attachment":[{"href":"https:\/\/ieg.com.br\/blog\/wp-json\/wp\/v2\/media?parent=7468"}],"wp:term":[{"taxonomy":"category","embeddable":true,"href":"https:\/\/ieg.com.br\/blog\/wp-json\/wp\/v2\/categories?post=7468"},{"taxonomy":"post_tag","embeddable":true,"href":"https:\/\/ieg.com.br\/blog\/wp-json\/wp\/v2\/tags?post=7468"}],"curies":[{"name":"wp","href":"https:\/\/api.w.org\/{rel}","templated":true}]}}