{"id":7446,"date":"2022-11-17T14:32:54","date_gmt":"2022-11-17T17:32:54","guid":{"rendered":"https:\/\/ieg.com.br\/blog\/?p=7446"},"modified":"2022-11-17T15:37:35","modified_gmt":"2022-11-17T18:37:35","slug":"tec-2022-aborda-tecnologia-e-inovacao-sob-um-olhar-de-negocios-dia-22-de-novembro","status":"publish","type":"post","link":"https:\/\/ieg.com.br\/blog\/tec-2022-aborda-tecnologia-e-inovacao-sob-um-olhar-de-negocios-dia-22-de-novembro\/","title":{"rendered":"TEC 2022 aborda tecnologia e inova\u00e7\u00e3o sob um olhar de neg\u00f3cios dia 22 de novembro"},"content":{"rendered":"\n<p>Com um vi\u00e9s pr\u00e1tico das principais inova\u00e7\u00f5es tecnol\u00f3gicas do mercado, voltado para profissionais de todas as \u00e1reas de atua\u00e7\u00e3o que buscam entender e implementar inova\u00e7\u00f5es tecnol\u00f3gicas em diversos setores da economia, o\u00a0TEC &#8211; <a href=\"https:\/\/ieg-instituo-de-engenharia-da-gestao.rds.land\/im-tec-2022?utm_source=dino\" target=\"_blank\" rel=\"noreferrer noopener\">Technology Evolution Conference<\/a>\u00a0acontecer\u00e1 no pa\u00eds dia 22 de novembro no formato online e ao vivo.<\/p>\n\n\n\n<p>Evento organizado pelo Instituto de Engenharia de Gest\u00e3o (IEG) reunir\u00e1 l\u00edderes, diretores e tomadores de decis\u00e3o de grandes empresas, bem como empreendedores. Todo o ecossistema de inova\u00e7\u00e3o em um s\u00f3 lugar.<\/p>\n\n\n\n<p>Em 3 anos, o Technology Evolution Conference re\u00fane profissionais para discutir as melhores pr\u00e1ticas do mercado e a 4\u00aa edi\u00e7\u00e3o do TEC despertar\u00e1 reflex\u00f5es acerca do tema central \u201c<em>O que esperar da pr\u00f3xima era tecnol\u00f3gica de experi\u00eancias transformadoras para a nova gera\u00e7\u00e3o?<\/em>\u201d e promete um dia de grande debate sobre o cen\u00e1rio de inova\u00e7\u00e3o e tecnologia.<\/p>\n\n\n\n<p>\u201cO TEC 2022 foi desenhado frente ao atual cen\u00e1rio mundial, com um olhar para as tend\u00eancias de inova\u00e7\u00e3o e tecnologia voltadas \u00e0 experi\u00eancia dos usu\u00e1rios. O nosso objetivo com o evento \u00e9 apoiar o crescimento e a sustentabilidade das organiza\u00e7\u00f5es&nbsp; em um panorama de grandes mudan\u00e7as e transforma\u00e7\u00f5es&#8221;, destaca Vanessa Saavedra, S\u00f3cia e Fundadora do IEG.<\/p>\n\n\n\n<p>Para a palestra de abertura, o IEG receber\u00e1 Roman Romancini. Sonhador megaloman\u00edaco e executivo, Roman foi o 18\u00b0 brasileiro a escalar o Everest e vai compartilhar toda a sua experi\u00eancia em grandes aventuras que exigem estrat\u00e9gia, planejamento e muita determina\u00e7\u00e3o para superar barreiras e obst\u00e1culos no tema \u201c<em>Escalada da inova\u00e7\u00e3o al\u00e9m das barreiras\u201d.<\/em><\/p>\n\n\n\n<p>Com o sucesso dos&nbsp;<a rel=\"noreferrer noopener\" target=\"_blank\" href=\"https:\/\/ieg.com.br\/eventos-e-treinamentos\/?utm_source=dino\">eventos<\/a>&nbsp;realizados no formato online e ao vivo, a pr\u00f3xima edi\u00e7\u00e3o ser\u00e1 novamente realizada nesse formato imersivo onde os espectadores acessar\u00e3o o evento atrav\u00e9s de uma plataforma totalmente virtual com muitas possibilidades de interatividade e conex\u00e3o.<\/p>\n\n\n\n<p>Em um dos espa\u00e7os da plataforma do evento, o &#8220;Auditorium&#8221;, a audi\u00eancia acompanhar\u00e1 apresenta\u00e7\u00f5es planejadas pelo IEG com diversos palestrantes convidados.<\/p>\n\n\n\n<p>Todos os espa\u00e7os do evento s\u00e3o pensados e customizados com o objetivo de garantir a melhor experi\u00eancia de intera\u00e7\u00e3o,&nbsp;<a rel=\"noreferrer noopener\" target=\"_blank\" href=\"https:\/\/ieg.com.br\/blog\/?utm_source=dino\">conte\u00fados<\/a>&nbsp;relevantes, al\u00e9m de um espa\u00e7o de networking entre os participantes e muito mais.<\/p>\n\n\n\n<p>J\u00e1 no &#8220;Exhibition Halls&#8221;, est\u00e3o confirmados estandes de grandes empresas e startups que de forma interativa apresentar\u00e3o suas solu\u00e7\u00f5es, realizar\u00e3o apresenta\u00e7\u00f5es e workshops.<\/p>\n\n\n\n<p>Ser\u00e3o 9 horas intensas de muito conte\u00fado, em um evento online e ao vivo que ir\u00e1 transformar o olhar sobre inova\u00e7\u00e3o digital nos neg\u00f3cios.<\/p>\n\n\n\n<p>O IEG \u00e9 uma empresa que elabora solu\u00e7\u00f5es de ensino, pesquisa e consultoria em gest\u00e3o de forma integrada e complementar para as organiza\u00e7\u00f5es, dissemina conhecimento por meio de treinamentos customizados desenvolvidos para capacitar profissionais de diversas empresas no que tange a compet\u00eancias comportamentais, t\u00e9cnicas e ferramentais.<\/p>\n\n\n\n<p><a href=\"https:\/\/materiais.ieg.com.br\/im-tec-2022\" target=\"_blank\" rel=\"noreferrer noopener\">Clique aqui<\/a> e saiba mais sobre o Technology Evolution Conference 2022!<\/p>\n","protected":false},"excerpt":{"rendered":"<p>Com um vi\u00e9s pr\u00e1tico das principais inova\u00e7\u00f5es tecnol\u00f3gicas do mercado, voltado para profissionais de todas as \u00e1reas de atua\u00e7\u00e3o que buscam entender e implementar inova\u00e7\u00f5es tecnol\u00f3gicas em diversos setores da economia, o\u00a0TEC &#8211; Technology Evolution Conference\u00a0acontecer\u00e1 no pa\u00eds dia 22 de novembro no formato online e ao vivo. Evento organizado pelo Instituto de Engenharia de [&hellip;]<\/p>\n","protected":false},"author":1,"featured_media":7447,"comment_status":"open","ping_status":"open","sticky":false,"template":"","format":"standard","meta":{"_acf_changed":false,"footnotes":""},"categories":[133],"tags":[],"class_list":["post-7446","post","type-post","status-publish","format-standard","has-post-thumbnail","hentry","category-tecnologia-e-inovacao"],"acf":[],"yoast_head":"<!-- This site is optimized with the Yoast SEO plugin v27.4 - https:\/\/yoast.com\/product\/yoast-seo-wordpress\/ -->\n<title>IEG Connection | TEC 2022 aborda tecnologia e inova\u00e7\u00e3o sob um olhar de neg\u00f3cios dia 22 de novembro<\/title>\n<meta name=\"description\" content=\"O TEC 2022, evento de tecnologia e inova\u00e7\u00e3o para neg\u00f3cios do IEG, vai reunir executivos para reflex\u00f5es e aprendizados importantes.\" \/>\n<meta name=\"robots\" content=\"index, follow, max-snippet:-1, max-image-preview:large, max-video-preview:-1\" \/>\n<link rel=\"canonical\" href=\"https:\/\/ieg.com.br\/blog\/tec-2022-aborda-tecnologia-e-inovacao-sob-um-olhar-de-negocios-dia-22-de-novembro\/\" \/>\n<meta property=\"og:locale\" content=\"pt_BR\" \/>\n<meta property=\"og:type\" content=\"article\" \/>\n<meta property=\"og:title\" content=\"IEG Connection | TEC 2022 aborda tecnologia e inova\u00e7\u00e3o sob um olhar de neg\u00f3cios dia 22 de novembro\" \/>\n<meta property=\"og:description\" content=\"O TEC 2022, evento de tecnologia e inova\u00e7\u00e3o para neg\u00f3cios do IEG, vai reunir executivos para reflex\u00f5es e aprendizados importantes.\" \/>\n<meta property=\"og:url\" content=\"https:\/\/ieg.com.br\/blog\/tec-2022-aborda-tecnologia-e-inovacao-sob-um-olhar-de-negocios-dia-22-de-novembro\/\" \/>\n<meta property=\"og:site_name\" content=\"IEG Connection\" \/>\n<meta property=\"article:publisher\" content=\"https:\/\/www.facebook.com\/IEG.Brasil\" \/>\n<meta property=\"article:published_time\" content=\"2022-11-17T17:32:54+00:00\" \/>\n<meta property=\"article:modified_time\" content=\"2022-11-17T18:37:35+00:00\" \/>\n<meta property=\"og:image\" content=\"https:\/\/ieg.com.br\/blog\/wp-content\/uploads\/2022\/11\/capa-blog-17-11.png\" \/>\n\t<meta property=\"og:image:width\" content=\"1362\" \/>\n\t<meta property=\"og:image:height\" content=\"780\" \/>\n\t<meta property=\"og:image:type\" content=\"image\/png\" \/>\n<meta name=\"author\" content=\"Reda\u00e7\u00e3o IEG\" \/>\n<meta name=\"twitter:card\" content=\"summary_large_image\" \/>\n<meta name=\"twitter:label1\" content=\"Escrito por\" \/>\n\t<meta name=\"twitter:data1\" content=\"Reda\u00e7\u00e3o IEG\" \/>\n\t<meta name=\"twitter:label2\" content=\"Est. tempo de leitura\" \/>\n\t<meta name=\"twitter:data2\" content=\"3 minutos\" \/>\n<script type=\"application\/ld+json\" class=\"yoast-schema-graph\">{\"@context\":\"https:\\\/\\\/schema.org\",\"@graph\":[{\"@type\":\"Article\",\"@id\":\"https:\\\/\\\/ieg.com.br\\\/blog\\\/tec-2022-aborda-tecnologia-e-inovacao-sob-um-olhar-de-negocios-dia-22-de-novembro\\\/#article\",\"isPartOf\":{\"@id\":\"https:\\\/\\\/ieg.com.br\\\/blog\\\/tec-2022-aborda-tecnologia-e-inovacao-sob-um-olhar-de-negocios-dia-22-de-novembro\\\/\"},\"author\":{\"name\":\"Reda\u00e7\u00e3o IEG\",\"@id\":\"https:\\\/\\\/ieg.com.br\\\/blog\\\/#\\\/schema\\\/person\\\/4c2d72ddde770e48c4e179425ccc9dd5\"},\"headline\":\"TEC 2022 aborda tecnologia e inova\u00e7\u00e3o sob um olhar de neg\u00f3cios dia 22 de novembro\",\"datePublished\":\"2022-11-17T17:32:54+00:00\",\"dateModified\":\"2022-11-17T18:37:35+00:00\",\"mainEntityOfPage\":{\"@id\":\"https:\\\/\\\/ieg.com.br\\\/blog\\\/tec-2022-aborda-tecnologia-e-inovacao-sob-um-olhar-de-negocios-dia-22-de-novembro\\\/\"},\"wordCount\":521,\"commentCount\":0,\"publisher\":{\"@id\":\"https:\\\/\\\/ieg.com.br\\\/blog\\\/#organization\"},\"image\":{\"@id\":\"https:\\\/\\\/ieg.com.br\\\/blog\\\/tec-2022-aborda-tecnologia-e-inovacao-sob-um-olhar-de-negocios-dia-22-de-novembro\\\/#primaryimage\"},\"thumbnailUrl\":\"https:\\\/\\\/ieg.com.br\\\/blog\\\/wp-content\\\/uploads\\\/2022\\\/11\\\/capa-blog-17-11.png\",\"articleSection\":[\"Tecnologia e Inova\u00e7\u00e3o\"],\"inLanguage\":\"pt-BR\",\"potentialAction\":[{\"@type\":\"CommentAction\",\"name\":\"Comment\",\"target\":[\"https:\\\/\\\/ieg.com.br\\\/blog\\\/tec-2022-aborda-tecnologia-e-inovacao-sob-um-olhar-de-negocios-dia-22-de-novembro\\\/#respond\"]}]},{\"@type\":\"WebPage\",\"@id\":\"https:\\\/\\\/ieg.com.br\\\/blog\\\/tec-2022-aborda-tecnologia-e-inovacao-sob-um-olhar-de-negocios-dia-22-de-novembro\\\/\",\"url\":\"https:\\\/\\\/ieg.com.br\\\/blog\\\/tec-2022-aborda-tecnologia-e-inovacao-sob-um-olhar-de-negocios-dia-22-de-novembro\\\/\",\"name\":\"IEG Connection | TEC 2022 aborda tecnologia e inova\u00e7\u00e3o sob um olhar de neg\u00f3cios dia 22 de novembro\",\"isPartOf\":{\"@id\":\"https:\\\/\\\/ieg.com.br\\\/blog\\\/#website\"},\"primaryImageOfPage\":{\"@id\":\"https:\\\/\\\/ieg.com.br\\\/blog\\\/tec-2022-aborda-tecnologia-e-inovacao-sob-um-olhar-de-negocios-dia-22-de-novembro\\\/#primaryimage\"},\"image\":{\"@id\":\"https:\\\/\\\/ieg.com.br\\\/blog\\\/tec-2022-aborda-tecnologia-e-inovacao-sob-um-olhar-de-negocios-dia-22-de-novembro\\\/#primaryimage\"},\"thumbnailUrl\":\"https:\\\/\\\/ieg.com.br\\\/blog\\\/wp-content\\\/uploads\\\/2022\\\/11\\\/capa-blog-17-11.png\",\"datePublished\":\"2022-11-17T17:32:54+00:00\",\"dateModified\":\"2022-11-17T18:37:35+00:00\",\"description\":\"O TEC 2022, evento de tecnologia e inova\u00e7\u00e3o para neg\u00f3cios do IEG, vai reunir executivos para reflex\u00f5es e aprendizados importantes.\",\"breadcrumb\":{\"@id\":\"https:\\\/\\\/ieg.com.br\\\/blog\\\/tec-2022-aborda-tecnologia-e-inovacao-sob-um-olhar-de-negocios-dia-22-de-novembro\\\/#breadcrumb\"},\"inLanguage\":\"pt-BR\",\"potentialAction\":[{\"@type\":\"ReadAction\",\"target\":[\"https:\\\/\\\/ieg.com.br\\\/blog\\\/tec-2022-aborda-tecnologia-e-inovacao-sob-um-olhar-de-negocios-dia-22-de-novembro\\\/\"]}]},{\"@type\":\"ImageObject\",\"inLanguage\":\"pt-BR\",\"@id\":\"https:\\\/\\\/ieg.com.br\\\/blog\\\/tec-2022-aborda-tecnologia-e-inovacao-sob-um-olhar-de-negocios-dia-22-de-novembro\\\/#primaryimage\",\"url\":\"https:\\\/\\\/ieg.com.br\\\/blog\\\/wp-content\\\/uploads\\\/2022\\\/11\\\/capa-blog-17-11.png\",\"contentUrl\":\"https:\\\/\\\/ieg.com.br\\\/blog\\\/wp-content\\\/uploads\\\/2022\\\/11\\\/capa-blog-17-11.png\",\"width\":1362,\"height\":780},{\"@type\":\"BreadcrumbList\",\"@id\":\"https:\\\/\\\/ieg.com.br\\\/blog\\\/tec-2022-aborda-tecnologia-e-inovacao-sob-um-olhar-de-negocios-dia-22-de-novembro\\\/#breadcrumb\",\"itemListElement\":[{\"@type\":\"ListItem\",\"position\":1,\"name\":\"In\u00edcio\",\"item\":\"https:\\\/\\\/ieg.com.br\\\/blog\\\/\"},{\"@type\":\"ListItem\",\"position\":2,\"name\":\"TEC 2022 aborda tecnologia e inova\u00e7\u00e3o sob um olhar de neg\u00f3cios dia 22 de novembro\"}]},{\"@type\":\"WebSite\",\"@id\":\"https:\\\/\\\/ieg.com.br\\\/blog\\\/#website\",\"url\":\"https:\\\/\\\/ieg.com.br\\\/blog\\\/\",\"name\":\"IEG Connection\",\"description\":\"O IEG \u00e9 uma empresa que elabora solu\u00e7\u00f5es de ensino, pesquisa e consultoria em gest\u00e3o de forma integrada e complementar para voc\u00ea e para a sua organiza\u00e7\u00e3o.\",\"publisher\":{\"@id\":\"https:\\\/\\\/ieg.com.br\\\/blog\\\/#organization\"},\"potentialAction\":[{\"@type\":\"SearchAction\",\"target\":{\"@type\":\"EntryPoint\",\"urlTemplate\":\"https:\\\/\\\/ieg.com.br\\\/blog\\\/?s={search_term_string}\"},\"query-input\":{\"@type\":\"PropertyValueSpecification\",\"valueRequired\":true,\"valueName\":\"search_term_string\"}}],\"inLanguage\":\"pt-BR\"},{\"@type\":\"Organization\",\"@id\":\"https:\\\/\\\/ieg.com.br\\\/blog\\\/#organization\",\"name\":\"IEG\",\"url\":\"https:\\\/\\\/ieg.com.br\\\/blog\\\/\",\"logo\":{\"@type\":\"ImageObject\",\"inLanguage\":\"pt-BR\",\"@id\":\"https:\\\/\\\/ieg.com.br\\\/blog\\\/#\\\/schema\\\/logo\\\/image\\\/\",\"url\":\"https:\\\/\\\/ieg.com.br\\\/blog\\\/wp-content\\\/uploads\\\/2021\\\/02\\\/ieg-blog-logo.png\",\"contentUrl\":\"https:\\\/\\\/ieg.com.br\\\/blog\\\/wp-content\\\/uploads\\\/2021\\\/02\\\/ieg-blog-logo.png\",\"width\":310,\"height\":126,\"caption\":\"IEG\"},\"image\":{\"@id\":\"https:\\\/\\\/ieg.com.br\\\/blog\\\/#\\\/schema\\\/logo\\\/image\\\/\"},\"sameAs\":[\"https:\\\/\\\/www.facebook.com\\\/IEG.Brasil\",\"https:\\\/\\\/www.instagram.com\\\/ieg.brasil\\\/\",\"https:\\\/\\\/www.linkedin.com\\\/company\\\/ieg-instituto-de-engenharia-de-gestao\\\/\",\"https:\\\/\\\/www.youtube.com\\\/channel\\\/UCFEkxPdX86l8xWwV73kxJyA\"]},{\"@type\":\"Person\",\"@id\":\"https:\\\/\\\/ieg.com.br\\\/blog\\\/#\\\/schema\\\/person\\\/4c2d72ddde770e48c4e179425ccc9dd5\",\"name\":\"Reda\u00e7\u00e3o IEG\",\"image\":{\"@type\":\"ImageObject\",\"inLanguage\":\"pt-BR\",\"@id\":\"https:\\\/\\\/ieg.com.br\\\/blog\\\/wp-content\\\/uploads\\\/2023\\\/04\\\/logo-IEG-para-blog_Prancheta-1-96x96.png\",\"url\":\"https:\\\/\\\/ieg.com.br\\\/blog\\\/wp-content\\\/uploads\\\/2023\\\/04\\\/logo-IEG-para-blog_Prancheta-1-96x96.png\",\"contentUrl\":\"https:\\\/\\\/ieg.com.br\\\/blog\\\/wp-content\\\/uploads\\\/2023\\\/04\\\/logo-IEG-para-blog_Prancheta-1-96x96.png\",\"caption\":\"Reda\u00e7\u00e3o IEG\"},\"description\":\"O IEG \u00e9 uma empresa que elabora solu\u00e7\u00f5es de ensino, pesquisa e consultoria em gest\u00e3o de forma integrada e complementar para voc\u00ea e para a sua organiza\u00e7\u00e3o.\",\"sameAs\":[\"https:\\\/\\\/ieg.com.br\\\/blog\"],\"url\":\"https:\\\/\\\/ieg.com.br\\\/blog\\\/author\\\/admin\\\/\"}]}<\/script>\n<!-- \/ Yoast SEO plugin. -->","yoast_head_json":{"title":"IEG Connection | TEC 2022 aborda tecnologia e inova\u00e7\u00e3o sob um olhar de neg\u00f3cios dia 22 de novembro","description":"O TEC 2022, evento de tecnologia e inova\u00e7\u00e3o para neg\u00f3cios do IEG, vai reunir executivos para reflex\u00f5es e aprendizados importantes.","robots":{"index":"index","follow":"follow","max-snippet":"max-snippet:-1","max-image-preview":"max-image-preview:large","max-video-preview":"max-video-preview:-1"},"canonical":"https:\/\/ieg.com.br\/blog\/tec-2022-aborda-tecnologia-e-inovacao-sob-um-olhar-de-negocios-dia-22-de-novembro\/","og_locale":"pt_BR","og_type":"article","og_title":"IEG Connection | TEC 2022 aborda tecnologia e inova\u00e7\u00e3o sob um olhar de neg\u00f3cios dia 22 de novembro","og_description":"O TEC 2022, evento de tecnologia e inova\u00e7\u00e3o para neg\u00f3cios do IEG, vai reunir executivos para reflex\u00f5es e aprendizados importantes.","og_url":"https:\/\/ieg.com.br\/blog\/tec-2022-aborda-tecnologia-e-inovacao-sob-um-olhar-de-negocios-dia-22-de-novembro\/","og_site_name":"IEG Connection","article_publisher":"https:\/\/www.facebook.com\/IEG.Brasil","article_published_time":"2022-11-17T17:32:54+00:00","article_modified_time":"2022-11-17T18:37:35+00:00","og_image":[{"width":1362,"height":780,"url":"https:\/\/ieg.com.br\/blog\/wp-content\/uploads\/2022\/11\/capa-blog-17-11.png","type":"image\/png"}],"author":"Reda\u00e7\u00e3o IEG","twitter_card":"summary_large_image","twitter_misc":{"Escrito por":"Reda\u00e7\u00e3o IEG","Est. tempo de leitura":"3 minutos"},"schema":{"@context":"https:\/\/schema.org","@graph":[{"@type":"Article","@id":"https:\/\/ieg.com.br\/blog\/tec-2022-aborda-tecnologia-e-inovacao-sob-um-olhar-de-negocios-dia-22-de-novembro\/#article","isPartOf":{"@id":"https:\/\/ieg.com.br\/blog\/tec-2022-aborda-tecnologia-e-inovacao-sob-um-olhar-de-negocios-dia-22-de-novembro\/"},"author":{"name":"Reda\u00e7\u00e3o IEG","@id":"https:\/\/ieg.com.br\/blog\/#\/schema\/person\/4c2d72ddde770e48c4e179425ccc9dd5"},"headline":"TEC 2022 aborda tecnologia e inova\u00e7\u00e3o sob um olhar de neg\u00f3cios dia 22 de novembro","datePublished":"2022-11-17T17:32:54+00:00","dateModified":"2022-11-17T18:37:35+00:00","mainEntityOfPage":{"@id":"https:\/\/ieg.com.br\/blog\/tec-2022-aborda-tecnologia-e-inovacao-sob-um-olhar-de-negocios-dia-22-de-novembro\/"},"wordCount":521,"commentCount":0,"publisher":{"@id":"https:\/\/ieg.com.br\/blog\/#organization"},"image":{"@id":"https:\/\/ieg.com.br\/blog\/tec-2022-aborda-tecnologia-e-inovacao-sob-um-olhar-de-negocios-dia-22-de-novembro\/#primaryimage"},"thumbnailUrl":"https:\/\/ieg.com.br\/blog\/wp-content\/uploads\/2022\/11\/capa-blog-17-11.png","articleSection":["Tecnologia e Inova\u00e7\u00e3o"],"inLanguage":"pt-BR","potentialAction":[{"@type":"CommentAction","name":"Comment","target":["https:\/\/ieg.com.br\/blog\/tec-2022-aborda-tecnologia-e-inovacao-sob-um-olhar-de-negocios-dia-22-de-novembro\/#respond"]}]},{"@type":"WebPage","@id":"https:\/\/ieg.com.br\/blog\/tec-2022-aborda-tecnologia-e-inovacao-sob-um-olhar-de-negocios-dia-22-de-novembro\/","url":"https:\/\/ieg.com.br\/blog\/tec-2022-aborda-tecnologia-e-inovacao-sob-um-olhar-de-negocios-dia-22-de-novembro\/","name":"IEG Connection | TEC 2022 aborda tecnologia e inova\u00e7\u00e3o sob um olhar de neg\u00f3cios dia 22 de novembro","isPartOf":{"@id":"https:\/\/ieg.com.br\/blog\/#website"},"primaryImageOfPage":{"@id":"https:\/\/ieg.com.br\/blog\/tec-2022-aborda-tecnologia-e-inovacao-sob-um-olhar-de-negocios-dia-22-de-novembro\/#primaryimage"},"image":{"@id":"https:\/\/ieg.com.br\/blog\/tec-2022-aborda-tecnologia-e-inovacao-sob-um-olhar-de-negocios-dia-22-de-novembro\/#primaryimage"},"thumbnailUrl":"https:\/\/ieg.com.br\/blog\/wp-content\/uploads\/2022\/11\/capa-blog-17-11.png","datePublished":"2022-11-17T17:32:54+00:00","dateModified":"2022-11-17T18:37:35+00:00","description":"O TEC 2022, evento de tecnologia e inova\u00e7\u00e3o para neg\u00f3cios do IEG, vai reunir executivos para reflex\u00f5es e aprendizados importantes.","breadcrumb":{"@id":"https:\/\/ieg.com.br\/blog\/tec-2022-aborda-tecnologia-e-inovacao-sob-um-olhar-de-negocios-dia-22-de-novembro\/#breadcrumb"},"inLanguage":"pt-BR","potentialAction":[{"@type":"ReadAction","target":["https:\/\/ieg.com.br\/blog\/tec-2022-aborda-tecnologia-e-inovacao-sob-um-olhar-de-negocios-dia-22-de-novembro\/"]}]},{"@type":"ImageObject","inLanguage":"pt-BR","@id":"https:\/\/ieg.com.br\/blog\/tec-2022-aborda-tecnologia-e-inovacao-sob-um-olhar-de-negocios-dia-22-de-novembro\/#primaryimage","url":"https:\/\/ieg.com.br\/blog\/wp-content\/uploads\/2022\/11\/capa-blog-17-11.png","contentUrl":"https:\/\/ieg.com.br\/blog\/wp-content\/uploads\/2022\/11\/capa-blog-17-11.png","width":1362,"height":780},{"@type":"BreadcrumbList","@id":"https:\/\/ieg.com.br\/blog\/tec-2022-aborda-tecnologia-e-inovacao-sob-um-olhar-de-negocios-dia-22-de-novembro\/#breadcrumb","itemListElement":[{"@type":"ListItem","position":1,"name":"In\u00edcio","item":"https:\/\/ieg.com.br\/blog\/"},{"@type":"ListItem","position":2,"name":"TEC 2022 aborda tecnologia e inova\u00e7\u00e3o sob um olhar de neg\u00f3cios dia 22 de novembro"}]},{"@type":"WebSite","@id":"https:\/\/ieg.com.br\/blog\/#website","url":"https:\/\/ieg.com.br\/blog\/","name":"IEG Connection","description":"O IEG \u00e9 uma empresa que elabora solu\u00e7\u00f5es de ensino, pesquisa e consultoria em gest\u00e3o de forma integrada e complementar para voc\u00ea e para a sua organiza\u00e7\u00e3o.","publisher":{"@id":"https:\/\/ieg.com.br\/blog\/#organization"},"potentialAction":[{"@type":"SearchAction","target":{"@type":"EntryPoint","urlTemplate":"https:\/\/ieg.com.br\/blog\/?s={search_term_string}"},"query-input":{"@type":"PropertyValueSpecification","valueRequired":true,"valueName":"search_term_string"}}],"inLanguage":"pt-BR"},{"@type":"Organization","@id":"https:\/\/ieg.com.br\/blog\/#organization","name":"IEG","url":"https:\/\/ieg.com.br\/blog\/","logo":{"@type":"ImageObject","inLanguage":"pt-BR","@id":"https:\/\/ieg.com.br\/blog\/#\/schema\/logo\/image\/","url":"https:\/\/ieg.com.br\/blog\/wp-content\/uploads\/2021\/02\/ieg-blog-logo.png","contentUrl":"https:\/\/ieg.com.br\/blog\/wp-content\/uploads\/2021\/02\/ieg-blog-logo.png","width":310,"height":126,"caption":"IEG"},"image":{"@id":"https:\/\/ieg.com.br\/blog\/#\/schema\/logo\/image\/"},"sameAs":["https:\/\/www.facebook.com\/IEG.Brasil","https:\/\/www.instagram.com\/ieg.brasil\/","https:\/\/www.linkedin.com\/company\/ieg-instituto-de-engenharia-de-gestao\/","https:\/\/www.youtube.com\/channel\/UCFEkxPdX86l8xWwV73kxJyA"]},{"@type":"Person","@id":"https:\/\/ieg.com.br\/blog\/#\/schema\/person\/4c2d72ddde770e48c4e179425ccc9dd5","name":"Reda\u00e7\u00e3o IEG","image":{"@type":"ImageObject","inLanguage":"pt-BR","@id":"https:\/\/ieg.com.br\/blog\/wp-content\/uploads\/2023\/04\/logo-IEG-para-blog_Prancheta-1-96x96.png","url":"https:\/\/ieg.com.br\/blog\/wp-content\/uploads\/2023\/04\/logo-IEG-para-blog_Prancheta-1-96x96.png","contentUrl":"https:\/\/ieg.com.br\/blog\/wp-content\/uploads\/2023\/04\/logo-IEG-para-blog_Prancheta-1-96x96.png","caption":"Reda\u00e7\u00e3o IEG"},"description":"O IEG \u00e9 uma empresa que elabora solu\u00e7\u00f5es de ensino, pesquisa e consultoria em gest\u00e3o de forma integrada e complementar para voc\u00ea e para a sua organiza\u00e7\u00e3o.","sameAs":["https:\/\/ieg.com.br\/blog"],"url":"https:\/\/ieg.com.br\/blog\/author\/admin\/"}]}},"_links":{"self":[{"href":"https:\/\/ieg.com.br\/blog\/wp-json\/wp\/v2\/posts\/7446","targetHints":{"allow":["GET"]}}],"collection":[{"href":"https:\/\/ieg.com.br\/blog\/wp-json\/wp\/v2\/posts"}],"about":[{"href":"https:\/\/ieg.com.br\/blog\/wp-json\/wp\/v2\/types\/post"}],"author":[{"embeddable":true,"href":"https:\/\/ieg.com.br\/blog\/wp-json\/wp\/v2\/users\/1"}],"replies":[{"embeddable":true,"href":"https:\/\/ieg.com.br\/blog\/wp-json\/wp\/v2\/comments?post=7446"}],"version-history":[{"count":2,"href":"https:\/\/ieg.com.br\/blog\/wp-json\/wp\/v2\/posts\/7446\/revisions"}],"predecessor-version":[{"id":7449,"href":"https:\/\/ieg.com.br\/blog\/wp-json\/wp\/v2\/posts\/7446\/revisions\/7449"}],"wp:featuredmedia":[{"embeddable":true,"href":"https:\/\/ieg.com.br\/blog\/wp-json\/wp\/v2\/media\/7447"}],"wp:attachment":[{"href":"https:\/\/ieg.com.br\/blog\/wp-json\/wp\/v2\/media?parent=7446"}],"wp:term":[{"taxonomy":"category","embeddable":true,"href":"https:\/\/ieg.com.br\/blog\/wp-json\/wp\/v2\/categories?post=7446"},{"taxonomy":"post_tag","embeddable":true,"href":"https:\/\/ieg.com.br\/blog\/wp-json\/wp\/v2\/tags?post=7446"}],"curies":[{"name":"wp","href":"https:\/\/api.w.org\/{rel}","templated":true}]}}