{"id":7406,"date":"2022-10-04T16:07:10","date_gmt":"2022-10-04T19:07:10","guid":{"rendered":"https:\/\/ieg.com.br\/blog\/?p=7406"},"modified":"2022-10-05T10:02:31","modified_gmt":"2022-10-05T13:02:31","slug":"sslf-2022-marca-o-retorno-dos-eventos-presenciais-do-ieg","status":"publish","type":"post","link":"https:\/\/ieg.com.br\/blog\/sslf-2022-marca-o-retorno-dos-eventos-presenciais-do-ieg\/","title":{"rendered":"SSLF 2022 marca o retorno dos eventos presenciais do IEG"},"content":{"rendered":"\n<p>O Shared Services Leadership Forum \u00e9 um evento realizado pelo IEG h\u00e1 9 anos, que tem como principal p\u00fablico as lideran\u00e7as dos Centros de Servi\u00e7os Compartilhados brasileiros, este ano o SSLF foi mais especial do que nunca, marcando a retomada dos eventos presenciais promovidos pelo IEG ap\u00f3s 2 anos de pandemia e distanciamento social. <\/p>\n\n\n\n<p>O evento aconteceu dia 21 de setembro, no espa\u00e7o Millenium, em S\u00e3o Paulo. Mais de 130 executivos, de cerca de 70 empresas brasileiras, estiveram presentes para viver uma imers\u00e3o de 9 horas em muito conte\u00fado e aprendizado. O SSLF 2022 contou com cerca de 20 palestrantes, para discutir tem\u00e1ticas que cercaram o tema central do evento, &#8220;Divergir para convergir: JUNTOS confrontando diferentes vis\u00f5es para a (re)constru\u00e7\u00e3o da Lideran\u00e7a do CSC&#8221;.<\/p>\n\n\n\n<p>O SSLF \u00e9 considerado o principal evento para diretores e l\u00edderes de CSC do pa\u00eds, e nesta edi\u00e7\u00e3o, as apresenta\u00e7\u00f5es, mesas de discuss\u00e3o e cases, promoveram ricas discuss\u00f5es sobre temas como: &#8220;Al\u00e9m da melhoria cont\u00ednua para proporcionar a evolu\u00e7\u00e3o do CSC&#8221;, &#8220;N\u00e3o h\u00e1 tempo a perder! Lideran\u00e7as navegando juntas com foco num objetivo maior!\u201d, &#8220;Inova\u00e7\u00e3o e Metaverso &#8211; Fronteiras a serem exploradas pelos L\u00edderes de CSC&#8221; e muito mais! <\/p>\n\n\n\n<p>O dia foi repleto de conversas importantes e muito networking, com um espa\u00e7o pensado especialmente para o favorecimento da troca entre os participantes do evento. O Pavilh\u00e3o de Estandes \u00e9 um ambiente que conta com a presen\u00e7a de cada parceiro do evento, que no SSLF 2022 foram, Rupee, ServiceNow, Fhinck, Requestia, Ambev e Alpargatas.<\/p>\n\n\n\n<figure class=\"wp-block-image size-large is-resized\"><img fetchpriority=\"high\" decoding=\"async\" src=\"https:\/\/ieg.com.br\/blog\/wp-content\/uploads\/2022\/10\/iQw_op0A-1024x682.jpeg\" alt=\"\" class=\"wp-image-7408\" width=\"619\" height=\"412\" srcset=\"https:\/\/ieg.com.br\/blog\/wp-content\/uploads\/2022\/10\/iQw_op0A-1024x682.jpeg 1024w, https:\/\/ieg.com.br\/blog\/wp-content\/uploads\/2022\/10\/iQw_op0A-300x200.jpeg 300w, https:\/\/ieg.com.br\/blog\/wp-content\/uploads\/2022\/10\/iQw_op0A-768x512.jpeg 768w, https:\/\/ieg.com.br\/blog\/wp-content\/uploads\/2022\/10\/iQw_op0A-1536x1023.jpeg 1536w, https:\/\/ieg.com.br\/blog\/wp-content\/uploads\/2022\/10\/iQw_op0A.jpeg 1600w\" sizes=\"(max-width: 619px) 100vw, 619px\" \/><figcaption>Hall de Estandes &#8211; SSLF 2022<\/figcaption><\/figure>\n\n\n\n<p>Durante o Coffee Break e tamb\u00e9m nos intervalos do evento, os participantes tinham acesso \u00e0s solu\u00e7\u00f5es das empresas parceiras, podiam fazer muito networking e tinham a oportunidade de conhecer um pouco mais dos trabalhos realizados pelo IEG, como a Pesquisa de Benchmark em CSC, Pesquisa Perfil de Profissionais de CSC, Pesquisa de Satisfa\u00e7\u00e3o, Manual de Boas Pr\u00e1ticas em CSC e ainda a MIA \u2013 Market Intelligence Application, a primeira e \u00fanica plataforma de CSC do pa\u00eds, que estava presente no evento atrav\u00e9s de uma intera\u00e7\u00e3o incr\u00edvel no Metaverso. <\/p>\n\n\n\n<p>Para fechar o evento com tudo, ao longo de um dia intenso de apresenta\u00e7\u00f5es e muita troca de experi\u00eancias, o SSLF contou com a palestra: &#8220;Entendendo o hist\u00f3rico para tra\u00e7ar um novo futuro em Servi\u00e7os Compartilhados&#8221;, apresentada por Marissandra Loeff, Head of Corporate Services no GRUPO NC.<\/p>\n\n\n\n<p>O evento foi especial e marcante para o time IEG e para todos os participantes do SSLF 2022, onde a oportunidade de reconex\u00e3o foi promovida com o objetivo de definir e transformar os rumos do Mercado de Servi\u00e7os Compartilhados. <\/p>\n\n\n\n<p>O pr\u00f3ximo e \u00faltimo evento organizado pelo IEG esse ano ser\u00e1 o TEC \u2013 Technology Evolution Conference 2022, evento voltado para <a href=\"https:\/\/ieg.com.br\/blog\/pesquisa-aponta-a-utilizacao-da-ia-e-machine-learning-no-recrutamento-de-pessoal\/\" target=\"_blank\" rel=\"noreferrer noopener\">tecnologia<\/a> e inova\u00e7\u00e3o nos neg\u00f3cios, voc\u00ea obt\u00e9m mais informa\u00e7\u00f5es sobre o TEC <a href=\"http:\/\/bit.ly\/tec22-ieg\" target=\"_blank\" rel=\"noreferrer noopener\">clicando aqui!<\/a><\/p>\n","protected":false},"excerpt":{"rendered":"<p>O Shared Services Leadership Forum \u00e9 um evento realizado pelo IEG h\u00e1 9 anos, que tem como principal p\u00fablico as lideran\u00e7as dos Centros de Servi\u00e7os Compartilhados brasileiros, este ano o SSLF foi mais especial do que nunca, marcando a retomada dos eventos presenciais promovidos pelo IEG ap\u00f3s 2 anos de pandemia e distanciamento social. O [&hellip;]<\/p>\n","protected":false},"author":1,"featured_media":7412,"comment_status":"open","ping_status":"open","sticky":false,"template":"","format":"standard","meta":{"_acf_changed":false,"footnotes":""},"categories":[1],"tags":[],"class_list":["post-7406","post","type-post","status-publish","format-standard","has-post-thumbnail","hentry","category-servicos-compartilhados"],"acf":[],"yoast_head":"<!-- This site is optimized with the Yoast SEO plugin v27.4 - https:\/\/yoast.com\/product\/yoast-seo-wordpress\/ -->\n<title>IEG Connection | SSLF 2022 marca o retorno dos eventos presenciais do IEG<\/title>\n<meta name=\"description\" content=\"Veja como foi o SSLF 2022, evento para lideran\u00e7as de CSCs brasileiros promovido pelo IEG em sua 9\u00aa edi\u00e7\u00e3o, presencialmente em S\u00e3o Paulo.\" \/>\n<meta name=\"robots\" content=\"index, follow, max-snippet:-1, max-image-preview:large, max-video-preview:-1\" \/>\n<link rel=\"canonical\" href=\"https:\/\/ieg.com.br\/blog\/sslf-2022-marca-o-retorno-dos-eventos-presenciais-do-ieg\/\" \/>\n<meta property=\"og:locale\" content=\"pt_BR\" \/>\n<meta property=\"og:type\" content=\"article\" \/>\n<meta property=\"og:title\" content=\"IEG Connection | SSLF 2022 marca o retorno dos eventos presenciais do IEG\" \/>\n<meta property=\"og:description\" content=\"Veja como foi o SSLF 2022, evento para lideran\u00e7as de CSCs brasileiros promovido pelo IEG em sua 9\u00aa edi\u00e7\u00e3o, presencialmente em S\u00e3o Paulo.\" \/>\n<meta property=\"og:url\" content=\"https:\/\/ieg.com.br\/blog\/sslf-2022-marca-o-retorno-dos-eventos-presenciais-do-ieg\/\" \/>\n<meta property=\"og:site_name\" content=\"IEG Connection\" \/>\n<meta property=\"article:publisher\" content=\"https:\/\/www.facebook.com\/IEG.Brasil\" \/>\n<meta property=\"article:published_time\" content=\"2022-10-04T19:07:10+00:00\" \/>\n<meta property=\"article:modified_time\" content=\"2022-10-05T13:02:31+00:00\" \/>\n<meta property=\"og:image\" content=\"https:\/\/ieg.com.br\/blog\/wp-content\/uploads\/2022\/10\/WhatsApp-Image-2022-10-04-at-15.54.29.jpeg\" \/>\n\t<meta property=\"og:image:width\" content=\"1280\" \/>\n\t<meta property=\"og:image:height\" content=\"733\" \/>\n\t<meta property=\"og:image:type\" content=\"image\/jpeg\" \/>\n<meta name=\"author\" content=\"Reda\u00e7\u00e3o IEG\" \/>\n<meta name=\"twitter:card\" content=\"summary_large_image\" \/>\n<meta name=\"twitter:label1\" content=\"Escrito por\" \/>\n\t<meta name=\"twitter:data1\" content=\"Reda\u00e7\u00e3o IEG\" \/>\n\t<meta name=\"twitter:label2\" content=\"Est. tempo de leitura\" \/>\n\t<meta name=\"twitter:data2\" content=\"3 minutos\" \/>\n<script type=\"application\/ld+json\" class=\"yoast-schema-graph\">{\"@context\":\"https:\\\/\\\/schema.org\",\"@graph\":[{\"@type\":\"Article\",\"@id\":\"https:\\\/\\\/ieg.com.br\\\/blog\\\/sslf-2022-marca-o-retorno-dos-eventos-presenciais-do-ieg\\\/#article\",\"isPartOf\":{\"@id\":\"https:\\\/\\\/ieg.com.br\\\/blog\\\/sslf-2022-marca-o-retorno-dos-eventos-presenciais-do-ieg\\\/\"},\"author\":{\"name\":\"Reda\u00e7\u00e3o IEG\",\"@id\":\"https:\\\/\\\/ieg.com.br\\\/blog\\\/#\\\/schema\\\/person\\\/4c2d72ddde770e48c4e179425ccc9dd5\"},\"headline\":\"SSLF 2022 marca o retorno dos eventos presenciais do IEG\",\"datePublished\":\"2022-10-04T19:07:10+00:00\",\"dateModified\":\"2022-10-05T13:02:31+00:00\",\"mainEntityOfPage\":{\"@id\":\"https:\\\/\\\/ieg.com.br\\\/blog\\\/sslf-2022-marca-o-retorno-dos-eventos-presenciais-do-ieg\\\/\"},\"wordCount\":503,\"commentCount\":0,\"publisher\":{\"@id\":\"https:\\\/\\\/ieg.com.br\\\/blog\\\/#organization\"},\"image\":{\"@id\":\"https:\\\/\\\/ieg.com.br\\\/blog\\\/sslf-2022-marca-o-retorno-dos-eventos-presenciais-do-ieg\\\/#primaryimage\"},\"thumbnailUrl\":\"https:\\\/\\\/ieg.com.br\\\/blog\\\/wp-content\\\/uploads\\\/2022\\\/10\\\/WhatsApp-Image-2022-10-04-at-15.54.29.jpeg\",\"articleSection\":[\"Servi\u00e7os Compartilhados\"],\"inLanguage\":\"pt-BR\",\"potentialAction\":[{\"@type\":\"CommentAction\",\"name\":\"Comment\",\"target\":[\"https:\\\/\\\/ieg.com.br\\\/blog\\\/sslf-2022-marca-o-retorno-dos-eventos-presenciais-do-ieg\\\/#respond\"]}]},{\"@type\":\"WebPage\",\"@id\":\"https:\\\/\\\/ieg.com.br\\\/blog\\\/sslf-2022-marca-o-retorno-dos-eventos-presenciais-do-ieg\\\/\",\"url\":\"https:\\\/\\\/ieg.com.br\\\/blog\\\/sslf-2022-marca-o-retorno-dos-eventos-presenciais-do-ieg\\\/\",\"name\":\"IEG Connection | SSLF 2022 marca o retorno dos eventos presenciais do IEG\",\"isPartOf\":{\"@id\":\"https:\\\/\\\/ieg.com.br\\\/blog\\\/#website\"},\"primaryImageOfPage\":{\"@id\":\"https:\\\/\\\/ieg.com.br\\\/blog\\\/sslf-2022-marca-o-retorno-dos-eventos-presenciais-do-ieg\\\/#primaryimage\"},\"image\":{\"@id\":\"https:\\\/\\\/ieg.com.br\\\/blog\\\/sslf-2022-marca-o-retorno-dos-eventos-presenciais-do-ieg\\\/#primaryimage\"},\"thumbnailUrl\":\"https:\\\/\\\/ieg.com.br\\\/blog\\\/wp-content\\\/uploads\\\/2022\\\/10\\\/WhatsApp-Image-2022-10-04-at-15.54.29.jpeg\",\"datePublished\":\"2022-10-04T19:07:10+00:00\",\"dateModified\":\"2022-10-05T13:02:31+00:00\",\"description\":\"Veja como foi o SSLF 2022, evento para lideran\u00e7as de CSCs brasileiros promovido pelo IEG em sua 9\u00aa edi\u00e7\u00e3o, presencialmente em S\u00e3o Paulo.\",\"breadcrumb\":{\"@id\":\"https:\\\/\\\/ieg.com.br\\\/blog\\\/sslf-2022-marca-o-retorno-dos-eventos-presenciais-do-ieg\\\/#breadcrumb\"},\"inLanguage\":\"pt-BR\",\"potentialAction\":[{\"@type\":\"ReadAction\",\"target\":[\"https:\\\/\\\/ieg.com.br\\\/blog\\\/sslf-2022-marca-o-retorno-dos-eventos-presenciais-do-ieg\\\/\"]}]},{\"@type\":\"ImageObject\",\"inLanguage\":\"pt-BR\",\"@id\":\"https:\\\/\\\/ieg.com.br\\\/blog\\\/sslf-2022-marca-o-retorno-dos-eventos-presenciais-do-ieg\\\/#primaryimage\",\"url\":\"https:\\\/\\\/ieg.com.br\\\/blog\\\/wp-content\\\/uploads\\\/2022\\\/10\\\/WhatsApp-Image-2022-10-04-at-15.54.29.jpeg\",\"contentUrl\":\"https:\\\/\\\/ieg.com.br\\\/blog\\\/wp-content\\\/uploads\\\/2022\\\/10\\\/WhatsApp-Image-2022-10-04-at-15.54.29.jpeg\",\"width\":1280,\"height\":733},{\"@type\":\"BreadcrumbList\",\"@id\":\"https:\\\/\\\/ieg.com.br\\\/blog\\\/sslf-2022-marca-o-retorno-dos-eventos-presenciais-do-ieg\\\/#breadcrumb\",\"itemListElement\":[{\"@type\":\"ListItem\",\"position\":1,\"name\":\"In\u00edcio\",\"item\":\"https:\\\/\\\/ieg.com.br\\\/blog\\\/\"},{\"@type\":\"ListItem\",\"position\":2,\"name\":\"SSLF 2022 marca o retorno dos eventos presenciais do IEG\"}]},{\"@type\":\"WebSite\",\"@id\":\"https:\\\/\\\/ieg.com.br\\\/blog\\\/#website\",\"url\":\"https:\\\/\\\/ieg.com.br\\\/blog\\\/\",\"name\":\"IEG Connection\",\"description\":\"O IEG \u00e9 uma empresa que elabora solu\u00e7\u00f5es de ensino, pesquisa e consultoria em gest\u00e3o de forma integrada e complementar para voc\u00ea e para a sua organiza\u00e7\u00e3o.\",\"publisher\":{\"@id\":\"https:\\\/\\\/ieg.com.br\\\/blog\\\/#organization\"},\"potentialAction\":[{\"@type\":\"SearchAction\",\"target\":{\"@type\":\"EntryPoint\",\"urlTemplate\":\"https:\\\/\\\/ieg.com.br\\\/blog\\\/?s={search_term_string}\"},\"query-input\":{\"@type\":\"PropertyValueSpecification\",\"valueRequired\":true,\"valueName\":\"search_term_string\"}}],\"inLanguage\":\"pt-BR\"},{\"@type\":\"Organization\",\"@id\":\"https:\\\/\\\/ieg.com.br\\\/blog\\\/#organization\",\"name\":\"IEG\",\"url\":\"https:\\\/\\\/ieg.com.br\\\/blog\\\/\",\"logo\":{\"@type\":\"ImageObject\",\"inLanguage\":\"pt-BR\",\"@id\":\"https:\\\/\\\/ieg.com.br\\\/blog\\\/#\\\/schema\\\/logo\\\/image\\\/\",\"url\":\"https:\\\/\\\/ieg.com.br\\\/blog\\\/wp-content\\\/uploads\\\/2021\\\/02\\\/ieg-blog-logo.png\",\"contentUrl\":\"https:\\\/\\\/ieg.com.br\\\/blog\\\/wp-content\\\/uploads\\\/2021\\\/02\\\/ieg-blog-logo.png\",\"width\":310,\"height\":126,\"caption\":\"IEG\"},\"image\":{\"@id\":\"https:\\\/\\\/ieg.com.br\\\/blog\\\/#\\\/schema\\\/logo\\\/image\\\/\"},\"sameAs\":[\"https:\\\/\\\/www.facebook.com\\\/IEG.Brasil\",\"https:\\\/\\\/www.instagram.com\\\/ieg.brasil\\\/\",\"https:\\\/\\\/www.linkedin.com\\\/company\\\/ieg-instituto-de-engenharia-de-gestao\\\/\",\"https:\\\/\\\/www.youtube.com\\\/channel\\\/UCFEkxPdX86l8xWwV73kxJyA\"]},{\"@type\":\"Person\",\"@id\":\"https:\\\/\\\/ieg.com.br\\\/blog\\\/#\\\/schema\\\/person\\\/4c2d72ddde770e48c4e179425ccc9dd5\",\"name\":\"Reda\u00e7\u00e3o IEG\",\"image\":{\"@type\":\"ImageObject\",\"inLanguage\":\"pt-BR\",\"@id\":\"https:\\\/\\\/ieg.com.br\\\/blog\\\/wp-content\\\/uploads\\\/2023\\\/04\\\/logo-IEG-para-blog_Prancheta-1-96x96.png\",\"url\":\"https:\\\/\\\/ieg.com.br\\\/blog\\\/wp-content\\\/uploads\\\/2023\\\/04\\\/logo-IEG-para-blog_Prancheta-1-96x96.png\",\"contentUrl\":\"https:\\\/\\\/ieg.com.br\\\/blog\\\/wp-content\\\/uploads\\\/2023\\\/04\\\/logo-IEG-para-blog_Prancheta-1-96x96.png\",\"caption\":\"Reda\u00e7\u00e3o IEG\"},\"description\":\"O IEG \u00e9 uma empresa que elabora solu\u00e7\u00f5es de ensino, pesquisa e consultoria em gest\u00e3o de forma integrada e complementar para voc\u00ea e para a sua organiza\u00e7\u00e3o.\",\"sameAs\":[\"https:\\\/\\\/ieg.com.br\\\/blog\"],\"url\":\"https:\\\/\\\/ieg.com.br\\\/blog\\\/author\\\/admin\\\/\"}]}<\/script>\n<!-- \/ Yoast SEO plugin. -->","yoast_head_json":{"title":"IEG Connection | SSLF 2022 marca o retorno dos eventos presenciais do IEG","description":"Veja como foi o SSLF 2022, evento para lideran\u00e7as de CSCs brasileiros promovido pelo IEG em sua 9\u00aa edi\u00e7\u00e3o, presencialmente em S\u00e3o Paulo.","robots":{"index":"index","follow":"follow","max-snippet":"max-snippet:-1","max-image-preview":"max-image-preview:large","max-video-preview":"max-video-preview:-1"},"canonical":"https:\/\/ieg.com.br\/blog\/sslf-2022-marca-o-retorno-dos-eventos-presenciais-do-ieg\/","og_locale":"pt_BR","og_type":"article","og_title":"IEG Connection | SSLF 2022 marca o retorno dos eventos presenciais do IEG","og_description":"Veja como foi o SSLF 2022, evento para lideran\u00e7as de CSCs brasileiros promovido pelo IEG em sua 9\u00aa edi\u00e7\u00e3o, presencialmente em S\u00e3o Paulo.","og_url":"https:\/\/ieg.com.br\/blog\/sslf-2022-marca-o-retorno-dos-eventos-presenciais-do-ieg\/","og_site_name":"IEG Connection","article_publisher":"https:\/\/www.facebook.com\/IEG.Brasil","article_published_time":"2022-10-04T19:07:10+00:00","article_modified_time":"2022-10-05T13:02:31+00:00","og_image":[{"width":1280,"height":733,"url":"https:\/\/ieg.com.br\/blog\/wp-content\/uploads\/2022\/10\/WhatsApp-Image-2022-10-04-at-15.54.29.jpeg","type":"image\/jpeg"}],"author":"Reda\u00e7\u00e3o IEG","twitter_card":"summary_large_image","twitter_misc":{"Escrito por":"Reda\u00e7\u00e3o IEG","Est. tempo de leitura":"3 minutos"},"schema":{"@context":"https:\/\/schema.org","@graph":[{"@type":"Article","@id":"https:\/\/ieg.com.br\/blog\/sslf-2022-marca-o-retorno-dos-eventos-presenciais-do-ieg\/#article","isPartOf":{"@id":"https:\/\/ieg.com.br\/blog\/sslf-2022-marca-o-retorno-dos-eventos-presenciais-do-ieg\/"},"author":{"name":"Reda\u00e7\u00e3o IEG","@id":"https:\/\/ieg.com.br\/blog\/#\/schema\/person\/4c2d72ddde770e48c4e179425ccc9dd5"},"headline":"SSLF 2022 marca o retorno dos eventos presenciais do IEG","datePublished":"2022-10-04T19:07:10+00:00","dateModified":"2022-10-05T13:02:31+00:00","mainEntityOfPage":{"@id":"https:\/\/ieg.com.br\/blog\/sslf-2022-marca-o-retorno-dos-eventos-presenciais-do-ieg\/"},"wordCount":503,"commentCount":0,"publisher":{"@id":"https:\/\/ieg.com.br\/blog\/#organization"},"image":{"@id":"https:\/\/ieg.com.br\/blog\/sslf-2022-marca-o-retorno-dos-eventos-presenciais-do-ieg\/#primaryimage"},"thumbnailUrl":"https:\/\/ieg.com.br\/blog\/wp-content\/uploads\/2022\/10\/WhatsApp-Image-2022-10-04-at-15.54.29.jpeg","articleSection":["Servi\u00e7os Compartilhados"],"inLanguage":"pt-BR","potentialAction":[{"@type":"CommentAction","name":"Comment","target":["https:\/\/ieg.com.br\/blog\/sslf-2022-marca-o-retorno-dos-eventos-presenciais-do-ieg\/#respond"]}]},{"@type":"WebPage","@id":"https:\/\/ieg.com.br\/blog\/sslf-2022-marca-o-retorno-dos-eventos-presenciais-do-ieg\/","url":"https:\/\/ieg.com.br\/blog\/sslf-2022-marca-o-retorno-dos-eventos-presenciais-do-ieg\/","name":"IEG Connection | SSLF 2022 marca o retorno dos eventos presenciais do IEG","isPartOf":{"@id":"https:\/\/ieg.com.br\/blog\/#website"},"primaryImageOfPage":{"@id":"https:\/\/ieg.com.br\/blog\/sslf-2022-marca-o-retorno-dos-eventos-presenciais-do-ieg\/#primaryimage"},"image":{"@id":"https:\/\/ieg.com.br\/blog\/sslf-2022-marca-o-retorno-dos-eventos-presenciais-do-ieg\/#primaryimage"},"thumbnailUrl":"https:\/\/ieg.com.br\/blog\/wp-content\/uploads\/2022\/10\/WhatsApp-Image-2022-10-04-at-15.54.29.jpeg","datePublished":"2022-10-04T19:07:10+00:00","dateModified":"2022-10-05T13:02:31+00:00","description":"Veja como foi o SSLF 2022, evento para lideran\u00e7as de CSCs brasileiros promovido pelo IEG em sua 9\u00aa edi\u00e7\u00e3o, presencialmente em S\u00e3o Paulo.","breadcrumb":{"@id":"https:\/\/ieg.com.br\/blog\/sslf-2022-marca-o-retorno-dos-eventos-presenciais-do-ieg\/#breadcrumb"},"inLanguage":"pt-BR","potentialAction":[{"@type":"ReadAction","target":["https:\/\/ieg.com.br\/blog\/sslf-2022-marca-o-retorno-dos-eventos-presenciais-do-ieg\/"]}]},{"@type":"ImageObject","inLanguage":"pt-BR","@id":"https:\/\/ieg.com.br\/blog\/sslf-2022-marca-o-retorno-dos-eventos-presenciais-do-ieg\/#primaryimage","url":"https:\/\/ieg.com.br\/blog\/wp-content\/uploads\/2022\/10\/WhatsApp-Image-2022-10-04-at-15.54.29.jpeg","contentUrl":"https:\/\/ieg.com.br\/blog\/wp-content\/uploads\/2022\/10\/WhatsApp-Image-2022-10-04-at-15.54.29.jpeg","width":1280,"height":733},{"@type":"BreadcrumbList","@id":"https:\/\/ieg.com.br\/blog\/sslf-2022-marca-o-retorno-dos-eventos-presenciais-do-ieg\/#breadcrumb","itemListElement":[{"@type":"ListItem","position":1,"name":"In\u00edcio","item":"https:\/\/ieg.com.br\/blog\/"},{"@type":"ListItem","position":2,"name":"SSLF 2022 marca o retorno dos eventos presenciais do IEG"}]},{"@type":"WebSite","@id":"https:\/\/ieg.com.br\/blog\/#website","url":"https:\/\/ieg.com.br\/blog\/","name":"IEG Connection","description":"O IEG \u00e9 uma empresa que elabora solu\u00e7\u00f5es de ensino, pesquisa e consultoria em gest\u00e3o de forma integrada e complementar para voc\u00ea e para a sua organiza\u00e7\u00e3o.","publisher":{"@id":"https:\/\/ieg.com.br\/blog\/#organization"},"potentialAction":[{"@type":"SearchAction","target":{"@type":"EntryPoint","urlTemplate":"https:\/\/ieg.com.br\/blog\/?s={search_term_string}"},"query-input":{"@type":"PropertyValueSpecification","valueRequired":true,"valueName":"search_term_string"}}],"inLanguage":"pt-BR"},{"@type":"Organization","@id":"https:\/\/ieg.com.br\/blog\/#organization","name":"IEG","url":"https:\/\/ieg.com.br\/blog\/","logo":{"@type":"ImageObject","inLanguage":"pt-BR","@id":"https:\/\/ieg.com.br\/blog\/#\/schema\/logo\/image\/","url":"https:\/\/ieg.com.br\/blog\/wp-content\/uploads\/2021\/02\/ieg-blog-logo.png","contentUrl":"https:\/\/ieg.com.br\/blog\/wp-content\/uploads\/2021\/02\/ieg-blog-logo.png","width":310,"height":126,"caption":"IEG"},"image":{"@id":"https:\/\/ieg.com.br\/blog\/#\/schema\/logo\/image\/"},"sameAs":["https:\/\/www.facebook.com\/IEG.Brasil","https:\/\/www.instagram.com\/ieg.brasil\/","https:\/\/www.linkedin.com\/company\/ieg-instituto-de-engenharia-de-gestao\/","https:\/\/www.youtube.com\/channel\/UCFEkxPdX86l8xWwV73kxJyA"]},{"@type":"Person","@id":"https:\/\/ieg.com.br\/blog\/#\/schema\/person\/4c2d72ddde770e48c4e179425ccc9dd5","name":"Reda\u00e7\u00e3o IEG","image":{"@type":"ImageObject","inLanguage":"pt-BR","@id":"https:\/\/ieg.com.br\/blog\/wp-content\/uploads\/2023\/04\/logo-IEG-para-blog_Prancheta-1-96x96.png","url":"https:\/\/ieg.com.br\/blog\/wp-content\/uploads\/2023\/04\/logo-IEG-para-blog_Prancheta-1-96x96.png","contentUrl":"https:\/\/ieg.com.br\/blog\/wp-content\/uploads\/2023\/04\/logo-IEG-para-blog_Prancheta-1-96x96.png","caption":"Reda\u00e7\u00e3o IEG"},"description":"O IEG \u00e9 uma empresa que elabora solu\u00e7\u00f5es de ensino, pesquisa e consultoria em gest\u00e3o de forma integrada e complementar para voc\u00ea e para a sua organiza\u00e7\u00e3o.","sameAs":["https:\/\/ieg.com.br\/blog"],"url":"https:\/\/ieg.com.br\/blog\/author\/admin\/"}]}},"_links":{"self":[{"href":"https:\/\/ieg.com.br\/blog\/wp-json\/wp\/v2\/posts\/7406","targetHints":{"allow":["GET"]}}],"collection":[{"href":"https:\/\/ieg.com.br\/blog\/wp-json\/wp\/v2\/posts"}],"about":[{"href":"https:\/\/ieg.com.br\/blog\/wp-json\/wp\/v2\/types\/post"}],"author":[{"embeddable":true,"href":"https:\/\/ieg.com.br\/blog\/wp-json\/wp\/v2\/users\/1"}],"replies":[{"embeddable":true,"href":"https:\/\/ieg.com.br\/blog\/wp-json\/wp\/v2\/comments?post=7406"}],"version-history":[{"count":4,"href":"https:\/\/ieg.com.br\/blog\/wp-json\/wp\/v2\/posts\/7406\/revisions"}],"predecessor-version":[{"id":7422,"href":"https:\/\/ieg.com.br\/blog\/wp-json\/wp\/v2\/posts\/7406\/revisions\/7422"}],"wp:featuredmedia":[{"embeddable":true,"href":"https:\/\/ieg.com.br\/blog\/wp-json\/wp\/v2\/media\/7412"}],"wp:attachment":[{"href":"https:\/\/ieg.com.br\/blog\/wp-json\/wp\/v2\/media?parent=7406"}],"wp:term":[{"taxonomy":"category","embeddable":true,"href":"https:\/\/ieg.com.br\/blog\/wp-json\/wp\/v2\/categories?post=7406"},{"taxonomy":"post_tag","embeddable":true,"href":"https:\/\/ieg.com.br\/blog\/wp-json\/wp\/v2\/tags?post=7406"}],"curies":[{"name":"wp","href":"https:\/\/api.w.org\/{rel}","templated":true}]}}