{"id":7372,"date":"2022-08-23T14:40:20","date_gmt":"2022-08-23T17:40:20","guid":{"rendered":"https:\/\/ieg.com.br\/blog\/?p=7372"},"modified":"2023-02-17T14:55:27","modified_gmt":"2023-02-17T17:55:27","slug":"metaverso-esta-claro-para-42-dos-profissionais-brasileiros","status":"publish","type":"post","link":"https:\/\/ieg.com.br\/blog\/metaverso-esta-claro-para-42-dos-profissionais-brasileiros\/","title":{"rendered":"Metaverso est\u00e1 claro para 42% dos profissionais brasileiros"},"content":{"rendered":"\n<p>Por outro lado, 50% dos entrevistados revelam que entendem apenas parcialmente  sobre metaverso e os demais n\u00e3o conhecem o tema. <a href=\"https:\/\/ieg.com.br\/blog\/quais-as-principais-percepcoes-dos-profissionais-brasileiros-no-cenario-emergente-do-metaverso-e-perspectivas-futuras\/\">Estudo revela as impress\u00f5es dos profissionais do pa\u00eds com rela\u00e7\u00e3o ao tema<\/a>. <\/p>\n\n\n\n<p>A oportunidade de mercado para o metaverso pode atingir US$ 800 bilh\u00f5es (R$ 4,3 trilh\u00f5es) at\u00e9 2024, segundo uma proje\u00e7\u00e3o da Bloomberg Intelligence. N\u00e3o \u00e0 toa, o Bank of America incluiu a inova\u00e7\u00e3o em sua lista de quatorze tecnologias que devem <a href=\"https:\/\/ieg.com.br\/blog\/principais-tendencias-nas-areas-de-tecnologia-ate-2025\/\">revolucionar a vida da sociedade<\/a>.<\/p>\n\n\n\n<p>De acordo com o estudo, 42% dos profissionais afirmam que o conceito de metaverso est\u00e1 totalmente claro. Por outro lado, 50% dos entrevistados revelam que entendem apenas parcialmente e os demais n\u00e3o conhecem o tema. Al\u00e9m disso, 75% dos participantes nunca tiveram contato com o metaverso.<\/p>\n\n\n\n<p>Segundo Lara Pessanha, s\u00f3cia do IEG, com base na pesquisa foi poss\u00edvel perceber que o metaverso j\u00e1 \u00e9 um termo bastante conhecido entre os profissionais do pa\u00eds, entretanto, muitos ainda n\u00e3o dominam totalmente o conceito, tendo algumas d\u00favidas sobre o mesmo. Ela aponta que isso \u00e9 natural, dado que o tema ainda \u00e9 considerado relativamente novo.<\/p>\n\n\n\n<p>Pessanha chama a aten\u00e7\u00e3o para o ponto da pesquisa que indica que 3 em cada 4 profissionais nunca tiveram contato com o metaverso. \u201cEsse dado representa uma grande oportunidade, pois, apesar de ser um termo conhecido na teoria, poucos conseguiram tangibilizar o conceito experimentando na pr\u00e1tica\u201d.<\/p>\n\n\n\n<p>Ainda segundo a an\u00e1lise do <a href=\"http:\/\/www.ieg.com.br\">IEG<\/a>, mais da metade dos entrevistados informaram que as corpora\u00e7\u00f5es em que atuam ainda n\u00e3o desenvolveram qualquer a\u00e7\u00e3o relacionada ao metaverso, sendo que 38% deles afirmaram que elas pretendem faz\u00ea-lo. Na vis\u00e3o dos trabalhadores, as \u00e1reas que t\u00eam maior oportunidade de utilizar a nova tecnologia nas empresas s\u00e3o: Atendimento ao Cliente (64%), Marketing (59%) e Recursos Humanos (52%).<\/p>\n\n\n\n<p>A sondagem tamb\u00e9m aponta que, para os profissionais, os treinamentos de colaboradores tendem a ser altamente impactados pelo metaverso, tanto no aspecto financeiro quanto em termos de experi\u00eancia.<\/p>\n\n\n\n<p>Para 82% dos entrevistados, as novas possibilidades de conex\u00e3o com os clientes est\u00e3o entre os principais benef\u00edcios que podem ser obtidos pelas empresas por meio da inova\u00e7\u00e3o. Al\u00e9m disso, eles citaram: o posicionamento inovador (77%) e as novas possibilidades de conex\u00e3o com os funcion\u00e1rios (76%).<\/p>\n\n\n\n<p>Por outro lado, os profissionais tamb\u00e9m est\u00e3o cientes que a ades\u00e3o ao metaverso pode trazer alguns desafios, como os riscos de seguran\u00e7a da informa\u00e7\u00e3o (73%), a dificuldade em encontrar pessoas capacitadas para atuar na \u00e1rea (71%) e de acesso \u00e0s tecnologias necess\u00e1rias (63%).<\/p>\n\n\n\n<p>Fonte: IEG<\/p>\n\n\n\n<p>Voc\u00ea pode conferir o estudo&nbsp;<em><a href=\"https:\/\/materiais.ieg.com.br\/im-campanha-download-divulgacao-resultado-da-pesquisa-perspectivas-metaverso\" target=\"_blank\" rel=\"noreferrer noopener\">clicando aqui<\/a><\/em>&nbsp;e baixando o relat\u00f3rio com o resumo dos resultados da pesquisa. <\/p>\n\n\n\n<p>O IEG possui uma forte atua\u00e7\u00e3o no mercado de Servi\u00e7os Compartilhados, estando em contato com empresas refer\u00eancias neste segmento atrav\u00e9s de eventos, pesquisas, revista e parcerias firmadas.&nbsp; Para mais informa\u00e7\u00f5es, entre em contato com o IEG no e-mail:&nbsp;<em><a href=\"mailto:pesquisas@ieg.com.br\">pesquisas@ieg.com.br<\/a><\/em><\/p>\n","protected":false},"excerpt":{"rendered":"<p>Por outro lado, 50% dos entrevistados revelam que entendem apenas parcialmente sobre metaverso e os demais n\u00e3o conhecem o tema. Estudo revela as impress\u00f5es dos profissionais do pa\u00eds com rela\u00e7\u00e3o ao tema. A oportunidade de mercado para o metaverso pode atingir US$ 800 bilh\u00f5es (R$ 4,3 trilh\u00f5es) at\u00e9 2024, segundo uma proje\u00e7\u00e3o da Bloomberg Intelligence. [&hellip;]<\/p>\n","protected":false},"author":1,"featured_media":7374,"comment_status":"open","ping_status":"open","sticky":false,"template":"","format":"standard","meta":{"_acf_changed":false,"footnotes":""},"categories":[133],"tags":[63,76,102,109,172,173,174,175],"class_list":["post-7372","post","type-post","status-publish","format-standard","has-post-thumbnail","hentry","category-tecnologia-e-inovacao","tag-gestao","tag-inovacao","tag-ieg","tag-tecnologia","tag-metaverso","tag-tecnologias","tag-pesquisas","tag-inteligencia-de-mercado"],"acf":[],"yoast_head":"<!-- This site is optimized with the Yoast SEO plugin v27.4 - https:\/\/yoast.com\/product\/yoast-seo-wordpress\/ -->\n<title>IEG Connection | Metaverso est\u00e1 claro para 42% dos profissionais brasileiros<\/title>\n<meta name=\"description\" content=\"De acordo com o estudo, 42% dos profissionais afirmam que o conceito de metaverso est\u00e1 totalmente claro.\" \/>\n<meta name=\"robots\" content=\"index, follow, max-snippet:-1, max-image-preview:large, max-video-preview:-1\" \/>\n<link rel=\"canonical\" href=\"https:\/\/ieg.com.br\/blog\/metaverso-esta-claro-para-42-dos-profissionais-brasileiros\/\" \/>\n<meta property=\"og:locale\" content=\"pt_BR\" \/>\n<meta property=\"og:type\" content=\"article\" \/>\n<meta property=\"og:title\" content=\"IEG Connection | Metaverso est\u00e1 claro para 42% dos profissionais brasileiros\" \/>\n<meta property=\"og:description\" content=\"De acordo com o estudo, 42% dos profissionais afirmam que o conceito de metaverso est\u00e1 totalmente claro.\" \/>\n<meta property=\"og:url\" content=\"https:\/\/ieg.com.br\/blog\/metaverso-esta-claro-para-42-dos-profissionais-brasileiros\/\" \/>\n<meta property=\"og:site_name\" content=\"IEG Connection\" \/>\n<meta property=\"article:publisher\" content=\"https:\/\/www.facebook.com\/IEG.Brasil\" \/>\n<meta property=\"article:published_time\" content=\"2022-08-23T17:40:20+00:00\" \/>\n<meta property=\"article:modified_time\" content=\"2023-02-17T17:55:27+00:00\" \/>\n<meta property=\"og:image\" content=\"https:\/\/ieg.com.br\/blog\/wp-content\/uploads\/2022\/08\/metaverso-blog.jpg\" \/>\n\t<meta property=\"og:image:width\" content=\"800\" \/>\n\t<meta property=\"og:image:height\" content=\"530\" \/>\n\t<meta property=\"og:image:type\" content=\"image\/jpeg\" \/>\n<meta name=\"author\" content=\"Reda\u00e7\u00e3o IEG\" \/>\n<meta name=\"twitter:card\" content=\"summary_large_image\" \/>\n<meta name=\"twitter:label1\" content=\"Escrito por\" \/>\n\t<meta name=\"twitter:data1\" content=\"Reda\u00e7\u00e3o IEG\" \/>\n\t<meta name=\"twitter:label2\" content=\"Est. tempo de leitura\" \/>\n\t<meta name=\"twitter:data2\" content=\"3 minutos\" \/>\n<script type=\"application\/ld+json\" class=\"yoast-schema-graph\">{\"@context\":\"https:\\\/\\\/schema.org\",\"@graph\":[{\"@type\":\"Article\",\"@id\":\"https:\\\/\\\/ieg.com.br\\\/blog\\\/metaverso-esta-claro-para-42-dos-profissionais-brasileiros\\\/#article\",\"isPartOf\":{\"@id\":\"https:\\\/\\\/ieg.com.br\\\/blog\\\/metaverso-esta-claro-para-42-dos-profissionais-brasileiros\\\/\"},\"author\":{\"name\":\"Reda\u00e7\u00e3o IEG\",\"@id\":\"https:\\\/\\\/ieg.com.br\\\/blog\\\/#\\\/schema\\\/person\\\/4c2d72ddde770e48c4e179425ccc9dd5\"},\"headline\":\"Metaverso est\u00e1 claro para 42% dos profissionais brasileiros\",\"datePublished\":\"2022-08-23T17:40:20+00:00\",\"dateModified\":\"2023-02-17T17:55:27+00:00\",\"mainEntityOfPage\":{\"@id\":\"https:\\\/\\\/ieg.com.br\\\/blog\\\/metaverso-esta-claro-para-42-dos-profissionais-brasileiros\\\/\"},\"wordCount\":502,\"commentCount\":0,\"publisher\":{\"@id\":\"https:\\\/\\\/ieg.com.br\\\/blog\\\/#organization\"},\"image\":{\"@id\":\"https:\\\/\\\/ieg.com.br\\\/blog\\\/metaverso-esta-claro-para-42-dos-profissionais-brasileiros\\\/#primaryimage\"},\"thumbnailUrl\":\"https:\\\/\\\/ieg.com.br\\\/blog\\\/wp-content\\\/uploads\\\/2022\\\/08\\\/metaverso-blog.jpg\",\"keywords\":[\"gest\u00e3o\",\"inova\u00e7\u00e3o\",\"IEG\",\"tecnologia\",\"metaverso\",\"tecnologias\",\"pesquisas\",\"intelig\u00eancia de mercado\"],\"articleSection\":[\"Tecnologia e Inova\u00e7\u00e3o\"],\"inLanguage\":\"pt-BR\",\"potentialAction\":[{\"@type\":\"CommentAction\",\"name\":\"Comment\",\"target\":[\"https:\\\/\\\/ieg.com.br\\\/blog\\\/metaverso-esta-claro-para-42-dos-profissionais-brasileiros\\\/#respond\"]}]},{\"@type\":\"WebPage\",\"@id\":\"https:\\\/\\\/ieg.com.br\\\/blog\\\/metaverso-esta-claro-para-42-dos-profissionais-brasileiros\\\/\",\"url\":\"https:\\\/\\\/ieg.com.br\\\/blog\\\/metaverso-esta-claro-para-42-dos-profissionais-brasileiros\\\/\",\"name\":\"IEG Connection | Metaverso est\u00e1 claro para 42% dos profissionais brasileiros\",\"isPartOf\":{\"@id\":\"https:\\\/\\\/ieg.com.br\\\/blog\\\/#website\"},\"primaryImageOfPage\":{\"@id\":\"https:\\\/\\\/ieg.com.br\\\/blog\\\/metaverso-esta-claro-para-42-dos-profissionais-brasileiros\\\/#primaryimage\"},\"image\":{\"@id\":\"https:\\\/\\\/ieg.com.br\\\/blog\\\/metaverso-esta-claro-para-42-dos-profissionais-brasileiros\\\/#primaryimage\"},\"thumbnailUrl\":\"https:\\\/\\\/ieg.com.br\\\/blog\\\/wp-content\\\/uploads\\\/2022\\\/08\\\/metaverso-blog.jpg\",\"datePublished\":\"2022-08-23T17:40:20+00:00\",\"dateModified\":\"2023-02-17T17:55:27+00:00\",\"description\":\"De acordo com o estudo, 42% dos profissionais afirmam que o conceito de metaverso est\u00e1 totalmente claro.\",\"breadcrumb\":{\"@id\":\"https:\\\/\\\/ieg.com.br\\\/blog\\\/metaverso-esta-claro-para-42-dos-profissionais-brasileiros\\\/#breadcrumb\"},\"inLanguage\":\"pt-BR\",\"potentialAction\":[{\"@type\":\"ReadAction\",\"target\":[\"https:\\\/\\\/ieg.com.br\\\/blog\\\/metaverso-esta-claro-para-42-dos-profissionais-brasileiros\\\/\"]}]},{\"@type\":\"ImageObject\",\"inLanguage\":\"pt-BR\",\"@id\":\"https:\\\/\\\/ieg.com.br\\\/blog\\\/metaverso-esta-claro-para-42-dos-profissionais-brasileiros\\\/#primaryimage\",\"url\":\"https:\\\/\\\/ieg.com.br\\\/blog\\\/wp-content\\\/uploads\\\/2022\\\/08\\\/metaverso-blog.jpg\",\"contentUrl\":\"https:\\\/\\\/ieg.com.br\\\/blog\\\/wp-content\\\/uploads\\\/2022\\\/08\\\/metaverso-blog.jpg\",\"width\":800,\"height\":530},{\"@type\":\"BreadcrumbList\",\"@id\":\"https:\\\/\\\/ieg.com.br\\\/blog\\\/metaverso-esta-claro-para-42-dos-profissionais-brasileiros\\\/#breadcrumb\",\"itemListElement\":[{\"@type\":\"ListItem\",\"position\":1,\"name\":\"In\u00edcio\",\"item\":\"https:\\\/\\\/ieg.com.br\\\/blog\\\/\"},{\"@type\":\"ListItem\",\"position\":2,\"name\":\"Metaverso est\u00e1 claro para 42% dos profissionais brasileiros\"}]},{\"@type\":\"WebSite\",\"@id\":\"https:\\\/\\\/ieg.com.br\\\/blog\\\/#website\",\"url\":\"https:\\\/\\\/ieg.com.br\\\/blog\\\/\",\"name\":\"IEG Connection\",\"description\":\"O IEG \u00e9 uma empresa que elabora solu\u00e7\u00f5es de ensino, pesquisa e consultoria em gest\u00e3o de forma integrada e complementar para voc\u00ea e para a sua organiza\u00e7\u00e3o.\",\"publisher\":{\"@id\":\"https:\\\/\\\/ieg.com.br\\\/blog\\\/#organization\"},\"potentialAction\":[{\"@type\":\"SearchAction\",\"target\":{\"@type\":\"EntryPoint\",\"urlTemplate\":\"https:\\\/\\\/ieg.com.br\\\/blog\\\/?s={search_term_string}\"},\"query-input\":{\"@type\":\"PropertyValueSpecification\",\"valueRequired\":true,\"valueName\":\"search_term_string\"}}],\"inLanguage\":\"pt-BR\"},{\"@type\":\"Organization\",\"@id\":\"https:\\\/\\\/ieg.com.br\\\/blog\\\/#organization\",\"name\":\"IEG\",\"url\":\"https:\\\/\\\/ieg.com.br\\\/blog\\\/\",\"logo\":{\"@type\":\"ImageObject\",\"inLanguage\":\"pt-BR\",\"@id\":\"https:\\\/\\\/ieg.com.br\\\/blog\\\/#\\\/schema\\\/logo\\\/image\\\/\",\"url\":\"https:\\\/\\\/ieg.com.br\\\/blog\\\/wp-content\\\/uploads\\\/2021\\\/02\\\/ieg-blog-logo.png\",\"contentUrl\":\"https:\\\/\\\/ieg.com.br\\\/blog\\\/wp-content\\\/uploads\\\/2021\\\/02\\\/ieg-blog-logo.png\",\"width\":310,\"height\":126,\"caption\":\"IEG\"},\"image\":{\"@id\":\"https:\\\/\\\/ieg.com.br\\\/blog\\\/#\\\/schema\\\/logo\\\/image\\\/\"},\"sameAs\":[\"https:\\\/\\\/www.facebook.com\\\/IEG.Brasil\",\"https:\\\/\\\/www.instagram.com\\\/ieg.brasil\\\/\",\"https:\\\/\\\/www.linkedin.com\\\/company\\\/ieg-instituto-de-engenharia-de-gestao\\\/\",\"https:\\\/\\\/www.youtube.com\\\/channel\\\/UCFEkxPdX86l8xWwV73kxJyA\"]},{\"@type\":\"Person\",\"@id\":\"https:\\\/\\\/ieg.com.br\\\/blog\\\/#\\\/schema\\\/person\\\/4c2d72ddde770e48c4e179425ccc9dd5\",\"name\":\"Reda\u00e7\u00e3o IEG\",\"image\":{\"@type\":\"ImageObject\",\"inLanguage\":\"pt-BR\",\"@id\":\"https:\\\/\\\/ieg.com.br\\\/blog\\\/wp-content\\\/uploads\\\/2023\\\/04\\\/logo-IEG-para-blog_Prancheta-1-96x96.png\",\"url\":\"https:\\\/\\\/ieg.com.br\\\/blog\\\/wp-content\\\/uploads\\\/2023\\\/04\\\/logo-IEG-para-blog_Prancheta-1-96x96.png\",\"contentUrl\":\"https:\\\/\\\/ieg.com.br\\\/blog\\\/wp-content\\\/uploads\\\/2023\\\/04\\\/logo-IEG-para-blog_Prancheta-1-96x96.png\",\"caption\":\"Reda\u00e7\u00e3o IEG\"},\"description\":\"O IEG \u00e9 uma empresa que elabora solu\u00e7\u00f5es de ensino, pesquisa e consultoria em gest\u00e3o de forma integrada e complementar para voc\u00ea e para a sua organiza\u00e7\u00e3o.\",\"sameAs\":[\"https:\\\/\\\/ieg.com.br\\\/blog\"],\"url\":\"https:\\\/\\\/ieg.com.br\\\/blog\\\/author\\\/admin\\\/\"}]}<\/script>\n<!-- \/ Yoast SEO plugin. -->","yoast_head_json":{"title":"IEG Connection | Metaverso est\u00e1 claro para 42% dos profissionais brasileiros","description":"De acordo com o estudo, 42% dos profissionais afirmam que o conceito de metaverso est\u00e1 totalmente claro.","robots":{"index":"index","follow":"follow","max-snippet":"max-snippet:-1","max-image-preview":"max-image-preview:large","max-video-preview":"max-video-preview:-1"},"canonical":"https:\/\/ieg.com.br\/blog\/metaverso-esta-claro-para-42-dos-profissionais-brasileiros\/","og_locale":"pt_BR","og_type":"article","og_title":"IEG Connection | Metaverso est\u00e1 claro para 42% dos profissionais brasileiros","og_description":"De acordo com o estudo, 42% dos profissionais afirmam que o conceito de metaverso est\u00e1 totalmente claro.","og_url":"https:\/\/ieg.com.br\/blog\/metaverso-esta-claro-para-42-dos-profissionais-brasileiros\/","og_site_name":"IEG Connection","article_publisher":"https:\/\/www.facebook.com\/IEG.Brasil","article_published_time":"2022-08-23T17:40:20+00:00","article_modified_time":"2023-02-17T17:55:27+00:00","og_image":[{"width":800,"height":530,"url":"https:\/\/ieg.com.br\/blog\/wp-content\/uploads\/2022\/08\/metaverso-blog.jpg","type":"image\/jpeg"}],"author":"Reda\u00e7\u00e3o IEG","twitter_card":"summary_large_image","twitter_misc":{"Escrito por":"Reda\u00e7\u00e3o IEG","Est. tempo de leitura":"3 minutos"},"schema":{"@context":"https:\/\/schema.org","@graph":[{"@type":"Article","@id":"https:\/\/ieg.com.br\/blog\/metaverso-esta-claro-para-42-dos-profissionais-brasileiros\/#article","isPartOf":{"@id":"https:\/\/ieg.com.br\/blog\/metaverso-esta-claro-para-42-dos-profissionais-brasileiros\/"},"author":{"name":"Reda\u00e7\u00e3o IEG","@id":"https:\/\/ieg.com.br\/blog\/#\/schema\/person\/4c2d72ddde770e48c4e179425ccc9dd5"},"headline":"Metaverso est\u00e1 claro para 42% dos profissionais brasileiros","datePublished":"2022-08-23T17:40:20+00:00","dateModified":"2023-02-17T17:55:27+00:00","mainEntityOfPage":{"@id":"https:\/\/ieg.com.br\/blog\/metaverso-esta-claro-para-42-dos-profissionais-brasileiros\/"},"wordCount":502,"commentCount":0,"publisher":{"@id":"https:\/\/ieg.com.br\/blog\/#organization"},"image":{"@id":"https:\/\/ieg.com.br\/blog\/metaverso-esta-claro-para-42-dos-profissionais-brasileiros\/#primaryimage"},"thumbnailUrl":"https:\/\/ieg.com.br\/blog\/wp-content\/uploads\/2022\/08\/metaverso-blog.jpg","keywords":["gest\u00e3o","inova\u00e7\u00e3o","IEG","tecnologia","metaverso","tecnologias","pesquisas","intelig\u00eancia de mercado"],"articleSection":["Tecnologia e Inova\u00e7\u00e3o"],"inLanguage":"pt-BR","potentialAction":[{"@type":"CommentAction","name":"Comment","target":["https:\/\/ieg.com.br\/blog\/metaverso-esta-claro-para-42-dos-profissionais-brasileiros\/#respond"]}]},{"@type":"WebPage","@id":"https:\/\/ieg.com.br\/blog\/metaverso-esta-claro-para-42-dos-profissionais-brasileiros\/","url":"https:\/\/ieg.com.br\/blog\/metaverso-esta-claro-para-42-dos-profissionais-brasileiros\/","name":"IEG Connection | Metaverso est\u00e1 claro para 42% dos profissionais brasileiros","isPartOf":{"@id":"https:\/\/ieg.com.br\/blog\/#website"},"primaryImageOfPage":{"@id":"https:\/\/ieg.com.br\/blog\/metaverso-esta-claro-para-42-dos-profissionais-brasileiros\/#primaryimage"},"image":{"@id":"https:\/\/ieg.com.br\/blog\/metaverso-esta-claro-para-42-dos-profissionais-brasileiros\/#primaryimage"},"thumbnailUrl":"https:\/\/ieg.com.br\/blog\/wp-content\/uploads\/2022\/08\/metaverso-blog.jpg","datePublished":"2022-08-23T17:40:20+00:00","dateModified":"2023-02-17T17:55:27+00:00","description":"De acordo com o estudo, 42% dos profissionais afirmam que o conceito de metaverso est\u00e1 totalmente claro.","breadcrumb":{"@id":"https:\/\/ieg.com.br\/blog\/metaverso-esta-claro-para-42-dos-profissionais-brasileiros\/#breadcrumb"},"inLanguage":"pt-BR","potentialAction":[{"@type":"ReadAction","target":["https:\/\/ieg.com.br\/blog\/metaverso-esta-claro-para-42-dos-profissionais-brasileiros\/"]}]},{"@type":"ImageObject","inLanguage":"pt-BR","@id":"https:\/\/ieg.com.br\/blog\/metaverso-esta-claro-para-42-dos-profissionais-brasileiros\/#primaryimage","url":"https:\/\/ieg.com.br\/blog\/wp-content\/uploads\/2022\/08\/metaverso-blog.jpg","contentUrl":"https:\/\/ieg.com.br\/blog\/wp-content\/uploads\/2022\/08\/metaverso-blog.jpg","width":800,"height":530},{"@type":"BreadcrumbList","@id":"https:\/\/ieg.com.br\/blog\/metaverso-esta-claro-para-42-dos-profissionais-brasileiros\/#breadcrumb","itemListElement":[{"@type":"ListItem","position":1,"name":"In\u00edcio","item":"https:\/\/ieg.com.br\/blog\/"},{"@type":"ListItem","position":2,"name":"Metaverso est\u00e1 claro para 42% dos profissionais brasileiros"}]},{"@type":"WebSite","@id":"https:\/\/ieg.com.br\/blog\/#website","url":"https:\/\/ieg.com.br\/blog\/","name":"IEG Connection","description":"O IEG \u00e9 uma empresa que elabora solu\u00e7\u00f5es de ensino, pesquisa e consultoria em gest\u00e3o de forma integrada e complementar para voc\u00ea e para a sua organiza\u00e7\u00e3o.","publisher":{"@id":"https:\/\/ieg.com.br\/blog\/#organization"},"potentialAction":[{"@type":"SearchAction","target":{"@type":"EntryPoint","urlTemplate":"https:\/\/ieg.com.br\/blog\/?s={search_term_string}"},"query-input":{"@type":"PropertyValueSpecification","valueRequired":true,"valueName":"search_term_string"}}],"inLanguage":"pt-BR"},{"@type":"Organization","@id":"https:\/\/ieg.com.br\/blog\/#organization","name":"IEG","url":"https:\/\/ieg.com.br\/blog\/","logo":{"@type":"ImageObject","inLanguage":"pt-BR","@id":"https:\/\/ieg.com.br\/blog\/#\/schema\/logo\/image\/","url":"https:\/\/ieg.com.br\/blog\/wp-content\/uploads\/2021\/02\/ieg-blog-logo.png","contentUrl":"https:\/\/ieg.com.br\/blog\/wp-content\/uploads\/2021\/02\/ieg-blog-logo.png","width":310,"height":126,"caption":"IEG"},"image":{"@id":"https:\/\/ieg.com.br\/blog\/#\/schema\/logo\/image\/"},"sameAs":["https:\/\/www.facebook.com\/IEG.Brasil","https:\/\/www.instagram.com\/ieg.brasil\/","https:\/\/www.linkedin.com\/company\/ieg-instituto-de-engenharia-de-gestao\/","https:\/\/www.youtube.com\/channel\/UCFEkxPdX86l8xWwV73kxJyA"]},{"@type":"Person","@id":"https:\/\/ieg.com.br\/blog\/#\/schema\/person\/4c2d72ddde770e48c4e179425ccc9dd5","name":"Reda\u00e7\u00e3o IEG","image":{"@type":"ImageObject","inLanguage":"pt-BR","@id":"https:\/\/ieg.com.br\/blog\/wp-content\/uploads\/2023\/04\/logo-IEG-para-blog_Prancheta-1-96x96.png","url":"https:\/\/ieg.com.br\/blog\/wp-content\/uploads\/2023\/04\/logo-IEG-para-blog_Prancheta-1-96x96.png","contentUrl":"https:\/\/ieg.com.br\/blog\/wp-content\/uploads\/2023\/04\/logo-IEG-para-blog_Prancheta-1-96x96.png","caption":"Reda\u00e7\u00e3o IEG"},"description":"O IEG \u00e9 uma empresa que elabora solu\u00e7\u00f5es de ensino, pesquisa e consultoria em gest\u00e3o de forma integrada e complementar para voc\u00ea e para a sua organiza\u00e7\u00e3o.","sameAs":["https:\/\/ieg.com.br\/blog"],"url":"https:\/\/ieg.com.br\/blog\/author\/admin\/"}]}},"_links":{"self":[{"href":"https:\/\/ieg.com.br\/blog\/wp-json\/wp\/v2\/posts\/7372","targetHints":{"allow":["GET"]}}],"collection":[{"href":"https:\/\/ieg.com.br\/blog\/wp-json\/wp\/v2\/posts"}],"about":[{"href":"https:\/\/ieg.com.br\/blog\/wp-json\/wp\/v2\/types\/post"}],"author":[{"embeddable":true,"href":"https:\/\/ieg.com.br\/blog\/wp-json\/wp\/v2\/users\/1"}],"replies":[{"embeddable":true,"href":"https:\/\/ieg.com.br\/blog\/wp-json\/wp\/v2\/comments?post=7372"}],"version-history":[{"count":4,"href":"https:\/\/ieg.com.br\/blog\/wp-json\/wp\/v2\/posts\/7372\/revisions"}],"predecessor-version":[{"id":7581,"href":"https:\/\/ieg.com.br\/blog\/wp-json\/wp\/v2\/posts\/7372\/revisions\/7581"}],"wp:featuredmedia":[{"embeddable":true,"href":"https:\/\/ieg.com.br\/blog\/wp-json\/wp\/v2\/media\/7374"}],"wp:attachment":[{"href":"https:\/\/ieg.com.br\/blog\/wp-json\/wp\/v2\/media?parent=7372"}],"wp:term":[{"taxonomy":"category","embeddable":true,"href":"https:\/\/ieg.com.br\/blog\/wp-json\/wp\/v2\/categories?post=7372"},{"taxonomy":"post_tag","embeddable":true,"href":"https:\/\/ieg.com.br\/blog\/wp-json\/wp\/v2\/tags?post=7372"}],"curies":[{"name":"wp","href":"https:\/\/api.w.org\/{rel}","templated":true}]}}