{"id":7157,"date":"2022-03-29T14:44:29","date_gmt":"2022-03-29T17:44:29","guid":{"rendered":"https:\/\/ieg.com.br\/blog\/?p=7157"},"modified":"2022-03-29T14:44:31","modified_gmt":"2022-03-29T17:44:31","slug":"como-a-inteligencia-emocional-pode-influenciar-na-sua-carreira","status":"publish","type":"post","link":"https:\/\/ieg.com.br\/blog\/como-a-inteligencia-emocional-pode-influenciar-na-sua-carreira\/","title":{"rendered":"Como a Intelig\u00eancia Emocional pode influenciar na sua carreira?"},"content":{"rendered":"\n<p>Voc\u00ea sabia, que de acordo com uma pesquisa divulgada pela Revista Exame, 90% dos profissionais com melhor performance, t\u00eam altos n\u00edveis de intelig\u00eancia emocional? Mas voc\u00ea sabe como a Intelig\u00eancia Emocional pode influenciar na sua carreira?<\/p>\n\n\n\n<p>A <a href=\"https:\/\/ieg.com.br\/blog\/5-dicas-para-voce-desenvolver-sua-inteligencia-emocional\/\" target=\"_blank\" rel=\"noreferrer noopener\">Intelig\u00eancia Emocional<\/a> \u00e9 a forma como lidamos com as nossas emo\u00e7\u00f5es e isso pode ter grande impacto em nossa vida pessoal e profissional. Saber administrar nossas emo\u00e7\u00f5es, principalmente em situa\u00e7\u00f5es que envolvem superar obst\u00e1culos e desafios, pode ser um fator determinante para a nossa carreira.<\/p>\n\n\n\n<figure class=\"wp-block-image size-large\"><img fetchpriority=\"high\" decoding=\"async\" width=\"1024\" height=\"512\" src=\"https:\/\/ieg.com.br\/blog\/wp-content\/uploads\/2022\/03\/Inteligencia-emocional-nas-empresas_-descubra-a-sua-importancia-1280x640-1-1024x512.png\" alt=\"\" class=\"wp-image-7159\" srcset=\"https:\/\/ieg.com.br\/blog\/wp-content\/uploads\/2022\/03\/Inteligencia-emocional-nas-empresas_-descubra-a-sua-importancia-1280x640-1-1024x512.png 1024w, https:\/\/ieg.com.br\/blog\/wp-content\/uploads\/2022\/03\/Inteligencia-emocional-nas-empresas_-descubra-a-sua-importancia-1280x640-1-300x150.png 300w, https:\/\/ieg.com.br\/blog\/wp-content\/uploads\/2022\/03\/Inteligencia-emocional-nas-empresas_-descubra-a-sua-importancia-1280x640-1-768x384.png 768w, https:\/\/ieg.com.br\/blog\/wp-content\/uploads\/2022\/03\/Inteligencia-emocional-nas-empresas_-descubra-a-sua-importancia-1280x640-1.png 1280w\" sizes=\"(max-width: 1024px) 100vw, 1024px\" \/><figcaption>Fonte: Blog ABContent<\/figcaption><\/figure>\n\n\n\n<p>Recentemente, durante a apresenta\u00e7\u00e3o do Oscar 2022, o ator Will Smith agrediu Chris Rock, que enquanto apresentava a cerim\u00f4nia fez uma piada bastante infeliz sobre Jada, esposa de Will. O fato tem rendido muita reflex\u00e3o e como\u00e7\u00e3o nas redes sociais e nos ve\u00edculos de m\u00eddia, sobre o comportamento de Smith e a fala de Chris Rock.<\/p>\n\n\n\n<p>O fato \u00e9 que apesar da piada ter sido inconveniente e muito pouco emp\u00e1tica, Will se deixou levar pela emo\u00e7\u00e3o, e agiu sem pensar ou talvez com firmeza da a\u00e7\u00e3o, mas com o tapa que deu em Rock, usou da agress\u00e3o, que n\u00e3o deve ser de maneira alguma o caminho e poderia ter sido muito prejudicial para a sua carreira.<\/p>\n\n\n\n<figure class=\"wp-block-image size-large\"><img decoding=\"async\" width=\"1024\" height=\"538\" src=\"https:\/\/ieg.com.br\/blog\/wp-content\/uploads\/2022\/03\/tapa_will_smith_chris_rock_oscar-1024x538.png\" alt=\"\" class=\"wp-image-7160\" srcset=\"https:\/\/ieg.com.br\/blog\/wp-content\/uploads\/2022\/03\/tapa_will_smith_chris_rock_oscar-1024x538.png 1024w, https:\/\/ieg.com.br\/blog\/wp-content\/uploads\/2022\/03\/tapa_will_smith_chris_rock_oscar-300x158.png 300w, https:\/\/ieg.com.br\/blog\/wp-content\/uploads\/2022\/03\/tapa_will_smith_chris_rock_oscar-768x403.png 768w, https:\/\/ieg.com.br\/blog\/wp-content\/uploads\/2022\/03\/tapa_will_smith_chris_rock_oscar.png 1200w\" sizes=\"(max-width: 1024px) 100vw, 1024px\" \/><figcaption>Fonte: InfoMoney<\/figcaption><\/figure>\n\n\n\n<p>E como a intelig\u00eancia pode ajudar na carreira? Daniel Goleman, psic\u00f3logo, jornalista da ci\u00eancia e escritor do best-seller \u201cIntelig\u00eancia Emocional\u201d, lista para a Revista Exame, algumas \u00e1reas-chave da Intelig\u00eancia Emocional que podem trazer influ\u00eancias positivas para a sua carreira:<\/p>\n\n\n\n<p><strong>Autoconhecimento<\/strong><\/p>\n\n\n\n<p>A maioria das nossas a\u00e7\u00f5es s\u00e3o comandadas por nosso inconsciente, por isso \u00e9 fundamental que fa\u00e7amos o exerc\u00edcio constante de autoconhecimento, identificando nossos sentimentos, emo\u00e7\u00f5es e as raz\u00f5es pelas quais eles existem. Para ajudar com essa quest\u00e3o, a psicoterapia e o feedback de seus colegas de trabalho e gestores pode ser fundamental.<\/p>\n\n\n\n<p><strong>Autogest\u00e3o<\/strong><\/p>\n\n\n\n<p>Com a correria do dia a dia muitas vezes ficamos sem tempo para gerir nossos sentimentos e acabamos nos autossabotando com algumas atitudes equivocadas. Para prevenir que isso n\u00e3o aconte\u00e7a, o psic\u00f3logo Daniel Goleman d\u00e1 as seguintes dicas: antes de sair de casa, feche os olhos por 5 minutos, perceba o seu corpo, seus pensamentos, fa\u00e7a isso tamb\u00e9m a noite. Outra dica \u00e9 respirar fundo em momentos de bloqueio criativo, por exemplo, uma pequena pausa para relaxar pode ser essencial antes de seguir em frente.<\/p>\n\n\n\n<p><strong>Motiva\u00e7\u00e3o<\/strong><\/p>\n\n\n\n<p>Outra \u00e1rea-chave para te auxiliar com a Intelig\u00eancia Emocional \u00e9 a motiva\u00e7\u00e3o. Pare para se lembrar e identificar o que te motiva no trabalho, quais s\u00e3o as coisas que te movem e qual \u00e9 a raz\u00e3o para que voc\u00ea esteja ali, anote em um papel e leia sempre que se fizer necess\u00e1rio revisar os pontos pelos quais voc\u00ea se dedica tanto \u00e0 sua carreira.<\/p>\n\n\n\n<p><strong>Empatia<\/strong><\/p>\n\n\n\n<p>Essa foi a \u00e1rea-chave que ficou faltando na atitude de Chris Rock durante o Oscar. A empatia \u00e9 a habilidade de identificar e respeitar as emo\u00e7\u00f5es dos outros. Saber como acolher e ajudar seus colegas \u00e9 importante para estabelecer uma conex\u00e3o real com eles. Chris n\u00e3o observou Jada com empatia e n\u00e3o levou em conta o estado de sa\u00fade da esposa de Will Smith, a deixando constrangida com sua piada.<\/p>\n\n\n\n<p><strong>Habilidades Sociais<\/strong><\/p>\n\n\n\n<p>Para as habilidades sociais \u00e9 necess\u00e1rio que voc\u00ea coloque a empatia em pr\u00e1tica entendendo como equilibrar as suas necessidades com as necessidades do outro, de maneira que nenhuma das partes saia prejudicada. Gerenciar as rela\u00e7\u00f5es no ambiente de trabalho pode ser um grande desafio e requer conhecimento sobre Intelig\u00eancia Emocional.<\/p>\n\n\n\n<p>Agora como a Intelig\u00eancia Emocional pode influenciar na sua carreira  e como algumas estrat\u00e9gias podem ser valiosas, \u00e9 s\u00f3 come\u00e7ar a colocar em pr\u00e1tica em seu cotidiano!<\/p>\n\n\n\n<p>O IEG poder\u00e1 te ajudar com um treinamento totalmente voltado para o desenvolvimento de diversas habilidades no mundo corporativo, e as Soft Skills fazem parte das habilidades compreendidas desse treinamento.<\/p>\n\n\n\n<p><a href=\"https:\/\/materiais.ieg.com.br\/in-company\" target=\"_blank\" rel=\"noreferrer noopener\">CLIQUE AQUI<\/a> e saiba mais sobre nossos cursos In Company! <\/p>\n\n\n\n<p>Eles podem ser personalizados de acordo com a necessidade da sua equipe e da sua empresa!<\/p>\n\n\n\n<p>Fonte: Revista Exame<\/p>\n","protected":false},"excerpt":{"rendered":"<p>Voc\u00ea sabia, que de acordo com uma pesquisa divulgada pela Revista Exame, 90% dos profissionais com melhor performance, t\u00eam altos n\u00edveis de intelig\u00eancia emocional? Mas voc\u00ea sabe como a Intelig\u00eancia Emocional pode influenciar na sua carreira? A Intelig\u00eancia Emocional \u00e9 a forma como lidamos com as nossas emo\u00e7\u00f5es e isso pode ter grande impacto em [&hellip;]<\/p>\n","protected":false},"author":1,"featured_media":7158,"comment_status":"open","ping_status":"open","sticky":false,"template":"","format":"standard","meta":{"_acf_changed":false,"footnotes":""},"categories":[135],"tags":[],"class_list":["post-7157","post","type-post","status-publish","format-standard","has-post-thumbnail","hentry","category-carreira"],"acf":[],"yoast_head":"<!-- This site is optimized with the Yoast SEO plugin v27.4 - https:\/\/yoast.com\/product\/yoast-seo-wordpress\/ -->\n<title>IEG Connection | Como a Intelig\u00eancia Emocional pode influenciar na sua carreira?<\/title>\n<meta name=\"description\" content=\"Saiba como a Intelig\u00eancia Emocional pode influenciar na sua carreira e entenda quais s\u00e3o as \u00e1reas-chave a serem desenvolvidas.\" \/>\n<meta name=\"robots\" content=\"index, follow, max-snippet:-1, max-image-preview:large, max-video-preview:-1\" \/>\n<link rel=\"canonical\" href=\"https:\/\/ieg.com.br\/blog\/como-a-inteligencia-emocional-pode-influenciar-na-sua-carreira\/\" \/>\n<meta property=\"og:locale\" content=\"pt_BR\" \/>\n<meta property=\"og:type\" content=\"article\" \/>\n<meta property=\"og:title\" content=\"IEG Connection | Como a Intelig\u00eancia Emocional pode influenciar na sua carreira?\" \/>\n<meta property=\"og:description\" content=\"Saiba como a Intelig\u00eancia Emocional pode influenciar na sua carreira e entenda quais s\u00e3o as \u00e1reas-chave a serem desenvolvidas.\" \/>\n<meta property=\"og:url\" content=\"https:\/\/ieg.com.br\/blog\/como-a-inteligencia-emocional-pode-influenciar-na-sua-carreira\/\" \/>\n<meta property=\"og:site_name\" content=\"IEG Connection\" \/>\n<meta property=\"article:publisher\" content=\"https:\/\/www.facebook.com\/IEG.Brasil\" \/>\n<meta property=\"article:published_time\" content=\"2022-03-29T17:44:29+00:00\" \/>\n<meta property=\"article:modified_time\" content=\"2022-03-29T17:44:31+00:00\" \/>\n<meta property=\"og:image\" content=\"https:\/\/ieg.com.br\/blog\/wp-content\/uploads\/2022\/03\/capa-post-blog-29-03.png\" \/>\n\t<meta property=\"og:image:width\" content=\"1362\" \/>\n\t<meta property=\"og:image:height\" content=\"780\" \/>\n\t<meta property=\"og:image:type\" content=\"image\/png\" \/>\n<meta name=\"author\" content=\"Reda\u00e7\u00e3o IEG\" \/>\n<meta name=\"twitter:card\" content=\"summary_large_image\" \/>\n<meta name=\"twitter:label1\" content=\"Escrito por\" \/>\n\t<meta name=\"twitter:data1\" content=\"Reda\u00e7\u00e3o IEG\" \/>\n\t<meta name=\"twitter:label2\" content=\"Est. tempo de leitura\" \/>\n\t<meta name=\"twitter:data2\" content=\"5 minutos\" \/>\n<script type=\"application\/ld+json\" class=\"yoast-schema-graph\">{\"@context\":\"https:\\\/\\\/schema.org\",\"@graph\":[{\"@type\":\"Article\",\"@id\":\"https:\\\/\\\/ieg.com.br\\\/blog\\\/como-a-inteligencia-emocional-pode-influenciar-na-sua-carreira\\\/#article\",\"isPartOf\":{\"@id\":\"https:\\\/\\\/ieg.com.br\\\/blog\\\/como-a-inteligencia-emocional-pode-influenciar-na-sua-carreira\\\/\"},\"author\":{\"name\":\"Reda\u00e7\u00e3o IEG\",\"@id\":\"https:\\\/\\\/ieg.com.br\\\/blog\\\/#\\\/schema\\\/person\\\/4c2d72ddde770e48c4e179425ccc9dd5\"},\"headline\":\"Como a Intelig\u00eancia Emocional pode influenciar na sua carreira?\",\"datePublished\":\"2022-03-29T17:44:29+00:00\",\"dateModified\":\"2022-03-29T17:44:31+00:00\",\"mainEntityOfPage\":{\"@id\":\"https:\\\/\\\/ieg.com.br\\\/blog\\\/como-a-inteligencia-emocional-pode-influenciar-na-sua-carreira\\\/\"},\"wordCount\":709,\"commentCount\":0,\"publisher\":{\"@id\":\"https:\\\/\\\/ieg.com.br\\\/blog\\\/#organization\"},\"image\":{\"@id\":\"https:\\\/\\\/ieg.com.br\\\/blog\\\/como-a-inteligencia-emocional-pode-influenciar-na-sua-carreira\\\/#primaryimage\"},\"thumbnailUrl\":\"https:\\\/\\\/ieg.com.br\\\/blog\\\/wp-content\\\/uploads\\\/2022\\\/03\\\/capa-post-blog-29-03.png\",\"articleSection\":[\"Carreira\"],\"inLanguage\":\"pt-BR\",\"potentialAction\":[{\"@type\":\"CommentAction\",\"name\":\"Comment\",\"target\":[\"https:\\\/\\\/ieg.com.br\\\/blog\\\/como-a-inteligencia-emocional-pode-influenciar-na-sua-carreira\\\/#respond\"]}]},{\"@type\":\"WebPage\",\"@id\":\"https:\\\/\\\/ieg.com.br\\\/blog\\\/como-a-inteligencia-emocional-pode-influenciar-na-sua-carreira\\\/\",\"url\":\"https:\\\/\\\/ieg.com.br\\\/blog\\\/como-a-inteligencia-emocional-pode-influenciar-na-sua-carreira\\\/\",\"name\":\"IEG Connection | Como a Intelig\u00eancia Emocional pode influenciar na sua carreira?\",\"isPartOf\":{\"@id\":\"https:\\\/\\\/ieg.com.br\\\/blog\\\/#website\"},\"primaryImageOfPage\":{\"@id\":\"https:\\\/\\\/ieg.com.br\\\/blog\\\/como-a-inteligencia-emocional-pode-influenciar-na-sua-carreira\\\/#primaryimage\"},\"image\":{\"@id\":\"https:\\\/\\\/ieg.com.br\\\/blog\\\/como-a-inteligencia-emocional-pode-influenciar-na-sua-carreira\\\/#primaryimage\"},\"thumbnailUrl\":\"https:\\\/\\\/ieg.com.br\\\/blog\\\/wp-content\\\/uploads\\\/2022\\\/03\\\/capa-post-blog-29-03.png\",\"datePublished\":\"2022-03-29T17:44:29+00:00\",\"dateModified\":\"2022-03-29T17:44:31+00:00\",\"description\":\"Saiba como a Intelig\u00eancia Emocional pode influenciar na sua carreira e entenda quais s\u00e3o as \u00e1reas-chave a serem desenvolvidas.\",\"breadcrumb\":{\"@id\":\"https:\\\/\\\/ieg.com.br\\\/blog\\\/como-a-inteligencia-emocional-pode-influenciar-na-sua-carreira\\\/#breadcrumb\"},\"inLanguage\":\"pt-BR\",\"potentialAction\":[{\"@type\":\"ReadAction\",\"target\":[\"https:\\\/\\\/ieg.com.br\\\/blog\\\/como-a-inteligencia-emocional-pode-influenciar-na-sua-carreira\\\/\"]}]},{\"@type\":\"ImageObject\",\"inLanguage\":\"pt-BR\",\"@id\":\"https:\\\/\\\/ieg.com.br\\\/blog\\\/como-a-inteligencia-emocional-pode-influenciar-na-sua-carreira\\\/#primaryimage\",\"url\":\"https:\\\/\\\/ieg.com.br\\\/blog\\\/wp-content\\\/uploads\\\/2022\\\/03\\\/capa-post-blog-29-03.png\",\"contentUrl\":\"https:\\\/\\\/ieg.com.br\\\/blog\\\/wp-content\\\/uploads\\\/2022\\\/03\\\/capa-post-blog-29-03.png\",\"width\":1362,\"height\":780},{\"@type\":\"BreadcrumbList\",\"@id\":\"https:\\\/\\\/ieg.com.br\\\/blog\\\/como-a-inteligencia-emocional-pode-influenciar-na-sua-carreira\\\/#breadcrumb\",\"itemListElement\":[{\"@type\":\"ListItem\",\"position\":1,\"name\":\"In\u00edcio\",\"item\":\"https:\\\/\\\/ieg.com.br\\\/blog\\\/\"},{\"@type\":\"ListItem\",\"position\":2,\"name\":\"Como a Intelig\u00eancia Emocional pode influenciar na sua carreira?\"}]},{\"@type\":\"WebSite\",\"@id\":\"https:\\\/\\\/ieg.com.br\\\/blog\\\/#website\",\"url\":\"https:\\\/\\\/ieg.com.br\\\/blog\\\/\",\"name\":\"IEG Connection\",\"description\":\"O IEG \u00e9 uma empresa que elabora solu\u00e7\u00f5es de ensino, pesquisa e consultoria em gest\u00e3o de forma integrada e complementar para voc\u00ea e para a sua organiza\u00e7\u00e3o.\",\"publisher\":{\"@id\":\"https:\\\/\\\/ieg.com.br\\\/blog\\\/#organization\"},\"potentialAction\":[{\"@type\":\"SearchAction\",\"target\":{\"@type\":\"EntryPoint\",\"urlTemplate\":\"https:\\\/\\\/ieg.com.br\\\/blog\\\/?s={search_term_string}\"},\"query-input\":{\"@type\":\"PropertyValueSpecification\",\"valueRequired\":true,\"valueName\":\"search_term_string\"}}],\"inLanguage\":\"pt-BR\"},{\"@type\":\"Organization\",\"@id\":\"https:\\\/\\\/ieg.com.br\\\/blog\\\/#organization\",\"name\":\"IEG\",\"url\":\"https:\\\/\\\/ieg.com.br\\\/blog\\\/\",\"logo\":{\"@type\":\"ImageObject\",\"inLanguage\":\"pt-BR\",\"@id\":\"https:\\\/\\\/ieg.com.br\\\/blog\\\/#\\\/schema\\\/logo\\\/image\\\/\",\"url\":\"https:\\\/\\\/ieg.com.br\\\/blog\\\/wp-content\\\/uploads\\\/2021\\\/02\\\/ieg-blog-logo.png\",\"contentUrl\":\"https:\\\/\\\/ieg.com.br\\\/blog\\\/wp-content\\\/uploads\\\/2021\\\/02\\\/ieg-blog-logo.png\",\"width\":310,\"height\":126,\"caption\":\"IEG\"},\"image\":{\"@id\":\"https:\\\/\\\/ieg.com.br\\\/blog\\\/#\\\/schema\\\/logo\\\/image\\\/\"},\"sameAs\":[\"https:\\\/\\\/www.facebook.com\\\/IEG.Brasil\",\"https:\\\/\\\/www.instagram.com\\\/ieg.brasil\\\/\",\"https:\\\/\\\/www.linkedin.com\\\/company\\\/ieg-instituto-de-engenharia-de-gestao\\\/\",\"https:\\\/\\\/www.youtube.com\\\/channel\\\/UCFEkxPdX86l8xWwV73kxJyA\"]},{\"@type\":\"Person\",\"@id\":\"https:\\\/\\\/ieg.com.br\\\/blog\\\/#\\\/schema\\\/person\\\/4c2d72ddde770e48c4e179425ccc9dd5\",\"name\":\"Reda\u00e7\u00e3o IEG\",\"image\":{\"@type\":\"ImageObject\",\"inLanguage\":\"pt-BR\",\"@id\":\"https:\\\/\\\/ieg.com.br\\\/blog\\\/wp-content\\\/uploads\\\/2023\\\/04\\\/logo-IEG-para-blog_Prancheta-1-96x96.png\",\"url\":\"https:\\\/\\\/ieg.com.br\\\/blog\\\/wp-content\\\/uploads\\\/2023\\\/04\\\/logo-IEG-para-blog_Prancheta-1-96x96.png\",\"contentUrl\":\"https:\\\/\\\/ieg.com.br\\\/blog\\\/wp-content\\\/uploads\\\/2023\\\/04\\\/logo-IEG-para-blog_Prancheta-1-96x96.png\",\"caption\":\"Reda\u00e7\u00e3o IEG\"},\"description\":\"O IEG \u00e9 uma empresa que elabora solu\u00e7\u00f5es de ensino, pesquisa e consultoria em gest\u00e3o de forma integrada e complementar para voc\u00ea e para a sua organiza\u00e7\u00e3o.\",\"sameAs\":[\"https:\\\/\\\/ieg.com.br\\\/blog\"],\"url\":\"https:\\\/\\\/ieg.com.br\\\/blog\\\/author\\\/admin\\\/\"}]}<\/script>\n<!-- \/ Yoast SEO plugin. -->","yoast_head_json":{"title":"IEG Connection | Como a Intelig\u00eancia Emocional pode influenciar na sua carreira?","description":"Saiba como a Intelig\u00eancia Emocional pode influenciar na sua carreira e entenda quais s\u00e3o as \u00e1reas-chave a serem desenvolvidas.","robots":{"index":"index","follow":"follow","max-snippet":"max-snippet:-1","max-image-preview":"max-image-preview:large","max-video-preview":"max-video-preview:-1"},"canonical":"https:\/\/ieg.com.br\/blog\/como-a-inteligencia-emocional-pode-influenciar-na-sua-carreira\/","og_locale":"pt_BR","og_type":"article","og_title":"IEG Connection | Como a Intelig\u00eancia Emocional pode influenciar na sua carreira?","og_description":"Saiba como a Intelig\u00eancia Emocional pode influenciar na sua carreira e entenda quais s\u00e3o as \u00e1reas-chave a serem desenvolvidas.","og_url":"https:\/\/ieg.com.br\/blog\/como-a-inteligencia-emocional-pode-influenciar-na-sua-carreira\/","og_site_name":"IEG Connection","article_publisher":"https:\/\/www.facebook.com\/IEG.Brasil","article_published_time":"2022-03-29T17:44:29+00:00","article_modified_time":"2022-03-29T17:44:31+00:00","og_image":[{"width":1362,"height":780,"url":"https:\/\/ieg.com.br\/blog\/wp-content\/uploads\/2022\/03\/capa-post-blog-29-03.png","type":"image\/png"}],"author":"Reda\u00e7\u00e3o IEG","twitter_card":"summary_large_image","twitter_misc":{"Escrito por":"Reda\u00e7\u00e3o IEG","Est. tempo de leitura":"5 minutos"},"schema":{"@context":"https:\/\/schema.org","@graph":[{"@type":"Article","@id":"https:\/\/ieg.com.br\/blog\/como-a-inteligencia-emocional-pode-influenciar-na-sua-carreira\/#article","isPartOf":{"@id":"https:\/\/ieg.com.br\/blog\/como-a-inteligencia-emocional-pode-influenciar-na-sua-carreira\/"},"author":{"name":"Reda\u00e7\u00e3o IEG","@id":"https:\/\/ieg.com.br\/blog\/#\/schema\/person\/4c2d72ddde770e48c4e179425ccc9dd5"},"headline":"Como a Intelig\u00eancia Emocional pode influenciar na sua carreira?","datePublished":"2022-03-29T17:44:29+00:00","dateModified":"2022-03-29T17:44:31+00:00","mainEntityOfPage":{"@id":"https:\/\/ieg.com.br\/blog\/como-a-inteligencia-emocional-pode-influenciar-na-sua-carreira\/"},"wordCount":709,"commentCount":0,"publisher":{"@id":"https:\/\/ieg.com.br\/blog\/#organization"},"image":{"@id":"https:\/\/ieg.com.br\/blog\/como-a-inteligencia-emocional-pode-influenciar-na-sua-carreira\/#primaryimage"},"thumbnailUrl":"https:\/\/ieg.com.br\/blog\/wp-content\/uploads\/2022\/03\/capa-post-blog-29-03.png","articleSection":["Carreira"],"inLanguage":"pt-BR","potentialAction":[{"@type":"CommentAction","name":"Comment","target":["https:\/\/ieg.com.br\/blog\/como-a-inteligencia-emocional-pode-influenciar-na-sua-carreira\/#respond"]}]},{"@type":"WebPage","@id":"https:\/\/ieg.com.br\/blog\/como-a-inteligencia-emocional-pode-influenciar-na-sua-carreira\/","url":"https:\/\/ieg.com.br\/blog\/como-a-inteligencia-emocional-pode-influenciar-na-sua-carreira\/","name":"IEG Connection | Como a Intelig\u00eancia Emocional pode influenciar na sua carreira?","isPartOf":{"@id":"https:\/\/ieg.com.br\/blog\/#website"},"primaryImageOfPage":{"@id":"https:\/\/ieg.com.br\/blog\/como-a-inteligencia-emocional-pode-influenciar-na-sua-carreira\/#primaryimage"},"image":{"@id":"https:\/\/ieg.com.br\/blog\/como-a-inteligencia-emocional-pode-influenciar-na-sua-carreira\/#primaryimage"},"thumbnailUrl":"https:\/\/ieg.com.br\/blog\/wp-content\/uploads\/2022\/03\/capa-post-blog-29-03.png","datePublished":"2022-03-29T17:44:29+00:00","dateModified":"2022-03-29T17:44:31+00:00","description":"Saiba como a Intelig\u00eancia Emocional pode influenciar na sua carreira e entenda quais s\u00e3o as \u00e1reas-chave a serem desenvolvidas.","breadcrumb":{"@id":"https:\/\/ieg.com.br\/blog\/como-a-inteligencia-emocional-pode-influenciar-na-sua-carreira\/#breadcrumb"},"inLanguage":"pt-BR","potentialAction":[{"@type":"ReadAction","target":["https:\/\/ieg.com.br\/blog\/como-a-inteligencia-emocional-pode-influenciar-na-sua-carreira\/"]}]},{"@type":"ImageObject","inLanguage":"pt-BR","@id":"https:\/\/ieg.com.br\/blog\/como-a-inteligencia-emocional-pode-influenciar-na-sua-carreira\/#primaryimage","url":"https:\/\/ieg.com.br\/blog\/wp-content\/uploads\/2022\/03\/capa-post-blog-29-03.png","contentUrl":"https:\/\/ieg.com.br\/blog\/wp-content\/uploads\/2022\/03\/capa-post-blog-29-03.png","width":1362,"height":780},{"@type":"BreadcrumbList","@id":"https:\/\/ieg.com.br\/blog\/como-a-inteligencia-emocional-pode-influenciar-na-sua-carreira\/#breadcrumb","itemListElement":[{"@type":"ListItem","position":1,"name":"In\u00edcio","item":"https:\/\/ieg.com.br\/blog\/"},{"@type":"ListItem","position":2,"name":"Como a Intelig\u00eancia Emocional pode influenciar na sua carreira?"}]},{"@type":"WebSite","@id":"https:\/\/ieg.com.br\/blog\/#website","url":"https:\/\/ieg.com.br\/blog\/","name":"IEG Connection","description":"O IEG \u00e9 uma empresa que elabora solu\u00e7\u00f5es de ensino, pesquisa e consultoria em gest\u00e3o de forma integrada e complementar para voc\u00ea e para a sua organiza\u00e7\u00e3o.","publisher":{"@id":"https:\/\/ieg.com.br\/blog\/#organization"},"potentialAction":[{"@type":"SearchAction","target":{"@type":"EntryPoint","urlTemplate":"https:\/\/ieg.com.br\/blog\/?s={search_term_string}"},"query-input":{"@type":"PropertyValueSpecification","valueRequired":true,"valueName":"search_term_string"}}],"inLanguage":"pt-BR"},{"@type":"Organization","@id":"https:\/\/ieg.com.br\/blog\/#organization","name":"IEG","url":"https:\/\/ieg.com.br\/blog\/","logo":{"@type":"ImageObject","inLanguage":"pt-BR","@id":"https:\/\/ieg.com.br\/blog\/#\/schema\/logo\/image\/","url":"https:\/\/ieg.com.br\/blog\/wp-content\/uploads\/2021\/02\/ieg-blog-logo.png","contentUrl":"https:\/\/ieg.com.br\/blog\/wp-content\/uploads\/2021\/02\/ieg-blog-logo.png","width":310,"height":126,"caption":"IEG"},"image":{"@id":"https:\/\/ieg.com.br\/blog\/#\/schema\/logo\/image\/"},"sameAs":["https:\/\/www.facebook.com\/IEG.Brasil","https:\/\/www.instagram.com\/ieg.brasil\/","https:\/\/www.linkedin.com\/company\/ieg-instituto-de-engenharia-de-gestao\/","https:\/\/www.youtube.com\/channel\/UCFEkxPdX86l8xWwV73kxJyA"]},{"@type":"Person","@id":"https:\/\/ieg.com.br\/blog\/#\/schema\/person\/4c2d72ddde770e48c4e179425ccc9dd5","name":"Reda\u00e7\u00e3o IEG","image":{"@type":"ImageObject","inLanguage":"pt-BR","@id":"https:\/\/ieg.com.br\/blog\/wp-content\/uploads\/2023\/04\/logo-IEG-para-blog_Prancheta-1-96x96.png","url":"https:\/\/ieg.com.br\/blog\/wp-content\/uploads\/2023\/04\/logo-IEG-para-blog_Prancheta-1-96x96.png","contentUrl":"https:\/\/ieg.com.br\/blog\/wp-content\/uploads\/2023\/04\/logo-IEG-para-blog_Prancheta-1-96x96.png","caption":"Reda\u00e7\u00e3o IEG"},"description":"O IEG \u00e9 uma empresa que elabora solu\u00e7\u00f5es de ensino, pesquisa e consultoria em gest\u00e3o de forma integrada e complementar para voc\u00ea e para a sua organiza\u00e7\u00e3o.","sameAs":["https:\/\/ieg.com.br\/blog"],"url":"https:\/\/ieg.com.br\/blog\/author\/admin\/"}]}},"_links":{"self":[{"href":"https:\/\/ieg.com.br\/blog\/wp-json\/wp\/v2\/posts\/7157","targetHints":{"allow":["GET"]}}],"collection":[{"href":"https:\/\/ieg.com.br\/blog\/wp-json\/wp\/v2\/posts"}],"about":[{"href":"https:\/\/ieg.com.br\/blog\/wp-json\/wp\/v2\/types\/post"}],"author":[{"embeddable":true,"href":"https:\/\/ieg.com.br\/blog\/wp-json\/wp\/v2\/users\/1"}],"replies":[{"embeddable":true,"href":"https:\/\/ieg.com.br\/blog\/wp-json\/wp\/v2\/comments?post=7157"}],"version-history":[{"count":1,"href":"https:\/\/ieg.com.br\/blog\/wp-json\/wp\/v2\/posts\/7157\/revisions"}],"predecessor-version":[{"id":7161,"href":"https:\/\/ieg.com.br\/blog\/wp-json\/wp\/v2\/posts\/7157\/revisions\/7161"}],"wp:featuredmedia":[{"embeddable":true,"href":"https:\/\/ieg.com.br\/blog\/wp-json\/wp\/v2\/media\/7158"}],"wp:attachment":[{"href":"https:\/\/ieg.com.br\/blog\/wp-json\/wp\/v2\/media?parent=7157"}],"wp:term":[{"taxonomy":"category","embeddable":true,"href":"https:\/\/ieg.com.br\/blog\/wp-json\/wp\/v2\/categories?post=7157"},{"taxonomy":"post_tag","embeddable":true,"href":"https:\/\/ieg.com.br\/blog\/wp-json\/wp\/v2\/tags?post=7157"}],"curies":[{"name":"wp","href":"https:\/\/api.w.org\/{rel}","templated":true}]}}