{"id":5384,"date":"2020-03-16T15:56:46","date_gmt":"2020-03-16T18:56:46","guid":{"rendered":"https:\/\/ssconnection.com.br\/?p=5384"},"modified":"2020-12-03T12:35:50","modified_gmt":"2020-12-03T15:35:50","slug":"voce-ja-ouviu-falar-sobre-os-grupos-de-discussao-sobre-csc","status":"publish","type":"post","link":"https:\/\/ieg.com.br\/blog\/voce-ja-ouviu-falar-sobre-os-grupos-de-discussao-sobre-csc\/","title":{"rendered":"Voc\u00ea j\u00e1 ouviu falar sobre os Grupos de Discuss\u00e3o sobre CSC?"},"content":{"rendered":"<div class=\"wpb-content-wrapper\"><p>[vc_row][vc_column][vc_column_text]<\/p>\n<h3>Conhe\u00e7a os cinco grupos de discuss\u00e3o em Centros de Servi\u00e7os Compartilhados do pa\u00eds e as empresas participantes<\/h3>\n<p>Com o objetivo de apoiar a evolu\u00e7\u00e3o do mercado de Servi\u00e7os Compartilhados brasileiro, o Instituto de Engenharia de Gest\u00e3o (IEG) coordena os grupos de discuss\u00e3o Compartilha, Coopera+, GESC, SOMAR e Inova. Os grupos possuem encontros trimestrais para incentivar a troca de experi\u00eancias, identificar tend\u00eancias e gerar insights relevantes para o mercado de Servi\u00e7os Compartilhados. Al\u00e9m disso, ao longo do ano as empresas do Compartilha, Coopera+, GESC, SOMAR e Inova participam de pesquisas r\u00e1pidas, sess\u00f5es de discuss\u00e3o, dentre outras atividades propostas pelo IEG.<\/p>\n<p><img fetchpriority=\"high\" decoding=\"async\" class=\"aligncenter wp-image-6154 size-full\" src=\"https:\/\/ieg.com.br\/blog\/wp-content\/uploads\/2020\/03\/Fotos-das-reunioes.png\" alt=\"\" width=\"1297\" height=\"366\" srcset=\"https:\/\/ieg.com.br\/blog\/wp-content\/uploads\/2020\/03\/Fotos-das-reunioes.png 1297w, https:\/\/ieg.com.br\/blog\/wp-content\/uploads\/2020\/03\/Fotos-das-reunioes-300x85.png 300w, https:\/\/ieg.com.br\/blog\/wp-content\/uploads\/2020\/03\/Fotos-das-reunioes-1024x289.png 1024w, https:\/\/ieg.com.br\/blog\/wp-content\/uploads\/2020\/03\/Fotos-das-reunioes-768x217.png 768w\" sizes=\"(max-width: 1297px) 100vw, 1297px\" \/><\/p>\n<h3>Confira as empresas participantes de cada Grupo de CSC:<\/h3>\n<h4>Compartilha<\/h4>\n<p><img decoding=\"async\" class=\"aligncenter size-medium wp-image-6149\" src=\"https:\/\/ieg.com.br\/blog\/wp-content\/uploads\/2020\/03\/Compartilha-300x146.png\" alt=\"\" width=\"300\" height=\"146\" srcset=\"https:\/\/ieg.com.br\/blog\/wp-content\/uploads\/2020\/03\/Compartilha-300x146.png 300w, https:\/\/ieg.com.br\/blog\/wp-content\/uploads\/2020\/03\/Compartilha-768x374.png 768w, https:\/\/ieg.com.br\/blog\/wp-content\/uploads\/2020\/03\/Compartilha.png 926w\" sizes=\"(max-width: 300px) 100vw, 300px\" \/><\/p>\n<h4>Coopera+<\/h4>\n<p><img decoding=\"async\" class=\"aligncenter size-medium wp-image-6150\" src=\"https:\/\/ieg.com.br\/blog\/wp-content\/uploads\/2020\/03\/coopera-300x164.png\" alt=\"\" width=\"300\" height=\"164\" srcset=\"https:\/\/ieg.com.br\/blog\/wp-content\/uploads\/2020\/03\/coopera-300x164.png 300w, https:\/\/ieg.com.br\/blog\/wp-content\/uploads\/2020\/03\/coopera-768x420.png 768w, https:\/\/ieg.com.br\/blog\/wp-content\/uploads\/2020\/03\/coopera.png 794w\" sizes=\"(max-width: 300px) 100vw, 300px\" \/><\/p>\n<h4>GESC<\/h4>\n<p><img loading=\"lazy\" decoding=\"async\" class=\"aligncenter size-medium wp-image-6151\" src=\"https:\/\/ieg.com.br\/blog\/wp-content\/uploads\/2020\/03\/gesc-300x191.png\" alt=\"\" width=\"300\" height=\"191\" srcset=\"https:\/\/ieg.com.br\/blog\/wp-content\/uploads\/2020\/03\/gesc-300x191.png 300w, https:\/\/ieg.com.br\/blog\/wp-content\/uploads\/2020\/03\/gesc-768x489.png 768w, https:\/\/ieg.com.br\/blog\/wp-content\/uploads\/2020\/03\/gesc.png 797w\" sizes=\"(max-width: 300px) 100vw, 300px\" \/><\/p>\n<h4>Somar<\/h4>\n<p><img loading=\"lazy\" decoding=\"async\" class=\"aligncenter size-medium wp-image-6153\" src=\"https:\/\/ieg.com.br\/blog\/wp-content\/uploads\/2020\/03\/somar-300x172.png\" alt=\"\" width=\"300\" height=\"172\" srcset=\"https:\/\/ieg.com.br\/blog\/wp-content\/uploads\/2020\/03\/somar-300x172.png 300w, https:\/\/ieg.com.br\/blog\/wp-content\/uploads\/2020\/03\/somar-768x440.png 768w, https:\/\/ieg.com.br\/blog\/wp-content\/uploads\/2020\/03\/somar.png 813w\" sizes=\"(max-width: 300px) 100vw, 300px\" \/><\/p>\n<h4>Inova<\/h4>\n<p><img loading=\"lazy\" decoding=\"async\" class=\"aligncenter size-medium wp-image-6152\" src=\"https:\/\/ieg.com.br\/blog\/wp-content\/uploads\/2020\/03\/inova-300x178.png\" alt=\"\" width=\"300\" height=\"178\" srcset=\"https:\/\/ieg.com.br\/blog\/wp-content\/uploads\/2020\/03\/inova-300x178.png 300w, https:\/\/ieg.com.br\/blog\/wp-content\/uploads\/2020\/03\/inova-768x455.png 768w, https:\/\/ieg.com.br\/blog\/wp-content\/uploads\/2020\/03\/inova.png 793w\" sizes=\"(max-width: 300px) 100vw, 300px\" \/><\/p>\n<\/div>","protected":false},"excerpt":{"rendered":"<p>[vc_row][vc_column][vc_column_text] Conhe\u00e7a os cinco grupos de discuss\u00e3o em Centros de Servi\u00e7os Compartilhados do pa\u00eds e as empresas participantes Com o objetivo de apoiar a evolu\u00e7\u00e3o do mercado de Servi\u00e7os Compartilhados brasileiro, o Instituto de Engenharia de Gest\u00e3o (IEG) coordena os grupos de discuss\u00e3o Compartilha, Coopera+, GESC, SOMAR e Inova. Os grupos possuem encontros trimestrais para [&hellip;]<\/p>\n","protected":false},"author":1,"featured_media":5738,"comment_status":"open","ping_status":"open","sticky":false,"template":"","format":"standard","meta":{"_acf_changed":false,"footnotes":""},"categories":[1],"tags":[],"class_list":["post-5384","post","type-post","status-publish","format-standard","has-post-thumbnail","hentry","category-servicos-compartilhados"],"acf":[],"yoast_head":"<!-- This site is optimized with the Yoast SEO plugin v27.4 - https:\/\/yoast.com\/product\/yoast-seo-wordpress\/ -->\n<title>IEG Connection | Voc\u00ea j\u00e1 ouviu falar sobre os Grupos de Discuss\u00e3o sobre CSC?<\/title>\n<meta name=\"robots\" content=\"index, follow, max-snippet:-1, max-image-preview:large, max-video-preview:-1\" \/>\n<link rel=\"canonical\" href=\"https:\/\/ieg.com.br\/blog\/voce-ja-ouviu-falar-sobre-os-grupos-de-discussao-sobre-csc\/\" \/>\n<meta property=\"og:locale\" content=\"pt_BR\" \/>\n<meta property=\"og:type\" content=\"article\" \/>\n<meta property=\"og:title\" content=\"IEG Connection | Voc\u00ea j\u00e1 ouviu falar sobre os Grupos de Discuss\u00e3o sobre CSC?\" \/>\n<meta property=\"og:description\" content=\"[vc_row][vc_column][vc_column_text] Conhe\u00e7a os cinco grupos de discuss\u00e3o em Centros de Servi\u00e7os Compartilhados do pa\u00eds e as empresas participantes Com o objetivo de apoiar a evolu\u00e7\u00e3o do mercado de Servi\u00e7os Compartilhados brasileiro, o Instituto de Engenharia de Gest\u00e3o (IEG) coordena os grupos de discuss\u00e3o Compartilha, Coopera+, GESC, SOMAR e Inova. Os grupos possuem encontros trimestrais para [&hellip;]\" \/>\n<meta property=\"og:url\" content=\"https:\/\/ieg.com.br\/blog\/voce-ja-ouviu-falar-sobre-os-grupos-de-discussao-sobre-csc\/\" \/>\n<meta property=\"og:site_name\" content=\"IEG Connection\" \/>\n<meta property=\"article:publisher\" content=\"https:\/\/www.facebook.com\/IEG.Brasil\" \/>\n<meta property=\"article:published_time\" content=\"2020-03-16T18:56:46+00:00\" \/>\n<meta property=\"article:modified_time\" content=\"2020-12-03T15:35:50+00:00\" \/>\n<meta property=\"og:image\" content=\"https:\/\/ieg.com.br\/blog\/wp-content\/uploads\/2020\/03\/Grupos-de-Discussao.jpg\" \/>\n\t<meta property=\"og:image:width\" content=\"300\" \/>\n\t<meta property=\"og:image:height\" content=\"200\" \/>\n\t<meta property=\"og:image:type\" content=\"image\/jpeg\" \/>\n<meta name=\"author\" content=\"Reda\u00e7\u00e3o IEG\" \/>\n<meta name=\"twitter:card\" content=\"summary_large_image\" \/>\n<meta name=\"twitter:label1\" content=\"Escrito por\" \/>\n\t<meta name=\"twitter:data1\" content=\"Reda\u00e7\u00e3o IEG\" \/>\n\t<meta name=\"twitter:label2\" content=\"Est. tempo de leitura\" \/>\n\t<meta name=\"twitter:data2\" content=\"1 minuto\" \/>\n<script type=\"application\/ld+json\" class=\"yoast-schema-graph\">{\"@context\":\"https:\\\/\\\/schema.org\",\"@graph\":[{\"@type\":\"Article\",\"@id\":\"https:\\\/\\\/ieg.com.br\\\/blog\\\/voce-ja-ouviu-falar-sobre-os-grupos-de-discussao-sobre-csc\\\/#article\",\"isPartOf\":{\"@id\":\"https:\\\/\\\/ieg.com.br\\\/blog\\\/voce-ja-ouviu-falar-sobre-os-grupos-de-discussao-sobre-csc\\\/\"},\"author\":{\"name\":\"Reda\u00e7\u00e3o IEG\",\"@id\":\"https:\\\/\\\/ieg.com.br\\\/blog\\\/#\\\/schema\\\/person\\\/4c2d72ddde770e48c4e179425ccc9dd5\"},\"headline\":\"Voc\u00ea j\u00e1 ouviu falar sobre os Grupos de Discuss\u00e3o sobre CSC?\",\"datePublished\":\"2020-03-16T18:56:46+00:00\",\"dateModified\":\"2020-12-03T15:35:50+00:00\",\"mainEntityOfPage\":{\"@id\":\"https:\\\/\\\/ieg.com.br\\\/blog\\\/voce-ja-ouviu-falar-sobre-os-grupos-de-discussao-sobre-csc\\\/\"},\"wordCount\":147,\"commentCount\":4,\"publisher\":{\"@id\":\"https:\\\/\\\/ieg.com.br\\\/blog\\\/#organization\"},\"image\":{\"@id\":\"https:\\\/\\\/ieg.com.br\\\/blog\\\/voce-ja-ouviu-falar-sobre-os-grupos-de-discussao-sobre-csc\\\/#primaryimage\"},\"thumbnailUrl\":\"https:\\\/\\\/ieg.com.br\\\/blog\\\/wp-content\\\/uploads\\\/2020\\\/03\\\/Grupos-de-Discussao.jpg\",\"articleSection\":[\"Servi\u00e7os Compartilhados\"],\"inLanguage\":\"pt-BR\",\"potentialAction\":[{\"@type\":\"CommentAction\",\"name\":\"Comment\",\"target\":[\"https:\\\/\\\/ieg.com.br\\\/blog\\\/voce-ja-ouviu-falar-sobre-os-grupos-de-discussao-sobre-csc\\\/#respond\"]}]},{\"@type\":\"WebPage\",\"@id\":\"https:\\\/\\\/ieg.com.br\\\/blog\\\/voce-ja-ouviu-falar-sobre-os-grupos-de-discussao-sobre-csc\\\/\",\"url\":\"https:\\\/\\\/ieg.com.br\\\/blog\\\/voce-ja-ouviu-falar-sobre-os-grupos-de-discussao-sobre-csc\\\/\",\"name\":\"IEG Connection | Voc\u00ea j\u00e1 ouviu falar sobre os Grupos de Discuss\u00e3o sobre CSC?\",\"isPartOf\":{\"@id\":\"https:\\\/\\\/ieg.com.br\\\/blog\\\/#website\"},\"primaryImageOfPage\":{\"@id\":\"https:\\\/\\\/ieg.com.br\\\/blog\\\/voce-ja-ouviu-falar-sobre-os-grupos-de-discussao-sobre-csc\\\/#primaryimage\"},\"image\":{\"@id\":\"https:\\\/\\\/ieg.com.br\\\/blog\\\/voce-ja-ouviu-falar-sobre-os-grupos-de-discussao-sobre-csc\\\/#primaryimage\"},\"thumbnailUrl\":\"https:\\\/\\\/ieg.com.br\\\/blog\\\/wp-content\\\/uploads\\\/2020\\\/03\\\/Grupos-de-Discussao.jpg\",\"datePublished\":\"2020-03-16T18:56:46+00:00\",\"dateModified\":\"2020-12-03T15:35:50+00:00\",\"breadcrumb\":{\"@id\":\"https:\\\/\\\/ieg.com.br\\\/blog\\\/voce-ja-ouviu-falar-sobre-os-grupos-de-discussao-sobre-csc\\\/#breadcrumb\"},\"inLanguage\":\"pt-BR\",\"potentialAction\":[{\"@type\":\"ReadAction\",\"target\":[\"https:\\\/\\\/ieg.com.br\\\/blog\\\/voce-ja-ouviu-falar-sobre-os-grupos-de-discussao-sobre-csc\\\/\"]}]},{\"@type\":\"ImageObject\",\"inLanguage\":\"pt-BR\",\"@id\":\"https:\\\/\\\/ieg.com.br\\\/blog\\\/voce-ja-ouviu-falar-sobre-os-grupos-de-discussao-sobre-csc\\\/#primaryimage\",\"url\":\"https:\\\/\\\/ieg.com.br\\\/blog\\\/wp-content\\\/uploads\\\/2020\\\/03\\\/Grupos-de-Discussao.jpg\",\"contentUrl\":\"https:\\\/\\\/ieg.com.br\\\/blog\\\/wp-content\\\/uploads\\\/2020\\\/03\\\/Grupos-de-Discussao.jpg\",\"width\":300,\"height\":200},{\"@type\":\"BreadcrumbList\",\"@id\":\"https:\\\/\\\/ieg.com.br\\\/blog\\\/voce-ja-ouviu-falar-sobre-os-grupos-de-discussao-sobre-csc\\\/#breadcrumb\",\"itemListElement\":[{\"@type\":\"ListItem\",\"position\":1,\"name\":\"In\u00edcio\",\"item\":\"https:\\\/\\\/ieg.com.br\\\/blog\\\/\"},{\"@type\":\"ListItem\",\"position\":2,\"name\":\"Voc\u00ea j\u00e1 ouviu falar sobre os Grupos de Discuss\u00e3o sobre CSC?\"}]},{\"@type\":\"WebSite\",\"@id\":\"https:\\\/\\\/ieg.com.br\\\/blog\\\/#website\",\"url\":\"https:\\\/\\\/ieg.com.br\\\/blog\\\/\",\"name\":\"IEG Connection\",\"description\":\"O IEG \u00e9 uma empresa que elabora solu\u00e7\u00f5es de ensino, pesquisa e consultoria em gest\u00e3o de forma integrada e complementar para voc\u00ea e para a sua organiza\u00e7\u00e3o.\",\"publisher\":{\"@id\":\"https:\\\/\\\/ieg.com.br\\\/blog\\\/#organization\"},\"potentialAction\":[{\"@type\":\"SearchAction\",\"target\":{\"@type\":\"EntryPoint\",\"urlTemplate\":\"https:\\\/\\\/ieg.com.br\\\/blog\\\/?s={search_term_string}\"},\"query-input\":{\"@type\":\"PropertyValueSpecification\",\"valueRequired\":true,\"valueName\":\"search_term_string\"}}],\"inLanguage\":\"pt-BR\"},{\"@type\":\"Organization\",\"@id\":\"https:\\\/\\\/ieg.com.br\\\/blog\\\/#organization\",\"name\":\"IEG\",\"url\":\"https:\\\/\\\/ieg.com.br\\\/blog\\\/\",\"logo\":{\"@type\":\"ImageObject\",\"inLanguage\":\"pt-BR\",\"@id\":\"https:\\\/\\\/ieg.com.br\\\/blog\\\/#\\\/schema\\\/logo\\\/image\\\/\",\"url\":\"https:\\\/\\\/ieg.com.br\\\/blog\\\/wp-content\\\/uploads\\\/2021\\\/02\\\/ieg-blog-logo.png\",\"contentUrl\":\"https:\\\/\\\/ieg.com.br\\\/blog\\\/wp-content\\\/uploads\\\/2021\\\/02\\\/ieg-blog-logo.png\",\"width\":310,\"height\":126,\"caption\":\"IEG\"},\"image\":{\"@id\":\"https:\\\/\\\/ieg.com.br\\\/blog\\\/#\\\/schema\\\/logo\\\/image\\\/\"},\"sameAs\":[\"https:\\\/\\\/www.facebook.com\\\/IEG.Brasil\",\"https:\\\/\\\/www.instagram.com\\\/ieg.brasil\\\/\",\"https:\\\/\\\/www.linkedin.com\\\/company\\\/ieg-instituto-de-engenharia-de-gestao\\\/\",\"https:\\\/\\\/www.youtube.com\\\/channel\\\/UCFEkxPdX86l8xWwV73kxJyA\"]},{\"@type\":\"Person\",\"@id\":\"https:\\\/\\\/ieg.com.br\\\/blog\\\/#\\\/schema\\\/person\\\/4c2d72ddde770e48c4e179425ccc9dd5\",\"name\":\"Reda\u00e7\u00e3o IEG\",\"image\":{\"@type\":\"ImageObject\",\"inLanguage\":\"pt-BR\",\"@id\":\"https:\\\/\\\/ieg.com.br\\\/blog\\\/wp-content\\\/uploads\\\/2023\\\/04\\\/logo-IEG-para-blog_Prancheta-1-96x96.png\",\"url\":\"https:\\\/\\\/ieg.com.br\\\/blog\\\/wp-content\\\/uploads\\\/2023\\\/04\\\/logo-IEG-para-blog_Prancheta-1-96x96.png\",\"contentUrl\":\"https:\\\/\\\/ieg.com.br\\\/blog\\\/wp-content\\\/uploads\\\/2023\\\/04\\\/logo-IEG-para-blog_Prancheta-1-96x96.png\",\"caption\":\"Reda\u00e7\u00e3o IEG\"},\"description\":\"O IEG \u00e9 uma empresa que elabora solu\u00e7\u00f5es de ensino, pesquisa e consultoria em gest\u00e3o de forma integrada e complementar para voc\u00ea e para a sua organiza\u00e7\u00e3o.\",\"sameAs\":[\"https:\\\/\\\/ieg.com.br\\\/blog\"],\"url\":\"https:\\\/\\\/ieg.com.br\\\/blog\\\/author\\\/admin\\\/\"}]}<\/script>\n<!-- \/ Yoast SEO plugin. -->","yoast_head_json":{"title":"IEG Connection | Voc\u00ea j\u00e1 ouviu falar sobre os Grupos de Discuss\u00e3o sobre CSC?","robots":{"index":"index","follow":"follow","max-snippet":"max-snippet:-1","max-image-preview":"max-image-preview:large","max-video-preview":"max-video-preview:-1"},"canonical":"https:\/\/ieg.com.br\/blog\/voce-ja-ouviu-falar-sobre-os-grupos-de-discussao-sobre-csc\/","og_locale":"pt_BR","og_type":"article","og_title":"IEG Connection | Voc\u00ea j\u00e1 ouviu falar sobre os Grupos de Discuss\u00e3o sobre CSC?","og_description":"[vc_row][vc_column][vc_column_text] Conhe\u00e7a os cinco grupos de discuss\u00e3o em Centros de Servi\u00e7os Compartilhados do pa\u00eds e as empresas participantes Com o objetivo de apoiar a evolu\u00e7\u00e3o do mercado de Servi\u00e7os Compartilhados brasileiro, o Instituto de Engenharia de Gest\u00e3o (IEG) coordena os grupos de discuss\u00e3o Compartilha, Coopera+, GESC, SOMAR e Inova. Os grupos possuem encontros trimestrais para [&hellip;]","og_url":"https:\/\/ieg.com.br\/blog\/voce-ja-ouviu-falar-sobre-os-grupos-de-discussao-sobre-csc\/","og_site_name":"IEG Connection","article_publisher":"https:\/\/www.facebook.com\/IEG.Brasil","article_published_time":"2020-03-16T18:56:46+00:00","article_modified_time":"2020-12-03T15:35:50+00:00","og_image":[{"width":300,"height":200,"url":"https:\/\/ieg.com.br\/blog\/wp-content\/uploads\/2020\/03\/Grupos-de-Discussao.jpg","type":"image\/jpeg"}],"author":"Reda\u00e7\u00e3o IEG","twitter_card":"summary_large_image","twitter_misc":{"Escrito por":"Reda\u00e7\u00e3o IEG","Est. tempo de leitura":"1 minuto"},"schema":{"@context":"https:\/\/schema.org","@graph":[{"@type":"Article","@id":"https:\/\/ieg.com.br\/blog\/voce-ja-ouviu-falar-sobre-os-grupos-de-discussao-sobre-csc\/#article","isPartOf":{"@id":"https:\/\/ieg.com.br\/blog\/voce-ja-ouviu-falar-sobre-os-grupos-de-discussao-sobre-csc\/"},"author":{"name":"Reda\u00e7\u00e3o IEG","@id":"https:\/\/ieg.com.br\/blog\/#\/schema\/person\/4c2d72ddde770e48c4e179425ccc9dd5"},"headline":"Voc\u00ea j\u00e1 ouviu falar sobre os Grupos de Discuss\u00e3o sobre CSC?","datePublished":"2020-03-16T18:56:46+00:00","dateModified":"2020-12-03T15:35:50+00:00","mainEntityOfPage":{"@id":"https:\/\/ieg.com.br\/blog\/voce-ja-ouviu-falar-sobre-os-grupos-de-discussao-sobre-csc\/"},"wordCount":147,"commentCount":4,"publisher":{"@id":"https:\/\/ieg.com.br\/blog\/#organization"},"image":{"@id":"https:\/\/ieg.com.br\/blog\/voce-ja-ouviu-falar-sobre-os-grupos-de-discussao-sobre-csc\/#primaryimage"},"thumbnailUrl":"https:\/\/ieg.com.br\/blog\/wp-content\/uploads\/2020\/03\/Grupos-de-Discussao.jpg","articleSection":["Servi\u00e7os Compartilhados"],"inLanguage":"pt-BR","potentialAction":[{"@type":"CommentAction","name":"Comment","target":["https:\/\/ieg.com.br\/blog\/voce-ja-ouviu-falar-sobre-os-grupos-de-discussao-sobre-csc\/#respond"]}]},{"@type":"WebPage","@id":"https:\/\/ieg.com.br\/blog\/voce-ja-ouviu-falar-sobre-os-grupos-de-discussao-sobre-csc\/","url":"https:\/\/ieg.com.br\/blog\/voce-ja-ouviu-falar-sobre-os-grupos-de-discussao-sobre-csc\/","name":"IEG Connection | Voc\u00ea j\u00e1 ouviu falar sobre os Grupos de Discuss\u00e3o sobre CSC?","isPartOf":{"@id":"https:\/\/ieg.com.br\/blog\/#website"},"primaryImageOfPage":{"@id":"https:\/\/ieg.com.br\/blog\/voce-ja-ouviu-falar-sobre-os-grupos-de-discussao-sobre-csc\/#primaryimage"},"image":{"@id":"https:\/\/ieg.com.br\/blog\/voce-ja-ouviu-falar-sobre-os-grupos-de-discussao-sobre-csc\/#primaryimage"},"thumbnailUrl":"https:\/\/ieg.com.br\/blog\/wp-content\/uploads\/2020\/03\/Grupos-de-Discussao.jpg","datePublished":"2020-03-16T18:56:46+00:00","dateModified":"2020-12-03T15:35:50+00:00","breadcrumb":{"@id":"https:\/\/ieg.com.br\/blog\/voce-ja-ouviu-falar-sobre-os-grupos-de-discussao-sobre-csc\/#breadcrumb"},"inLanguage":"pt-BR","potentialAction":[{"@type":"ReadAction","target":["https:\/\/ieg.com.br\/blog\/voce-ja-ouviu-falar-sobre-os-grupos-de-discussao-sobre-csc\/"]}]},{"@type":"ImageObject","inLanguage":"pt-BR","@id":"https:\/\/ieg.com.br\/blog\/voce-ja-ouviu-falar-sobre-os-grupos-de-discussao-sobre-csc\/#primaryimage","url":"https:\/\/ieg.com.br\/blog\/wp-content\/uploads\/2020\/03\/Grupos-de-Discussao.jpg","contentUrl":"https:\/\/ieg.com.br\/blog\/wp-content\/uploads\/2020\/03\/Grupos-de-Discussao.jpg","width":300,"height":200},{"@type":"BreadcrumbList","@id":"https:\/\/ieg.com.br\/blog\/voce-ja-ouviu-falar-sobre-os-grupos-de-discussao-sobre-csc\/#breadcrumb","itemListElement":[{"@type":"ListItem","position":1,"name":"In\u00edcio","item":"https:\/\/ieg.com.br\/blog\/"},{"@type":"ListItem","position":2,"name":"Voc\u00ea j\u00e1 ouviu falar sobre os Grupos de Discuss\u00e3o sobre CSC?"}]},{"@type":"WebSite","@id":"https:\/\/ieg.com.br\/blog\/#website","url":"https:\/\/ieg.com.br\/blog\/","name":"IEG Connection","description":"O IEG \u00e9 uma empresa que elabora solu\u00e7\u00f5es de ensino, pesquisa e consultoria em gest\u00e3o de forma integrada e complementar para voc\u00ea e para a sua organiza\u00e7\u00e3o.","publisher":{"@id":"https:\/\/ieg.com.br\/blog\/#organization"},"potentialAction":[{"@type":"SearchAction","target":{"@type":"EntryPoint","urlTemplate":"https:\/\/ieg.com.br\/blog\/?s={search_term_string}"},"query-input":{"@type":"PropertyValueSpecification","valueRequired":true,"valueName":"search_term_string"}}],"inLanguage":"pt-BR"},{"@type":"Organization","@id":"https:\/\/ieg.com.br\/blog\/#organization","name":"IEG","url":"https:\/\/ieg.com.br\/blog\/","logo":{"@type":"ImageObject","inLanguage":"pt-BR","@id":"https:\/\/ieg.com.br\/blog\/#\/schema\/logo\/image\/","url":"https:\/\/ieg.com.br\/blog\/wp-content\/uploads\/2021\/02\/ieg-blog-logo.png","contentUrl":"https:\/\/ieg.com.br\/blog\/wp-content\/uploads\/2021\/02\/ieg-blog-logo.png","width":310,"height":126,"caption":"IEG"},"image":{"@id":"https:\/\/ieg.com.br\/blog\/#\/schema\/logo\/image\/"},"sameAs":["https:\/\/www.facebook.com\/IEG.Brasil","https:\/\/www.instagram.com\/ieg.brasil\/","https:\/\/www.linkedin.com\/company\/ieg-instituto-de-engenharia-de-gestao\/","https:\/\/www.youtube.com\/channel\/UCFEkxPdX86l8xWwV73kxJyA"]},{"@type":"Person","@id":"https:\/\/ieg.com.br\/blog\/#\/schema\/person\/4c2d72ddde770e48c4e179425ccc9dd5","name":"Reda\u00e7\u00e3o IEG","image":{"@type":"ImageObject","inLanguage":"pt-BR","@id":"https:\/\/ieg.com.br\/blog\/wp-content\/uploads\/2023\/04\/logo-IEG-para-blog_Prancheta-1-96x96.png","url":"https:\/\/ieg.com.br\/blog\/wp-content\/uploads\/2023\/04\/logo-IEG-para-blog_Prancheta-1-96x96.png","contentUrl":"https:\/\/ieg.com.br\/blog\/wp-content\/uploads\/2023\/04\/logo-IEG-para-blog_Prancheta-1-96x96.png","caption":"Reda\u00e7\u00e3o IEG"},"description":"O IEG \u00e9 uma empresa que elabora solu\u00e7\u00f5es de ensino, pesquisa e consultoria em gest\u00e3o de forma integrada e complementar para voc\u00ea e para a sua organiza\u00e7\u00e3o.","sameAs":["https:\/\/ieg.com.br\/blog"],"url":"https:\/\/ieg.com.br\/blog\/author\/admin\/"}]}},"_links":{"self":[{"href":"https:\/\/ieg.com.br\/blog\/wp-json\/wp\/v2\/posts\/5384","targetHints":{"allow":["GET"]}}],"collection":[{"href":"https:\/\/ieg.com.br\/blog\/wp-json\/wp\/v2\/posts"}],"about":[{"href":"https:\/\/ieg.com.br\/blog\/wp-json\/wp\/v2\/types\/post"}],"author":[{"embeddable":true,"href":"https:\/\/ieg.com.br\/blog\/wp-json\/wp\/v2\/users\/1"}],"replies":[{"embeddable":true,"href":"https:\/\/ieg.com.br\/blog\/wp-json\/wp\/v2\/comments?post=5384"}],"version-history":[{"count":4,"href":"https:\/\/ieg.com.br\/blog\/wp-json\/wp\/v2\/posts\/5384\/revisions"}],"predecessor-version":[{"id":6156,"href":"https:\/\/ieg.com.br\/blog\/wp-json\/wp\/v2\/posts\/5384\/revisions\/6156"}],"wp:featuredmedia":[{"embeddable":true,"href":"https:\/\/ieg.com.br\/blog\/wp-json\/wp\/v2\/media\/5738"}],"wp:attachment":[{"href":"https:\/\/ieg.com.br\/blog\/wp-json\/wp\/v2\/media?parent=5384"}],"wp:term":[{"taxonomy":"category","embeddable":true,"href":"https:\/\/ieg.com.br\/blog\/wp-json\/wp\/v2\/categories?post=5384"},{"taxonomy":"post_tag","embeddable":true,"href":"https:\/\/ieg.com.br\/blog\/wp-json\/wp\/v2\/tags?post=5384"}],"curies":[{"name":"wp","href":"https:\/\/api.w.org\/{rel}","templated":true}]}}