{"id":5299,"date":"2019-10-28T13:09:10","date_gmt":"2019-10-28T15:09:10","guid":{"rendered":"https:\/\/ssconnection.com.br\/?p=5299"},"modified":"2020-11-04T16:51:59","modified_gmt":"2020-11-04T19:51:59","slug":"gestao-shared-services-vao-muito-alem-de-reducao-de-custos","status":"publish","type":"post","link":"https:\/\/ieg.com.br\/blog\/gestao-shared-services-vao-muito-alem-de-reducao-de-custos\/","title":{"rendered":"Gest\u00e3o: Shared Services v\u00e3o muito al\u00e9m de redu\u00e7\u00e3o de custos"},"content":{"rendered":"<h3><strong>Modelo de neg\u00f3cio j\u00e1 adotado por diversas empresas por meio de Centro de Servi\u00e7os Compartilhados (CSC) tamb\u00e9m proporciona outros benef\u00edcios<\/strong><\/h3>\n<p>Mais de tr\u00eas mil empresas de diversos portes e ramos de atividades em todo o mundo j\u00e1 adotaram o modelo de neg\u00f3cio de Shared Services. No Brasil, a estimativa \u00e9 que mais de quatrocentas organiza\u00e7\u00f5es j\u00e1 trabalhem com esse conceito, conforme mensura\u00e7\u00e3o de Carlos Alberto Pereira Magalh\u00e3es, autor do livro \u2018Centro de Servi\u00e7os Compartilhados \u2013 Estrat\u00e9gia para Maximizar o Valor de sua Organiza\u00e7\u00e3o \u2013 2\u00aa. edi\u00e7\u00e3o\u2019 e s\u00f3cio-diretor das empresas CAP Magalh\u00e3es Assessoria Empresarial e Xcellence &amp; CO. \u201cJ\u00e1 implantamos mais de 30 CSC e assessoramos dezenas de outros no Brasil e no exterior para aperfei\u00e7oar suas opera\u00e7\u00f5es. Temos conhecimento avan\u00e7ado das \u00faltimas tend\u00eancias presidindo diversos f\u00f3runs de discuss\u00e3o de servi\u00e7os compartilhados\u201d, afirma Magalh\u00e3es.<br \/>\nMas, afinal, o que s\u00e3o Shared Services?<br \/>\n<a href=\"https:\/\/www.foodservicenews.com.br\/gestao-shared-services-vao-muito-alem-de-reducao-de-custos\/\">Clique aqui<\/a> e continue lendo a not\u00edcia do Portal Food Services News.<\/p>\n","protected":false},"excerpt":{"rendered":"<p>Modelo de neg\u00f3cio j\u00e1 adotado por diversas empresas por meio de Centro de Servi\u00e7os Compartilhados (CSC) tamb\u00e9m proporciona outros benef\u00edcios Mais de tr\u00eas mil empresas de diversos portes e ramos de atividades em todo o mundo j\u00e1 adotaram o modelo de neg\u00f3cio de Shared Services. No Brasil, a estimativa \u00e9 que mais de quatrocentas organiza\u00e7\u00f5es [&hellip;]<\/p>\n","protected":false},"author":1,"featured_media":5746,"comment_status":"open","ping_status":"open","sticky":false,"template":"","format":"standard","meta":{"_acf_changed":false,"footnotes":""},"categories":[1,134],"tags":[],"class_list":["post-5299","post","type-post","status-publish","format-standard","has-post-thumbnail","hentry","category-servicos-compartilhados","category-gestao"],"acf":[],"yoast_head":"<!-- This site is optimized with the Yoast SEO plugin v27.4 - https:\/\/yoast.com\/product\/yoast-seo-wordpress\/ -->\n<title>IEG Connection | Gest\u00e3o: Shared Services v\u00e3o muito al\u00e9m de redu\u00e7\u00e3o de custos<\/title>\n<meta name=\"robots\" content=\"index, follow, max-snippet:-1, max-image-preview:large, max-video-preview:-1\" \/>\n<link rel=\"canonical\" href=\"https:\/\/ieg.com.br\/blog\/gestao-shared-services-vao-muito-alem-de-reducao-de-custos\/\" \/>\n<meta property=\"og:locale\" content=\"pt_BR\" \/>\n<meta property=\"og:type\" content=\"article\" \/>\n<meta property=\"og:title\" content=\"IEG Connection | Gest\u00e3o: Shared Services v\u00e3o muito al\u00e9m de redu\u00e7\u00e3o de custos\" \/>\n<meta property=\"og:description\" content=\"Modelo de neg\u00f3cio j\u00e1 adotado por diversas empresas por meio de Centro de Servi\u00e7os Compartilhados (CSC) tamb\u00e9m proporciona outros benef\u00edcios Mais de tr\u00eas mil empresas de diversos portes e ramos de atividades em todo o mundo j\u00e1 adotaram o modelo de neg\u00f3cio de Shared Services. No Brasil, a estimativa \u00e9 que mais de quatrocentas organiza\u00e7\u00f5es [&hellip;]\" \/>\n<meta property=\"og:url\" content=\"https:\/\/ieg.com.br\/blog\/gestao-shared-services-vao-muito-alem-de-reducao-de-custos\/\" \/>\n<meta property=\"og:site_name\" content=\"IEG Connection\" \/>\n<meta property=\"article:publisher\" content=\"https:\/\/www.facebook.com\/IEG.Brasil\" \/>\n<meta property=\"article:published_time\" content=\"2019-10-28T15:09:10+00:00\" \/>\n<meta property=\"article:modified_time\" content=\"2020-11-04T19:51:59+00:00\" \/>\n<meta property=\"og:image\" content=\"https:\/\/ieg.com.br\/blog\/wp-content\/uploads\/2019\/10\/Gestao.png\" \/>\n\t<meta property=\"og:image:width\" content=\"213\" \/>\n\t<meta property=\"og:image:height\" content=\"215\" \/>\n\t<meta property=\"og:image:type\" content=\"image\/png\" \/>\n<meta name=\"author\" content=\"Reda\u00e7\u00e3o IEG\" \/>\n<meta name=\"twitter:card\" content=\"summary_large_image\" \/>\n<meta name=\"twitter:label1\" content=\"Escrito por\" \/>\n\t<meta name=\"twitter:data1\" content=\"Reda\u00e7\u00e3o IEG\" \/>\n\t<meta name=\"twitter:label2\" content=\"Est. tempo de leitura\" \/>\n\t<meta name=\"twitter:data2\" content=\"1 minuto\" \/>\n<script type=\"application\/ld+json\" class=\"yoast-schema-graph\">{\"@context\":\"https:\\\/\\\/schema.org\",\"@graph\":[{\"@type\":\"Article\",\"@id\":\"https:\\\/\\\/ieg.com.br\\\/blog\\\/gestao-shared-services-vao-muito-alem-de-reducao-de-custos\\\/#article\",\"isPartOf\":{\"@id\":\"https:\\\/\\\/ieg.com.br\\\/blog\\\/gestao-shared-services-vao-muito-alem-de-reducao-de-custos\\\/\"},\"author\":{\"name\":\"Reda\u00e7\u00e3o IEG\",\"@id\":\"https:\\\/\\\/ieg.com.br\\\/blog\\\/#\\\/schema\\\/person\\\/4c2d72ddde770e48c4e179425ccc9dd5\"},\"headline\":\"Gest\u00e3o: Shared Services v\u00e3o muito al\u00e9m de redu\u00e7\u00e3o de custos\",\"datePublished\":\"2019-10-28T15:09:10+00:00\",\"dateModified\":\"2020-11-04T19:51:59+00:00\",\"mainEntityOfPage\":{\"@id\":\"https:\\\/\\\/ieg.com.br\\\/blog\\\/gestao-shared-services-vao-muito-alem-de-reducao-de-custos\\\/\"},\"wordCount\":187,\"commentCount\":0,\"publisher\":{\"@id\":\"https:\\\/\\\/ieg.com.br\\\/blog\\\/#organization\"},\"image\":{\"@id\":\"https:\\\/\\\/ieg.com.br\\\/blog\\\/gestao-shared-services-vao-muito-alem-de-reducao-de-custos\\\/#primaryimage\"},\"thumbnailUrl\":\"https:\\\/\\\/ieg.com.br\\\/blog\\\/wp-content\\\/uploads\\\/2019\\\/10\\\/Gestao.png\",\"articleSection\":[\"Servi\u00e7os Compartilhados\",\"Gest\u00e3o\"],\"inLanguage\":\"pt-BR\",\"potentialAction\":[{\"@type\":\"CommentAction\",\"name\":\"Comment\",\"target\":[\"https:\\\/\\\/ieg.com.br\\\/blog\\\/gestao-shared-services-vao-muito-alem-de-reducao-de-custos\\\/#respond\"]}]},{\"@type\":\"WebPage\",\"@id\":\"https:\\\/\\\/ieg.com.br\\\/blog\\\/gestao-shared-services-vao-muito-alem-de-reducao-de-custos\\\/\",\"url\":\"https:\\\/\\\/ieg.com.br\\\/blog\\\/gestao-shared-services-vao-muito-alem-de-reducao-de-custos\\\/\",\"name\":\"IEG Connection | Gest\u00e3o: Shared Services v\u00e3o muito al\u00e9m de redu\u00e7\u00e3o de custos\",\"isPartOf\":{\"@id\":\"https:\\\/\\\/ieg.com.br\\\/blog\\\/#website\"},\"primaryImageOfPage\":{\"@id\":\"https:\\\/\\\/ieg.com.br\\\/blog\\\/gestao-shared-services-vao-muito-alem-de-reducao-de-custos\\\/#primaryimage\"},\"image\":{\"@id\":\"https:\\\/\\\/ieg.com.br\\\/blog\\\/gestao-shared-services-vao-muito-alem-de-reducao-de-custos\\\/#primaryimage\"},\"thumbnailUrl\":\"https:\\\/\\\/ieg.com.br\\\/blog\\\/wp-content\\\/uploads\\\/2019\\\/10\\\/Gestao.png\",\"datePublished\":\"2019-10-28T15:09:10+00:00\",\"dateModified\":\"2020-11-04T19:51:59+00:00\",\"breadcrumb\":{\"@id\":\"https:\\\/\\\/ieg.com.br\\\/blog\\\/gestao-shared-services-vao-muito-alem-de-reducao-de-custos\\\/#breadcrumb\"},\"inLanguage\":\"pt-BR\",\"potentialAction\":[{\"@type\":\"ReadAction\",\"target\":[\"https:\\\/\\\/ieg.com.br\\\/blog\\\/gestao-shared-services-vao-muito-alem-de-reducao-de-custos\\\/\"]}]},{\"@type\":\"ImageObject\",\"inLanguage\":\"pt-BR\",\"@id\":\"https:\\\/\\\/ieg.com.br\\\/blog\\\/gestao-shared-services-vao-muito-alem-de-reducao-de-custos\\\/#primaryimage\",\"url\":\"https:\\\/\\\/ieg.com.br\\\/blog\\\/wp-content\\\/uploads\\\/2019\\\/10\\\/Gestao.png\",\"contentUrl\":\"https:\\\/\\\/ieg.com.br\\\/blog\\\/wp-content\\\/uploads\\\/2019\\\/10\\\/Gestao.png\",\"width\":213,\"height\":215},{\"@type\":\"BreadcrumbList\",\"@id\":\"https:\\\/\\\/ieg.com.br\\\/blog\\\/gestao-shared-services-vao-muito-alem-de-reducao-de-custos\\\/#breadcrumb\",\"itemListElement\":[{\"@type\":\"ListItem\",\"position\":1,\"name\":\"In\u00edcio\",\"item\":\"https:\\\/\\\/ieg.com.br\\\/blog\\\/\"},{\"@type\":\"ListItem\",\"position\":2,\"name\":\"Gest\u00e3o: Shared Services v\u00e3o muito al\u00e9m de redu\u00e7\u00e3o de custos\"}]},{\"@type\":\"WebSite\",\"@id\":\"https:\\\/\\\/ieg.com.br\\\/blog\\\/#website\",\"url\":\"https:\\\/\\\/ieg.com.br\\\/blog\\\/\",\"name\":\"IEG Connection\",\"description\":\"O IEG \u00e9 uma empresa que elabora solu\u00e7\u00f5es de ensino, pesquisa e consultoria em gest\u00e3o de forma integrada e complementar para voc\u00ea e para a sua organiza\u00e7\u00e3o.\",\"publisher\":{\"@id\":\"https:\\\/\\\/ieg.com.br\\\/blog\\\/#organization\"},\"potentialAction\":[{\"@type\":\"SearchAction\",\"target\":{\"@type\":\"EntryPoint\",\"urlTemplate\":\"https:\\\/\\\/ieg.com.br\\\/blog\\\/?s={search_term_string}\"},\"query-input\":{\"@type\":\"PropertyValueSpecification\",\"valueRequired\":true,\"valueName\":\"search_term_string\"}}],\"inLanguage\":\"pt-BR\"},{\"@type\":\"Organization\",\"@id\":\"https:\\\/\\\/ieg.com.br\\\/blog\\\/#organization\",\"name\":\"IEG\",\"url\":\"https:\\\/\\\/ieg.com.br\\\/blog\\\/\",\"logo\":{\"@type\":\"ImageObject\",\"inLanguage\":\"pt-BR\",\"@id\":\"https:\\\/\\\/ieg.com.br\\\/blog\\\/#\\\/schema\\\/logo\\\/image\\\/\",\"url\":\"https:\\\/\\\/ieg.com.br\\\/blog\\\/wp-content\\\/uploads\\\/2021\\\/02\\\/ieg-blog-logo.png\",\"contentUrl\":\"https:\\\/\\\/ieg.com.br\\\/blog\\\/wp-content\\\/uploads\\\/2021\\\/02\\\/ieg-blog-logo.png\",\"width\":310,\"height\":126,\"caption\":\"IEG\"},\"image\":{\"@id\":\"https:\\\/\\\/ieg.com.br\\\/blog\\\/#\\\/schema\\\/logo\\\/image\\\/\"},\"sameAs\":[\"https:\\\/\\\/www.facebook.com\\\/IEG.Brasil\",\"https:\\\/\\\/www.instagram.com\\\/ieg.brasil\\\/\",\"https:\\\/\\\/www.linkedin.com\\\/company\\\/ieg-instituto-de-engenharia-de-gestao\\\/\",\"https:\\\/\\\/www.youtube.com\\\/channel\\\/UCFEkxPdX86l8xWwV73kxJyA\"]},{\"@type\":\"Person\",\"@id\":\"https:\\\/\\\/ieg.com.br\\\/blog\\\/#\\\/schema\\\/person\\\/4c2d72ddde770e48c4e179425ccc9dd5\",\"name\":\"Reda\u00e7\u00e3o IEG\",\"image\":{\"@type\":\"ImageObject\",\"inLanguage\":\"pt-BR\",\"@id\":\"https:\\\/\\\/ieg.com.br\\\/blog\\\/wp-content\\\/uploads\\\/2023\\\/04\\\/logo-IEG-para-blog_Prancheta-1-96x96.png\",\"url\":\"https:\\\/\\\/ieg.com.br\\\/blog\\\/wp-content\\\/uploads\\\/2023\\\/04\\\/logo-IEG-para-blog_Prancheta-1-96x96.png\",\"contentUrl\":\"https:\\\/\\\/ieg.com.br\\\/blog\\\/wp-content\\\/uploads\\\/2023\\\/04\\\/logo-IEG-para-blog_Prancheta-1-96x96.png\",\"caption\":\"Reda\u00e7\u00e3o IEG\"},\"description\":\"O IEG \u00e9 uma empresa que elabora solu\u00e7\u00f5es de ensino, pesquisa e consultoria em gest\u00e3o de forma integrada e complementar para voc\u00ea e para a sua organiza\u00e7\u00e3o.\",\"sameAs\":[\"https:\\\/\\\/ieg.com.br\\\/blog\"],\"url\":\"https:\\\/\\\/ieg.com.br\\\/blog\\\/author\\\/admin\\\/\"}]}<\/script>\n<!-- \/ Yoast SEO plugin. -->","yoast_head_json":{"title":"IEG Connection | Gest\u00e3o: Shared Services v\u00e3o muito al\u00e9m de redu\u00e7\u00e3o de custos","robots":{"index":"index","follow":"follow","max-snippet":"max-snippet:-1","max-image-preview":"max-image-preview:large","max-video-preview":"max-video-preview:-1"},"canonical":"https:\/\/ieg.com.br\/blog\/gestao-shared-services-vao-muito-alem-de-reducao-de-custos\/","og_locale":"pt_BR","og_type":"article","og_title":"IEG Connection | Gest\u00e3o: Shared Services v\u00e3o muito al\u00e9m de redu\u00e7\u00e3o de custos","og_description":"Modelo de neg\u00f3cio j\u00e1 adotado por diversas empresas por meio de Centro de Servi\u00e7os Compartilhados (CSC) tamb\u00e9m proporciona outros benef\u00edcios Mais de tr\u00eas mil empresas de diversos portes e ramos de atividades em todo o mundo j\u00e1 adotaram o modelo de neg\u00f3cio de Shared Services. No Brasil, a estimativa \u00e9 que mais de quatrocentas organiza\u00e7\u00f5es [&hellip;]","og_url":"https:\/\/ieg.com.br\/blog\/gestao-shared-services-vao-muito-alem-de-reducao-de-custos\/","og_site_name":"IEG Connection","article_publisher":"https:\/\/www.facebook.com\/IEG.Brasil","article_published_time":"2019-10-28T15:09:10+00:00","article_modified_time":"2020-11-04T19:51:59+00:00","og_image":[{"width":213,"height":215,"url":"https:\/\/ieg.com.br\/blog\/wp-content\/uploads\/2019\/10\/Gestao.png","type":"image\/png"}],"author":"Reda\u00e7\u00e3o IEG","twitter_card":"summary_large_image","twitter_misc":{"Escrito por":"Reda\u00e7\u00e3o IEG","Est. tempo de leitura":"1 minuto"},"schema":{"@context":"https:\/\/schema.org","@graph":[{"@type":"Article","@id":"https:\/\/ieg.com.br\/blog\/gestao-shared-services-vao-muito-alem-de-reducao-de-custos\/#article","isPartOf":{"@id":"https:\/\/ieg.com.br\/blog\/gestao-shared-services-vao-muito-alem-de-reducao-de-custos\/"},"author":{"name":"Reda\u00e7\u00e3o IEG","@id":"https:\/\/ieg.com.br\/blog\/#\/schema\/person\/4c2d72ddde770e48c4e179425ccc9dd5"},"headline":"Gest\u00e3o: Shared Services v\u00e3o muito al\u00e9m de redu\u00e7\u00e3o de custos","datePublished":"2019-10-28T15:09:10+00:00","dateModified":"2020-11-04T19:51:59+00:00","mainEntityOfPage":{"@id":"https:\/\/ieg.com.br\/blog\/gestao-shared-services-vao-muito-alem-de-reducao-de-custos\/"},"wordCount":187,"commentCount":0,"publisher":{"@id":"https:\/\/ieg.com.br\/blog\/#organization"},"image":{"@id":"https:\/\/ieg.com.br\/blog\/gestao-shared-services-vao-muito-alem-de-reducao-de-custos\/#primaryimage"},"thumbnailUrl":"https:\/\/ieg.com.br\/blog\/wp-content\/uploads\/2019\/10\/Gestao.png","articleSection":["Servi\u00e7os Compartilhados","Gest\u00e3o"],"inLanguage":"pt-BR","potentialAction":[{"@type":"CommentAction","name":"Comment","target":["https:\/\/ieg.com.br\/blog\/gestao-shared-services-vao-muito-alem-de-reducao-de-custos\/#respond"]}]},{"@type":"WebPage","@id":"https:\/\/ieg.com.br\/blog\/gestao-shared-services-vao-muito-alem-de-reducao-de-custos\/","url":"https:\/\/ieg.com.br\/blog\/gestao-shared-services-vao-muito-alem-de-reducao-de-custos\/","name":"IEG Connection | Gest\u00e3o: Shared Services v\u00e3o muito al\u00e9m de redu\u00e7\u00e3o de custos","isPartOf":{"@id":"https:\/\/ieg.com.br\/blog\/#website"},"primaryImageOfPage":{"@id":"https:\/\/ieg.com.br\/blog\/gestao-shared-services-vao-muito-alem-de-reducao-de-custos\/#primaryimage"},"image":{"@id":"https:\/\/ieg.com.br\/blog\/gestao-shared-services-vao-muito-alem-de-reducao-de-custos\/#primaryimage"},"thumbnailUrl":"https:\/\/ieg.com.br\/blog\/wp-content\/uploads\/2019\/10\/Gestao.png","datePublished":"2019-10-28T15:09:10+00:00","dateModified":"2020-11-04T19:51:59+00:00","breadcrumb":{"@id":"https:\/\/ieg.com.br\/blog\/gestao-shared-services-vao-muito-alem-de-reducao-de-custos\/#breadcrumb"},"inLanguage":"pt-BR","potentialAction":[{"@type":"ReadAction","target":["https:\/\/ieg.com.br\/blog\/gestao-shared-services-vao-muito-alem-de-reducao-de-custos\/"]}]},{"@type":"ImageObject","inLanguage":"pt-BR","@id":"https:\/\/ieg.com.br\/blog\/gestao-shared-services-vao-muito-alem-de-reducao-de-custos\/#primaryimage","url":"https:\/\/ieg.com.br\/blog\/wp-content\/uploads\/2019\/10\/Gestao.png","contentUrl":"https:\/\/ieg.com.br\/blog\/wp-content\/uploads\/2019\/10\/Gestao.png","width":213,"height":215},{"@type":"BreadcrumbList","@id":"https:\/\/ieg.com.br\/blog\/gestao-shared-services-vao-muito-alem-de-reducao-de-custos\/#breadcrumb","itemListElement":[{"@type":"ListItem","position":1,"name":"In\u00edcio","item":"https:\/\/ieg.com.br\/blog\/"},{"@type":"ListItem","position":2,"name":"Gest\u00e3o: Shared Services v\u00e3o muito al\u00e9m de redu\u00e7\u00e3o de custos"}]},{"@type":"WebSite","@id":"https:\/\/ieg.com.br\/blog\/#website","url":"https:\/\/ieg.com.br\/blog\/","name":"IEG Connection","description":"O IEG \u00e9 uma empresa que elabora solu\u00e7\u00f5es de ensino, pesquisa e consultoria em gest\u00e3o de forma integrada e complementar para voc\u00ea e para a sua organiza\u00e7\u00e3o.","publisher":{"@id":"https:\/\/ieg.com.br\/blog\/#organization"},"potentialAction":[{"@type":"SearchAction","target":{"@type":"EntryPoint","urlTemplate":"https:\/\/ieg.com.br\/blog\/?s={search_term_string}"},"query-input":{"@type":"PropertyValueSpecification","valueRequired":true,"valueName":"search_term_string"}}],"inLanguage":"pt-BR"},{"@type":"Organization","@id":"https:\/\/ieg.com.br\/blog\/#organization","name":"IEG","url":"https:\/\/ieg.com.br\/blog\/","logo":{"@type":"ImageObject","inLanguage":"pt-BR","@id":"https:\/\/ieg.com.br\/blog\/#\/schema\/logo\/image\/","url":"https:\/\/ieg.com.br\/blog\/wp-content\/uploads\/2021\/02\/ieg-blog-logo.png","contentUrl":"https:\/\/ieg.com.br\/blog\/wp-content\/uploads\/2021\/02\/ieg-blog-logo.png","width":310,"height":126,"caption":"IEG"},"image":{"@id":"https:\/\/ieg.com.br\/blog\/#\/schema\/logo\/image\/"},"sameAs":["https:\/\/www.facebook.com\/IEG.Brasil","https:\/\/www.instagram.com\/ieg.brasil\/","https:\/\/www.linkedin.com\/company\/ieg-instituto-de-engenharia-de-gestao\/","https:\/\/www.youtube.com\/channel\/UCFEkxPdX86l8xWwV73kxJyA"]},{"@type":"Person","@id":"https:\/\/ieg.com.br\/blog\/#\/schema\/person\/4c2d72ddde770e48c4e179425ccc9dd5","name":"Reda\u00e7\u00e3o IEG","image":{"@type":"ImageObject","inLanguage":"pt-BR","@id":"https:\/\/ieg.com.br\/blog\/wp-content\/uploads\/2023\/04\/logo-IEG-para-blog_Prancheta-1-96x96.png","url":"https:\/\/ieg.com.br\/blog\/wp-content\/uploads\/2023\/04\/logo-IEG-para-blog_Prancheta-1-96x96.png","contentUrl":"https:\/\/ieg.com.br\/blog\/wp-content\/uploads\/2023\/04\/logo-IEG-para-blog_Prancheta-1-96x96.png","caption":"Reda\u00e7\u00e3o IEG"},"description":"O IEG \u00e9 uma empresa que elabora solu\u00e7\u00f5es de ensino, pesquisa e consultoria em gest\u00e3o de forma integrada e complementar para voc\u00ea e para a sua organiza\u00e7\u00e3o.","sameAs":["https:\/\/ieg.com.br\/blog"],"url":"https:\/\/ieg.com.br\/blog\/author\/admin\/"}]}},"_links":{"self":[{"href":"https:\/\/ieg.com.br\/blog\/wp-json\/wp\/v2\/posts\/5299","targetHints":{"allow":["GET"]}}],"collection":[{"href":"https:\/\/ieg.com.br\/blog\/wp-json\/wp\/v2\/posts"}],"about":[{"href":"https:\/\/ieg.com.br\/blog\/wp-json\/wp\/v2\/types\/post"}],"author":[{"embeddable":true,"href":"https:\/\/ieg.com.br\/blog\/wp-json\/wp\/v2\/users\/1"}],"replies":[{"embeddable":true,"href":"https:\/\/ieg.com.br\/blog\/wp-json\/wp\/v2\/comments?post=5299"}],"version-history":[{"count":1,"href":"https:\/\/ieg.com.br\/blog\/wp-json\/wp\/v2\/posts\/5299\/revisions"}],"predecessor-version":[{"id":5747,"href":"https:\/\/ieg.com.br\/blog\/wp-json\/wp\/v2\/posts\/5299\/revisions\/5747"}],"wp:featuredmedia":[{"embeddable":true,"href":"https:\/\/ieg.com.br\/blog\/wp-json\/wp\/v2\/media\/5746"}],"wp:attachment":[{"href":"https:\/\/ieg.com.br\/blog\/wp-json\/wp\/v2\/media?parent=5299"}],"wp:term":[{"taxonomy":"category","embeddable":true,"href":"https:\/\/ieg.com.br\/blog\/wp-json\/wp\/v2\/categories?post=5299"},{"taxonomy":"post_tag","embeddable":true,"href":"https:\/\/ieg.com.br\/blog\/wp-json\/wp\/v2\/tags?post=5299"}],"curies":[{"name":"wp","href":"https:\/\/api.w.org\/{rel}","templated":true}]}}