{"id":5195,"date":"2019-06-06T14:17:26","date_gmt":"2019-06-06T17:17:26","guid":{"rendered":"https:\/\/ssconnection.com.br\/?p=5195"},"modified":"2020-12-03T13:54:49","modified_gmt":"2020-12-03T16:54:49","slug":"shared-services-leadership-forum-2019","status":"publish","type":"post","link":"https:\/\/ieg.com.br\/blog\/shared-services-leadership-forum-2019\/","title":{"rendered":"Confira como foi o Shared Services Leadership Forum 2019"},"content":{"rendered":"<h4><b>Desenhando um novo modelo operacional para o CSC foi tema discutido no SSLF 2019, em S\u00e3o Paulo. <\/b><\/h4>\n<h5><img fetchpriority=\"high\" decoding=\"async\" class=\"aligncenter wp-image-6163 size-full\" src=\"https:\/\/ieg.com.br\/blog\/wp-content\/uploads\/2019\/06\/shared-services-leadership-forum-2019.png\" alt=\"\" width=\"696\" height=\"159\" srcset=\"https:\/\/ieg.com.br\/blog\/wp-content\/uploads\/2019\/06\/shared-services-leadership-forum-2019.png 696w, https:\/\/ieg.com.br\/blog\/wp-content\/uploads\/2019\/06\/shared-services-leadership-forum-2019-300x69.png 300w\" sizes=\"(max-width: 696px) 100vw, 696px\" \/><\/h5>\n<h5><b>Intera\u00e7\u00e3o \u00e9 marca da sexta edi\u00e7\u00e3o do Shared Services Leadership Forum 2019, evento organizado pelo Instituto de Engenharia de Gest\u00e3o (IEG).<\/b><\/h5>\n<p><span style=\"font-weight: 400;\">No dia 21 de maio aconteceu a sexta edi\u00e7\u00e3o do<\/span><a href=\"https:\/\/www.eventoscsc.com\/sobre-sslf\"> <span style=\"font-weight: 400;\">Shared Services Leadership Forum 2019<\/span><\/a><span style=\"font-weight: 400;\"> no Milenium Centro de Conven\u00e7\u00f5es, em S\u00e3o Paulo. O evento reuniu l\u00edderes e diretores de Centros de Servi\u00e7os Compartilhados para debaterem sobre as principais tend\u00eancias relacionadas \u00e0 cria\u00e7\u00e3o de novos modelos operacionais para os CSCs. Empresas como Ambev, Google, AGCO, Embraer,<\/span><a href=\"http:\/\/cooperativismo.org.br\/Noticias\/44969\/Diretor-da-Central-palestra-em-evento-para-lideres-de-CSC-de-todo-o-pais\"> <span style=\"font-weight: 400;\">Sicoob<\/span><\/a><span style=\"font-weight: 400;\">, e IBM compartilharam suas experi\u00eancias durante as apresenta\u00e7\u00f5es.<\/span><\/p>\n<p><span style=\"font-weight: 400;\">Ao longo do dia, os participantes realizaram networking e ainda puderam visualizar a maturidade dos seus CSCs atrav\u00e9s de um quadro comparativo, um novo modelo de intera\u00e7\u00e3o do evento com o objetivo de facilitar o <\/span><i><span style=\"font-weight: 400;\">benchmarking<\/span><\/i><span style=\"font-weight: 400;\"> entre as empresas. O Shared Services Leadership Forum 2019 foi um sucesso de p\u00fablico, trocas de informa\u00e7\u00f5es e <\/span><i><span style=\"font-weight: 400;\">insights<\/span><\/i><span style=\"font-weight: 400;\">.<\/span><\/p>\n","protected":false},"excerpt":{"rendered":"<p>Desenhando um novo modelo operacional para o CSC foi tema discutido no SSLF 2019, em S\u00e3o Paulo. Intera\u00e7\u00e3o \u00e9 marca da sexta edi\u00e7\u00e3o do Shared Services Leadership Forum 2019, evento organizado pelo Instituto de Engenharia de Gest\u00e3o (IEG). No dia 21 de maio aconteceu a sexta edi\u00e7\u00e3o do Shared Services Leadership Forum 2019 no Milenium [&hellip;]<\/p>\n","protected":false},"author":1,"featured_media":5757,"comment_status":"open","ping_status":"open","sticky":false,"template":"","format":"standard","meta":{"_acf_changed":false,"footnotes":""},"categories":[1,135],"tags":[],"class_list":["post-5195","post","type-post","status-publish","format-standard","has-post-thumbnail","hentry","category-servicos-compartilhados","category-carreira"],"acf":[],"yoast_head":"<!-- This site is optimized with the Yoast SEO plugin v27.4 - https:\/\/yoast.com\/product\/yoast-seo-wordpress\/ -->\n<title>IEG Connection | Confira como foi o Shared Services Leadership Forum 2019<\/title>\n<meta name=\"robots\" content=\"index, follow, max-snippet:-1, max-image-preview:large, max-video-preview:-1\" \/>\n<link rel=\"canonical\" href=\"https:\/\/ieg.com.br\/blog\/shared-services-leadership-forum-2019\/\" \/>\n<meta property=\"og:locale\" content=\"pt_BR\" \/>\n<meta property=\"og:type\" content=\"article\" \/>\n<meta property=\"og:title\" content=\"IEG Connection | Confira como foi o Shared Services Leadership Forum 2019\" \/>\n<meta property=\"og:description\" content=\"Desenhando um novo modelo operacional para o CSC foi tema discutido no SSLF 2019, em S\u00e3o Paulo. Intera\u00e7\u00e3o \u00e9 marca da sexta edi\u00e7\u00e3o do Shared Services Leadership Forum 2019, evento organizado pelo Instituto de Engenharia de Gest\u00e3o (IEG). No dia 21 de maio aconteceu a sexta edi\u00e7\u00e3o do Shared Services Leadership Forum 2019 no Milenium [&hellip;]\" \/>\n<meta property=\"og:url\" content=\"https:\/\/ieg.com.br\/blog\/shared-services-leadership-forum-2019\/\" \/>\n<meta property=\"og:site_name\" content=\"IEG Connection\" \/>\n<meta property=\"article:publisher\" content=\"https:\/\/www.facebook.com\/IEG.Brasil\" \/>\n<meta property=\"article:published_time\" content=\"2019-06-06T17:17:26+00:00\" \/>\n<meta property=\"article:modified_time\" content=\"2020-12-03T16:54:49+00:00\" \/>\n<meta property=\"og:image\" content=\"https:\/\/ieg.com.br\/blog\/wp-content\/uploads\/2019\/06\/SSLF-2019.jpg\" \/>\n\t<meta property=\"og:image:width\" content=\"213\" \/>\n\t<meta property=\"og:image:height\" content=\"215\" \/>\n\t<meta property=\"og:image:type\" content=\"image\/jpeg\" \/>\n<meta name=\"author\" content=\"Reda\u00e7\u00e3o IEG\" \/>\n<meta name=\"twitter:card\" content=\"summary_large_image\" \/>\n<meta name=\"twitter:label1\" content=\"Escrito por\" \/>\n\t<meta name=\"twitter:data1\" content=\"Reda\u00e7\u00e3o IEG\" \/>\n\t<meta name=\"twitter:label2\" content=\"Est. tempo de leitura\" \/>\n\t<meta name=\"twitter:data2\" content=\"1 minuto\" \/>\n<script type=\"application\/ld+json\" class=\"yoast-schema-graph\">{\"@context\":\"https:\\\/\\\/schema.org\",\"@graph\":[{\"@type\":\"Article\",\"@id\":\"https:\\\/\\\/ieg.com.br\\\/blog\\\/shared-services-leadership-forum-2019\\\/#article\",\"isPartOf\":{\"@id\":\"https:\\\/\\\/ieg.com.br\\\/blog\\\/shared-services-leadership-forum-2019\\\/\"},\"author\":{\"name\":\"Reda\u00e7\u00e3o IEG\",\"@id\":\"https:\\\/\\\/ieg.com.br\\\/blog\\\/#\\\/schema\\\/person\\\/4c2d72ddde770e48c4e179425ccc9dd5\"},\"headline\":\"Confira como foi o Shared Services Leadership Forum 2019\",\"datePublished\":\"2019-06-06T17:17:26+00:00\",\"dateModified\":\"2020-12-03T16:54:49+00:00\",\"mainEntityOfPage\":{\"@id\":\"https:\\\/\\\/ieg.com.br\\\/blog\\\/shared-services-leadership-forum-2019\\\/\"},\"wordCount\":176,\"commentCount\":0,\"publisher\":{\"@id\":\"https:\\\/\\\/ieg.com.br\\\/blog\\\/#organization\"},\"image\":{\"@id\":\"https:\\\/\\\/ieg.com.br\\\/blog\\\/shared-services-leadership-forum-2019\\\/#primaryimage\"},\"thumbnailUrl\":\"https:\\\/\\\/ieg.com.br\\\/blog\\\/wp-content\\\/uploads\\\/2019\\\/06\\\/SSLF-2019.jpg\",\"articleSection\":[\"Servi\u00e7os Compartilhados\",\"Carreira\"],\"inLanguage\":\"pt-BR\",\"potentialAction\":[{\"@type\":\"CommentAction\",\"name\":\"Comment\",\"target\":[\"https:\\\/\\\/ieg.com.br\\\/blog\\\/shared-services-leadership-forum-2019\\\/#respond\"]}]},{\"@type\":\"WebPage\",\"@id\":\"https:\\\/\\\/ieg.com.br\\\/blog\\\/shared-services-leadership-forum-2019\\\/\",\"url\":\"https:\\\/\\\/ieg.com.br\\\/blog\\\/shared-services-leadership-forum-2019\\\/\",\"name\":\"IEG Connection | Confira como foi o Shared Services Leadership Forum 2019\",\"isPartOf\":{\"@id\":\"https:\\\/\\\/ieg.com.br\\\/blog\\\/#website\"},\"primaryImageOfPage\":{\"@id\":\"https:\\\/\\\/ieg.com.br\\\/blog\\\/shared-services-leadership-forum-2019\\\/#primaryimage\"},\"image\":{\"@id\":\"https:\\\/\\\/ieg.com.br\\\/blog\\\/shared-services-leadership-forum-2019\\\/#primaryimage\"},\"thumbnailUrl\":\"https:\\\/\\\/ieg.com.br\\\/blog\\\/wp-content\\\/uploads\\\/2019\\\/06\\\/SSLF-2019.jpg\",\"datePublished\":\"2019-06-06T17:17:26+00:00\",\"dateModified\":\"2020-12-03T16:54:49+00:00\",\"breadcrumb\":{\"@id\":\"https:\\\/\\\/ieg.com.br\\\/blog\\\/shared-services-leadership-forum-2019\\\/#breadcrumb\"},\"inLanguage\":\"pt-BR\",\"potentialAction\":[{\"@type\":\"ReadAction\",\"target\":[\"https:\\\/\\\/ieg.com.br\\\/blog\\\/shared-services-leadership-forum-2019\\\/\"]}]},{\"@type\":\"ImageObject\",\"inLanguage\":\"pt-BR\",\"@id\":\"https:\\\/\\\/ieg.com.br\\\/blog\\\/shared-services-leadership-forum-2019\\\/#primaryimage\",\"url\":\"https:\\\/\\\/ieg.com.br\\\/blog\\\/wp-content\\\/uploads\\\/2019\\\/06\\\/SSLF-2019.jpg\",\"contentUrl\":\"https:\\\/\\\/ieg.com.br\\\/blog\\\/wp-content\\\/uploads\\\/2019\\\/06\\\/SSLF-2019.jpg\",\"width\":213,\"height\":215},{\"@type\":\"BreadcrumbList\",\"@id\":\"https:\\\/\\\/ieg.com.br\\\/blog\\\/shared-services-leadership-forum-2019\\\/#breadcrumb\",\"itemListElement\":[{\"@type\":\"ListItem\",\"position\":1,\"name\":\"In\u00edcio\",\"item\":\"https:\\\/\\\/ieg.com.br\\\/blog\\\/\"},{\"@type\":\"ListItem\",\"position\":2,\"name\":\"Confira como foi o Shared Services Leadership Forum 2019\"}]},{\"@type\":\"WebSite\",\"@id\":\"https:\\\/\\\/ieg.com.br\\\/blog\\\/#website\",\"url\":\"https:\\\/\\\/ieg.com.br\\\/blog\\\/\",\"name\":\"IEG Connection\",\"description\":\"O IEG \u00e9 uma empresa que elabora solu\u00e7\u00f5es de ensino, pesquisa e consultoria em gest\u00e3o de forma integrada e complementar para voc\u00ea e para a sua organiza\u00e7\u00e3o.\",\"publisher\":{\"@id\":\"https:\\\/\\\/ieg.com.br\\\/blog\\\/#organization\"},\"potentialAction\":[{\"@type\":\"SearchAction\",\"target\":{\"@type\":\"EntryPoint\",\"urlTemplate\":\"https:\\\/\\\/ieg.com.br\\\/blog\\\/?s={search_term_string}\"},\"query-input\":{\"@type\":\"PropertyValueSpecification\",\"valueRequired\":true,\"valueName\":\"search_term_string\"}}],\"inLanguage\":\"pt-BR\"},{\"@type\":\"Organization\",\"@id\":\"https:\\\/\\\/ieg.com.br\\\/blog\\\/#organization\",\"name\":\"IEG\",\"url\":\"https:\\\/\\\/ieg.com.br\\\/blog\\\/\",\"logo\":{\"@type\":\"ImageObject\",\"inLanguage\":\"pt-BR\",\"@id\":\"https:\\\/\\\/ieg.com.br\\\/blog\\\/#\\\/schema\\\/logo\\\/image\\\/\",\"url\":\"https:\\\/\\\/ieg.com.br\\\/blog\\\/wp-content\\\/uploads\\\/2021\\\/02\\\/ieg-blog-logo.png\",\"contentUrl\":\"https:\\\/\\\/ieg.com.br\\\/blog\\\/wp-content\\\/uploads\\\/2021\\\/02\\\/ieg-blog-logo.png\",\"width\":310,\"height\":126,\"caption\":\"IEG\"},\"image\":{\"@id\":\"https:\\\/\\\/ieg.com.br\\\/blog\\\/#\\\/schema\\\/logo\\\/image\\\/\"},\"sameAs\":[\"https:\\\/\\\/www.facebook.com\\\/IEG.Brasil\",\"https:\\\/\\\/www.instagram.com\\\/ieg.brasil\\\/\",\"https:\\\/\\\/www.linkedin.com\\\/company\\\/ieg-instituto-de-engenharia-de-gestao\\\/\",\"https:\\\/\\\/www.youtube.com\\\/channel\\\/UCFEkxPdX86l8xWwV73kxJyA\"]},{\"@type\":\"Person\",\"@id\":\"https:\\\/\\\/ieg.com.br\\\/blog\\\/#\\\/schema\\\/person\\\/4c2d72ddde770e48c4e179425ccc9dd5\",\"name\":\"Reda\u00e7\u00e3o IEG\",\"image\":{\"@type\":\"ImageObject\",\"inLanguage\":\"pt-BR\",\"@id\":\"https:\\\/\\\/ieg.com.br\\\/blog\\\/wp-content\\\/uploads\\\/2023\\\/04\\\/logo-IEG-para-blog_Prancheta-1-96x96.png\",\"url\":\"https:\\\/\\\/ieg.com.br\\\/blog\\\/wp-content\\\/uploads\\\/2023\\\/04\\\/logo-IEG-para-blog_Prancheta-1-96x96.png\",\"contentUrl\":\"https:\\\/\\\/ieg.com.br\\\/blog\\\/wp-content\\\/uploads\\\/2023\\\/04\\\/logo-IEG-para-blog_Prancheta-1-96x96.png\",\"caption\":\"Reda\u00e7\u00e3o IEG\"},\"description\":\"O IEG \u00e9 uma empresa que elabora solu\u00e7\u00f5es de ensino, pesquisa e consultoria em gest\u00e3o de forma integrada e complementar para voc\u00ea e para a sua organiza\u00e7\u00e3o.\",\"sameAs\":[\"https:\\\/\\\/ieg.com.br\\\/blog\"],\"url\":\"https:\\\/\\\/ieg.com.br\\\/blog\\\/author\\\/admin\\\/\"}]}<\/script>\n<!-- \/ Yoast SEO plugin. -->","yoast_head_json":{"title":"IEG Connection | Confira como foi o Shared Services Leadership Forum 2019","robots":{"index":"index","follow":"follow","max-snippet":"max-snippet:-1","max-image-preview":"max-image-preview:large","max-video-preview":"max-video-preview:-1"},"canonical":"https:\/\/ieg.com.br\/blog\/shared-services-leadership-forum-2019\/","og_locale":"pt_BR","og_type":"article","og_title":"IEG Connection | Confira como foi o Shared Services Leadership Forum 2019","og_description":"Desenhando um novo modelo operacional para o CSC foi tema discutido no SSLF 2019, em S\u00e3o Paulo. Intera\u00e7\u00e3o \u00e9 marca da sexta edi\u00e7\u00e3o do Shared Services Leadership Forum 2019, evento organizado pelo Instituto de Engenharia de Gest\u00e3o (IEG). No dia 21 de maio aconteceu a sexta edi\u00e7\u00e3o do Shared Services Leadership Forum 2019 no Milenium [&hellip;]","og_url":"https:\/\/ieg.com.br\/blog\/shared-services-leadership-forum-2019\/","og_site_name":"IEG Connection","article_publisher":"https:\/\/www.facebook.com\/IEG.Brasil","article_published_time":"2019-06-06T17:17:26+00:00","article_modified_time":"2020-12-03T16:54:49+00:00","og_image":[{"width":213,"height":215,"url":"https:\/\/ieg.com.br\/blog\/wp-content\/uploads\/2019\/06\/SSLF-2019.jpg","type":"image\/jpeg"}],"author":"Reda\u00e7\u00e3o IEG","twitter_card":"summary_large_image","twitter_misc":{"Escrito por":"Reda\u00e7\u00e3o IEG","Est. tempo de leitura":"1 minuto"},"schema":{"@context":"https:\/\/schema.org","@graph":[{"@type":"Article","@id":"https:\/\/ieg.com.br\/blog\/shared-services-leadership-forum-2019\/#article","isPartOf":{"@id":"https:\/\/ieg.com.br\/blog\/shared-services-leadership-forum-2019\/"},"author":{"name":"Reda\u00e7\u00e3o IEG","@id":"https:\/\/ieg.com.br\/blog\/#\/schema\/person\/4c2d72ddde770e48c4e179425ccc9dd5"},"headline":"Confira como foi o Shared Services Leadership Forum 2019","datePublished":"2019-06-06T17:17:26+00:00","dateModified":"2020-12-03T16:54:49+00:00","mainEntityOfPage":{"@id":"https:\/\/ieg.com.br\/blog\/shared-services-leadership-forum-2019\/"},"wordCount":176,"commentCount":0,"publisher":{"@id":"https:\/\/ieg.com.br\/blog\/#organization"},"image":{"@id":"https:\/\/ieg.com.br\/blog\/shared-services-leadership-forum-2019\/#primaryimage"},"thumbnailUrl":"https:\/\/ieg.com.br\/blog\/wp-content\/uploads\/2019\/06\/SSLF-2019.jpg","articleSection":["Servi\u00e7os Compartilhados","Carreira"],"inLanguage":"pt-BR","potentialAction":[{"@type":"CommentAction","name":"Comment","target":["https:\/\/ieg.com.br\/blog\/shared-services-leadership-forum-2019\/#respond"]}]},{"@type":"WebPage","@id":"https:\/\/ieg.com.br\/blog\/shared-services-leadership-forum-2019\/","url":"https:\/\/ieg.com.br\/blog\/shared-services-leadership-forum-2019\/","name":"IEG Connection | Confira como foi o Shared Services Leadership Forum 2019","isPartOf":{"@id":"https:\/\/ieg.com.br\/blog\/#website"},"primaryImageOfPage":{"@id":"https:\/\/ieg.com.br\/blog\/shared-services-leadership-forum-2019\/#primaryimage"},"image":{"@id":"https:\/\/ieg.com.br\/blog\/shared-services-leadership-forum-2019\/#primaryimage"},"thumbnailUrl":"https:\/\/ieg.com.br\/blog\/wp-content\/uploads\/2019\/06\/SSLF-2019.jpg","datePublished":"2019-06-06T17:17:26+00:00","dateModified":"2020-12-03T16:54:49+00:00","breadcrumb":{"@id":"https:\/\/ieg.com.br\/blog\/shared-services-leadership-forum-2019\/#breadcrumb"},"inLanguage":"pt-BR","potentialAction":[{"@type":"ReadAction","target":["https:\/\/ieg.com.br\/blog\/shared-services-leadership-forum-2019\/"]}]},{"@type":"ImageObject","inLanguage":"pt-BR","@id":"https:\/\/ieg.com.br\/blog\/shared-services-leadership-forum-2019\/#primaryimage","url":"https:\/\/ieg.com.br\/blog\/wp-content\/uploads\/2019\/06\/SSLF-2019.jpg","contentUrl":"https:\/\/ieg.com.br\/blog\/wp-content\/uploads\/2019\/06\/SSLF-2019.jpg","width":213,"height":215},{"@type":"BreadcrumbList","@id":"https:\/\/ieg.com.br\/blog\/shared-services-leadership-forum-2019\/#breadcrumb","itemListElement":[{"@type":"ListItem","position":1,"name":"In\u00edcio","item":"https:\/\/ieg.com.br\/blog\/"},{"@type":"ListItem","position":2,"name":"Confira como foi o Shared Services Leadership Forum 2019"}]},{"@type":"WebSite","@id":"https:\/\/ieg.com.br\/blog\/#website","url":"https:\/\/ieg.com.br\/blog\/","name":"IEG Connection","description":"O IEG \u00e9 uma empresa que elabora solu\u00e7\u00f5es de ensino, pesquisa e consultoria em gest\u00e3o de forma integrada e complementar para voc\u00ea e para a sua organiza\u00e7\u00e3o.","publisher":{"@id":"https:\/\/ieg.com.br\/blog\/#organization"},"potentialAction":[{"@type":"SearchAction","target":{"@type":"EntryPoint","urlTemplate":"https:\/\/ieg.com.br\/blog\/?s={search_term_string}"},"query-input":{"@type":"PropertyValueSpecification","valueRequired":true,"valueName":"search_term_string"}}],"inLanguage":"pt-BR"},{"@type":"Organization","@id":"https:\/\/ieg.com.br\/blog\/#organization","name":"IEG","url":"https:\/\/ieg.com.br\/blog\/","logo":{"@type":"ImageObject","inLanguage":"pt-BR","@id":"https:\/\/ieg.com.br\/blog\/#\/schema\/logo\/image\/","url":"https:\/\/ieg.com.br\/blog\/wp-content\/uploads\/2021\/02\/ieg-blog-logo.png","contentUrl":"https:\/\/ieg.com.br\/blog\/wp-content\/uploads\/2021\/02\/ieg-blog-logo.png","width":310,"height":126,"caption":"IEG"},"image":{"@id":"https:\/\/ieg.com.br\/blog\/#\/schema\/logo\/image\/"},"sameAs":["https:\/\/www.facebook.com\/IEG.Brasil","https:\/\/www.instagram.com\/ieg.brasil\/","https:\/\/www.linkedin.com\/company\/ieg-instituto-de-engenharia-de-gestao\/","https:\/\/www.youtube.com\/channel\/UCFEkxPdX86l8xWwV73kxJyA"]},{"@type":"Person","@id":"https:\/\/ieg.com.br\/blog\/#\/schema\/person\/4c2d72ddde770e48c4e179425ccc9dd5","name":"Reda\u00e7\u00e3o IEG","image":{"@type":"ImageObject","inLanguage":"pt-BR","@id":"https:\/\/ieg.com.br\/blog\/wp-content\/uploads\/2023\/04\/logo-IEG-para-blog_Prancheta-1-96x96.png","url":"https:\/\/ieg.com.br\/blog\/wp-content\/uploads\/2023\/04\/logo-IEG-para-blog_Prancheta-1-96x96.png","contentUrl":"https:\/\/ieg.com.br\/blog\/wp-content\/uploads\/2023\/04\/logo-IEG-para-blog_Prancheta-1-96x96.png","caption":"Reda\u00e7\u00e3o IEG"},"description":"O IEG \u00e9 uma empresa que elabora solu\u00e7\u00f5es de ensino, pesquisa e consultoria em gest\u00e3o de forma integrada e complementar para voc\u00ea e para a sua organiza\u00e7\u00e3o.","sameAs":["https:\/\/ieg.com.br\/blog"],"url":"https:\/\/ieg.com.br\/blog\/author\/admin\/"}]}},"_links":{"self":[{"href":"https:\/\/ieg.com.br\/blog\/wp-json\/wp\/v2\/posts\/5195","targetHints":{"allow":["GET"]}}],"collection":[{"href":"https:\/\/ieg.com.br\/blog\/wp-json\/wp\/v2\/posts"}],"about":[{"href":"https:\/\/ieg.com.br\/blog\/wp-json\/wp\/v2\/types\/post"}],"author":[{"embeddable":true,"href":"https:\/\/ieg.com.br\/blog\/wp-json\/wp\/v2\/users\/1"}],"replies":[{"embeddable":true,"href":"https:\/\/ieg.com.br\/blog\/wp-json\/wp\/v2\/comments?post=5195"}],"version-history":[{"count":5,"href":"https:\/\/ieg.com.br\/blog\/wp-json\/wp\/v2\/posts\/5195\/revisions"}],"predecessor-version":[{"id":6167,"href":"https:\/\/ieg.com.br\/blog\/wp-json\/wp\/v2\/posts\/5195\/revisions\/6167"}],"wp:featuredmedia":[{"embeddable":true,"href":"https:\/\/ieg.com.br\/blog\/wp-json\/wp\/v2\/media\/5757"}],"wp:attachment":[{"href":"https:\/\/ieg.com.br\/blog\/wp-json\/wp\/v2\/media?parent=5195"}],"wp:term":[{"taxonomy":"category","embeddable":true,"href":"https:\/\/ieg.com.br\/blog\/wp-json\/wp\/v2\/categories?post=5195"},{"taxonomy":"post_tag","embeddable":true,"href":"https:\/\/ieg.com.br\/blog\/wp-json\/wp\/v2\/tags?post=5195"}],"curies":[{"name":"wp","href":"https:\/\/api.w.org\/{rel}","templated":true}]}}