{"id":494,"date":"2014-09-01T16:47:00","date_gmt":"2014-09-01T19:47:00","guid":{"rendered":"https:\/\/ssconnection.com.br\/?p=494"},"modified":"2014-09-01T16:47:00","modified_gmt":"2014-09-01T19:47:00","slug":"uruguai-e-alternativa-as-restricoes-argentinas-e-aos-entraves-no-brasil","status":"publish","type":"post","link":"https:\/\/ieg.com.br\/blog\/uruguai-e-alternativa-as-restricoes-argentinas-e-aos-entraves-no-brasil\/","title":{"rendered":"Uruguai \u00e9 alternativa \u00e0s restri\u00e7\u00f5es argentinas e aos entraves no Brasil"},"content":{"rendered":"<h2 class=\"font_5\">Qualidade de vida, seguran\u00e7a jur\u00eddica e m\u00e3o de obra qualificada s\u00e3o alguns dos fatores que levam o pa\u00eds a ganhar competitividade<\/h2>\n<p>&nbsp;<\/p>\n<p class=\"font_8\">Em visita recente ao Uruguai, a \u00a0correspondente do jornal Valor Econ\u00f4mico em Buenos Aires, Marli Olmos, conheceu os benef\u00edcios oferecidos pelo pa\u00eds para abrigar opera\u00e7\u00f5es de empresas com neg\u00f3cios em toda a regi\u00e3o. Intitulada \u201cUruguai vira polo de servi\u00e7os para a regi\u00e3o\u201d, a reportagem destaca a Zonamerica, parque empresarial instalado numa \u00e1rea de 300 mil metros quadrados, dotado dos mais modernos recursos tecnol\u00f3gicos. De acordo com a mat\u00e9ria, companhias t\u00eam usado a Zonamerica como op\u00e7\u00e3o \u00e0s restri\u00e7\u00f5es na Argentina e entraves log\u00edsticos no Brasil.<\/p>\n<p class=\"font_8\">Clique <a href=\"http:\/\/www.valor.com.br\/empresas\/3665892\/uruguai-vira-polo-de-servicos-para-regiao\" target=\"_blank\" rel=\"noopener noreferrer\">aqui <\/a>e confira a reportagem completa!<\/p>\n","protected":false},"excerpt":{"rendered":"<p>Qualidade de vida, seguran\u00e7a jur\u00eddica e m\u00e3o de obra qualificada s\u00e3o alguns dos fatores que levam o pa\u00eds a ganhar competitividade &nbsp; Em visita recente ao Uruguai, a \u00a0correspondente do jornal Valor Econ\u00f4mico em Buenos Aires, Marli Olmos, conheceu os benef\u00edcios oferecidos pelo pa\u00eds para abrigar opera\u00e7\u00f5es de empresas com neg\u00f3cios em toda a regi\u00e3o. [&hellip;]<\/p>\n","protected":false},"author":1,"featured_media":1539,"comment_status":"open","ping_status":"open","sticky":false,"template":"","format":"standard","meta":{"_acf_changed":false,"footnotes":""},"categories":[1],"tags":[],"class_list":["post-494","post","type-post","status-publish","format-standard","has-post-thumbnail","hentry","category-servicos-compartilhados"],"acf":[],"yoast_head":"<!-- This site is optimized with the Yoast SEO plugin v27.4 - https:\/\/yoast.com\/product\/yoast-seo-wordpress\/ -->\n<title>IEG Connection | Uruguai \u00e9 alternativa \u00e0s restri\u00e7\u00f5es argentinas e aos entraves no Brasil<\/title>\n<meta name=\"robots\" content=\"index, follow, max-snippet:-1, max-image-preview:large, max-video-preview:-1\" \/>\n<link rel=\"canonical\" href=\"https:\/\/ieg.com.br\/blog\/uruguai-e-alternativa-as-restricoes-argentinas-e-aos-entraves-no-brasil\/\" \/>\n<meta property=\"og:locale\" content=\"pt_BR\" \/>\n<meta property=\"og:type\" content=\"article\" \/>\n<meta property=\"og:title\" content=\"IEG Connection | Uruguai \u00e9 alternativa \u00e0s restri\u00e7\u00f5es argentinas e aos entraves no Brasil\" \/>\n<meta property=\"og:description\" content=\"Qualidade de vida, seguran\u00e7a jur\u00eddica e m\u00e3o de obra qualificada s\u00e3o alguns dos fatores que levam o pa\u00eds a ganhar competitividade &nbsp; Em visita recente ao Uruguai, a \u00a0correspondente do jornal Valor Econ\u00f4mico em Buenos Aires, Marli Olmos, conheceu os benef\u00edcios oferecidos pelo pa\u00eds para abrigar opera\u00e7\u00f5es de empresas com neg\u00f3cios em toda a regi\u00e3o. [&hellip;]\" \/>\n<meta property=\"og:url\" content=\"https:\/\/ieg.com.br\/blog\/uruguai-e-alternativa-as-restricoes-argentinas-e-aos-entraves-no-brasil\/\" \/>\n<meta property=\"og:site_name\" content=\"IEG Connection\" \/>\n<meta property=\"article:publisher\" content=\"https:\/\/www.facebook.com\/IEG.Brasil\" \/>\n<meta property=\"article:published_time\" content=\"2014-09-01T19:47:00+00:00\" \/>\n<meta property=\"og:image\" content=\"https:\/\/ieg.com.br\/blog\/wp-content\/uploads\/2021\/02\/LOGO_IEG_CONNECTION_1-1.png\" \/>\n\t<meta property=\"og:image:width\" content=\"399\" \/>\n\t<meta property=\"og:image:height\" content=\"138\" \/>\n\t<meta property=\"og:image:type\" content=\"image\/png\" \/>\n<meta name=\"author\" content=\"Reda\u00e7\u00e3o IEG\" \/>\n<meta name=\"twitter:card\" content=\"summary_large_image\" \/>\n<meta name=\"twitter:label1\" content=\"Escrito por\" \/>\n\t<meta name=\"twitter:data1\" content=\"Reda\u00e7\u00e3o IEG\" \/>\n\t<meta name=\"twitter:label2\" content=\"Est. tempo de leitura\" \/>\n\t<meta name=\"twitter:data2\" content=\"1 minuto\" \/>\n<script type=\"application\/ld+json\" class=\"yoast-schema-graph\">{\"@context\":\"https:\\\/\\\/schema.org\",\"@graph\":[{\"@type\":\"Article\",\"@id\":\"https:\\\/\\\/ieg.com.br\\\/blog\\\/uruguai-e-alternativa-as-restricoes-argentinas-e-aos-entraves-no-brasil\\\/#article\",\"isPartOf\":{\"@id\":\"https:\\\/\\\/ieg.com.br\\\/blog\\\/uruguai-e-alternativa-as-restricoes-argentinas-e-aos-entraves-no-brasil\\\/\"},\"author\":{\"name\":\"Reda\u00e7\u00e3o IEG\",\"@id\":\"https:\\\/\\\/ieg.com.br\\\/blog\\\/#\\\/schema\\\/person\\\/4c2d72ddde770e48c4e179425ccc9dd5\"},\"headline\":\"Uruguai \u00e9 alternativa \u00e0s restri\u00e7\u00f5es argentinas e aos entraves no Brasil\",\"datePublished\":\"2014-09-01T19:47:00+00:00\",\"mainEntityOfPage\":{\"@id\":\"https:\\\/\\\/ieg.com.br\\\/blog\\\/uruguai-e-alternativa-as-restricoes-argentinas-e-aos-entraves-no-brasil\\\/\"},\"wordCount\":142,\"commentCount\":0,\"publisher\":{\"@id\":\"https:\\\/\\\/ieg.com.br\\\/blog\\\/#organization\"},\"image\":{\"@id\":\"https:\\\/\\\/ieg.com.br\\\/blog\\\/uruguai-e-alternativa-as-restricoes-argentinas-e-aos-entraves-no-brasil\\\/#primaryimage\"},\"thumbnailUrl\":\"\",\"articleSection\":[\"Servi\u00e7os Compartilhados\"],\"inLanguage\":\"pt-BR\",\"potentialAction\":[{\"@type\":\"CommentAction\",\"name\":\"Comment\",\"target\":[\"https:\\\/\\\/ieg.com.br\\\/blog\\\/uruguai-e-alternativa-as-restricoes-argentinas-e-aos-entraves-no-brasil\\\/#respond\"]}]},{\"@type\":\"WebPage\",\"@id\":\"https:\\\/\\\/ieg.com.br\\\/blog\\\/uruguai-e-alternativa-as-restricoes-argentinas-e-aos-entraves-no-brasil\\\/\",\"url\":\"https:\\\/\\\/ieg.com.br\\\/blog\\\/uruguai-e-alternativa-as-restricoes-argentinas-e-aos-entraves-no-brasil\\\/\",\"name\":\"IEG Connection | Uruguai \u00e9 alternativa \u00e0s restri\u00e7\u00f5es argentinas e aos entraves no Brasil\",\"isPartOf\":{\"@id\":\"https:\\\/\\\/ieg.com.br\\\/blog\\\/#website\"},\"primaryImageOfPage\":{\"@id\":\"https:\\\/\\\/ieg.com.br\\\/blog\\\/uruguai-e-alternativa-as-restricoes-argentinas-e-aos-entraves-no-brasil\\\/#primaryimage\"},\"image\":{\"@id\":\"https:\\\/\\\/ieg.com.br\\\/blog\\\/uruguai-e-alternativa-as-restricoes-argentinas-e-aos-entraves-no-brasil\\\/#primaryimage\"},\"thumbnailUrl\":\"\",\"datePublished\":\"2014-09-01T19:47:00+00:00\",\"breadcrumb\":{\"@id\":\"https:\\\/\\\/ieg.com.br\\\/blog\\\/uruguai-e-alternativa-as-restricoes-argentinas-e-aos-entraves-no-brasil\\\/#breadcrumb\"},\"inLanguage\":\"pt-BR\",\"potentialAction\":[{\"@type\":\"ReadAction\",\"target\":[\"https:\\\/\\\/ieg.com.br\\\/blog\\\/uruguai-e-alternativa-as-restricoes-argentinas-e-aos-entraves-no-brasil\\\/\"]}]},{\"@type\":\"ImageObject\",\"inLanguage\":\"pt-BR\",\"@id\":\"https:\\\/\\\/ieg.com.br\\\/blog\\\/uruguai-e-alternativa-as-restricoes-argentinas-e-aos-entraves-no-brasil\\\/#primaryimage\",\"url\":\"\",\"contentUrl\":\"\"},{\"@type\":\"BreadcrumbList\",\"@id\":\"https:\\\/\\\/ieg.com.br\\\/blog\\\/uruguai-e-alternativa-as-restricoes-argentinas-e-aos-entraves-no-brasil\\\/#breadcrumb\",\"itemListElement\":[{\"@type\":\"ListItem\",\"position\":1,\"name\":\"In\u00edcio\",\"item\":\"https:\\\/\\\/ieg.com.br\\\/blog\\\/\"},{\"@type\":\"ListItem\",\"position\":2,\"name\":\"Uruguai \u00e9 alternativa \u00e0s restri\u00e7\u00f5es argentinas e aos entraves no Brasil\"}]},{\"@type\":\"WebSite\",\"@id\":\"https:\\\/\\\/ieg.com.br\\\/blog\\\/#website\",\"url\":\"https:\\\/\\\/ieg.com.br\\\/blog\\\/\",\"name\":\"IEG Connection\",\"description\":\"O IEG \u00e9 uma empresa que elabora solu\u00e7\u00f5es de ensino, pesquisa e consultoria em gest\u00e3o de forma integrada e complementar para voc\u00ea e para a sua organiza\u00e7\u00e3o.\",\"publisher\":{\"@id\":\"https:\\\/\\\/ieg.com.br\\\/blog\\\/#organization\"},\"potentialAction\":[{\"@type\":\"SearchAction\",\"target\":{\"@type\":\"EntryPoint\",\"urlTemplate\":\"https:\\\/\\\/ieg.com.br\\\/blog\\\/?s={search_term_string}\"},\"query-input\":{\"@type\":\"PropertyValueSpecification\",\"valueRequired\":true,\"valueName\":\"search_term_string\"}}],\"inLanguage\":\"pt-BR\"},{\"@type\":\"Organization\",\"@id\":\"https:\\\/\\\/ieg.com.br\\\/blog\\\/#organization\",\"name\":\"IEG\",\"url\":\"https:\\\/\\\/ieg.com.br\\\/blog\\\/\",\"logo\":{\"@type\":\"ImageObject\",\"inLanguage\":\"pt-BR\",\"@id\":\"https:\\\/\\\/ieg.com.br\\\/blog\\\/#\\\/schema\\\/logo\\\/image\\\/\",\"url\":\"https:\\\/\\\/ieg.com.br\\\/blog\\\/wp-content\\\/uploads\\\/2021\\\/02\\\/ieg-blog-logo.png\",\"contentUrl\":\"https:\\\/\\\/ieg.com.br\\\/blog\\\/wp-content\\\/uploads\\\/2021\\\/02\\\/ieg-blog-logo.png\",\"width\":310,\"height\":126,\"caption\":\"IEG\"},\"image\":{\"@id\":\"https:\\\/\\\/ieg.com.br\\\/blog\\\/#\\\/schema\\\/logo\\\/image\\\/\"},\"sameAs\":[\"https:\\\/\\\/www.facebook.com\\\/IEG.Brasil\",\"https:\\\/\\\/www.instagram.com\\\/ieg.brasil\\\/\",\"https:\\\/\\\/www.linkedin.com\\\/company\\\/ieg-instituto-de-engenharia-de-gestao\\\/\",\"https:\\\/\\\/www.youtube.com\\\/channel\\\/UCFEkxPdX86l8xWwV73kxJyA\"]},{\"@type\":\"Person\",\"@id\":\"https:\\\/\\\/ieg.com.br\\\/blog\\\/#\\\/schema\\\/person\\\/4c2d72ddde770e48c4e179425ccc9dd5\",\"name\":\"Reda\u00e7\u00e3o IEG\",\"image\":{\"@type\":\"ImageObject\",\"inLanguage\":\"pt-BR\",\"@id\":\"https:\\\/\\\/ieg.com.br\\\/blog\\\/wp-content\\\/uploads\\\/2023\\\/04\\\/logo-IEG-para-blog_Prancheta-1-96x96.png\",\"url\":\"https:\\\/\\\/ieg.com.br\\\/blog\\\/wp-content\\\/uploads\\\/2023\\\/04\\\/logo-IEG-para-blog_Prancheta-1-96x96.png\",\"contentUrl\":\"https:\\\/\\\/ieg.com.br\\\/blog\\\/wp-content\\\/uploads\\\/2023\\\/04\\\/logo-IEG-para-blog_Prancheta-1-96x96.png\",\"caption\":\"Reda\u00e7\u00e3o IEG\"},\"description\":\"O IEG \u00e9 uma empresa que elabora solu\u00e7\u00f5es de ensino, pesquisa e consultoria em gest\u00e3o de forma integrada e complementar para voc\u00ea e para a sua organiza\u00e7\u00e3o.\",\"sameAs\":[\"https:\\\/\\\/ieg.com.br\\\/blog\"],\"url\":\"https:\\\/\\\/ieg.com.br\\\/blog\\\/author\\\/admin\\\/\"}]}<\/script>\n<!-- \/ Yoast SEO plugin. -->","yoast_head_json":{"title":"IEG Connection | Uruguai \u00e9 alternativa \u00e0s restri\u00e7\u00f5es argentinas e aos entraves no Brasil","robots":{"index":"index","follow":"follow","max-snippet":"max-snippet:-1","max-image-preview":"max-image-preview:large","max-video-preview":"max-video-preview:-1"},"canonical":"https:\/\/ieg.com.br\/blog\/uruguai-e-alternativa-as-restricoes-argentinas-e-aos-entraves-no-brasil\/","og_locale":"pt_BR","og_type":"article","og_title":"IEG Connection | Uruguai \u00e9 alternativa \u00e0s restri\u00e7\u00f5es argentinas e aos entraves no Brasil","og_description":"Qualidade de vida, seguran\u00e7a jur\u00eddica e m\u00e3o de obra qualificada s\u00e3o alguns dos fatores que levam o pa\u00eds a ganhar competitividade &nbsp; Em visita recente ao Uruguai, a \u00a0correspondente do jornal Valor Econ\u00f4mico em Buenos Aires, Marli Olmos, conheceu os benef\u00edcios oferecidos pelo pa\u00eds para abrigar opera\u00e7\u00f5es de empresas com neg\u00f3cios em toda a regi\u00e3o. [&hellip;]","og_url":"https:\/\/ieg.com.br\/blog\/uruguai-e-alternativa-as-restricoes-argentinas-e-aos-entraves-no-brasil\/","og_site_name":"IEG Connection","article_publisher":"https:\/\/www.facebook.com\/IEG.Brasil","article_published_time":"2014-09-01T19:47:00+00:00","og_image":[{"width":399,"height":138,"url":"https:\/\/ieg.com.br\/blog\/wp-content\/uploads\/2021\/02\/LOGO_IEG_CONNECTION_1-1.png","type":"image\/png"}],"author":"Reda\u00e7\u00e3o IEG","twitter_card":"summary_large_image","twitter_misc":{"Escrito por":"Reda\u00e7\u00e3o IEG","Est. tempo de leitura":"1 minuto"},"schema":{"@context":"https:\/\/schema.org","@graph":[{"@type":"Article","@id":"https:\/\/ieg.com.br\/blog\/uruguai-e-alternativa-as-restricoes-argentinas-e-aos-entraves-no-brasil\/#article","isPartOf":{"@id":"https:\/\/ieg.com.br\/blog\/uruguai-e-alternativa-as-restricoes-argentinas-e-aos-entraves-no-brasil\/"},"author":{"name":"Reda\u00e7\u00e3o IEG","@id":"https:\/\/ieg.com.br\/blog\/#\/schema\/person\/4c2d72ddde770e48c4e179425ccc9dd5"},"headline":"Uruguai \u00e9 alternativa \u00e0s restri\u00e7\u00f5es argentinas e aos entraves no Brasil","datePublished":"2014-09-01T19:47:00+00:00","mainEntityOfPage":{"@id":"https:\/\/ieg.com.br\/blog\/uruguai-e-alternativa-as-restricoes-argentinas-e-aos-entraves-no-brasil\/"},"wordCount":142,"commentCount":0,"publisher":{"@id":"https:\/\/ieg.com.br\/blog\/#organization"},"image":{"@id":"https:\/\/ieg.com.br\/blog\/uruguai-e-alternativa-as-restricoes-argentinas-e-aos-entraves-no-brasil\/#primaryimage"},"thumbnailUrl":"","articleSection":["Servi\u00e7os Compartilhados"],"inLanguage":"pt-BR","potentialAction":[{"@type":"CommentAction","name":"Comment","target":["https:\/\/ieg.com.br\/blog\/uruguai-e-alternativa-as-restricoes-argentinas-e-aos-entraves-no-brasil\/#respond"]}]},{"@type":"WebPage","@id":"https:\/\/ieg.com.br\/blog\/uruguai-e-alternativa-as-restricoes-argentinas-e-aos-entraves-no-brasil\/","url":"https:\/\/ieg.com.br\/blog\/uruguai-e-alternativa-as-restricoes-argentinas-e-aos-entraves-no-brasil\/","name":"IEG Connection | Uruguai \u00e9 alternativa \u00e0s restri\u00e7\u00f5es argentinas e aos entraves no Brasil","isPartOf":{"@id":"https:\/\/ieg.com.br\/blog\/#website"},"primaryImageOfPage":{"@id":"https:\/\/ieg.com.br\/blog\/uruguai-e-alternativa-as-restricoes-argentinas-e-aos-entraves-no-brasil\/#primaryimage"},"image":{"@id":"https:\/\/ieg.com.br\/blog\/uruguai-e-alternativa-as-restricoes-argentinas-e-aos-entraves-no-brasil\/#primaryimage"},"thumbnailUrl":"","datePublished":"2014-09-01T19:47:00+00:00","breadcrumb":{"@id":"https:\/\/ieg.com.br\/blog\/uruguai-e-alternativa-as-restricoes-argentinas-e-aos-entraves-no-brasil\/#breadcrumb"},"inLanguage":"pt-BR","potentialAction":[{"@type":"ReadAction","target":["https:\/\/ieg.com.br\/blog\/uruguai-e-alternativa-as-restricoes-argentinas-e-aos-entraves-no-brasil\/"]}]},{"@type":"ImageObject","inLanguage":"pt-BR","@id":"https:\/\/ieg.com.br\/blog\/uruguai-e-alternativa-as-restricoes-argentinas-e-aos-entraves-no-brasil\/#primaryimage","url":"","contentUrl":""},{"@type":"BreadcrumbList","@id":"https:\/\/ieg.com.br\/blog\/uruguai-e-alternativa-as-restricoes-argentinas-e-aos-entraves-no-brasil\/#breadcrumb","itemListElement":[{"@type":"ListItem","position":1,"name":"In\u00edcio","item":"https:\/\/ieg.com.br\/blog\/"},{"@type":"ListItem","position":2,"name":"Uruguai \u00e9 alternativa \u00e0s restri\u00e7\u00f5es argentinas e aos entraves no Brasil"}]},{"@type":"WebSite","@id":"https:\/\/ieg.com.br\/blog\/#website","url":"https:\/\/ieg.com.br\/blog\/","name":"IEG Connection","description":"O IEG \u00e9 uma empresa que elabora solu\u00e7\u00f5es de ensino, pesquisa e consultoria em gest\u00e3o de forma integrada e complementar para voc\u00ea e para a sua organiza\u00e7\u00e3o.","publisher":{"@id":"https:\/\/ieg.com.br\/blog\/#organization"},"potentialAction":[{"@type":"SearchAction","target":{"@type":"EntryPoint","urlTemplate":"https:\/\/ieg.com.br\/blog\/?s={search_term_string}"},"query-input":{"@type":"PropertyValueSpecification","valueRequired":true,"valueName":"search_term_string"}}],"inLanguage":"pt-BR"},{"@type":"Organization","@id":"https:\/\/ieg.com.br\/blog\/#organization","name":"IEG","url":"https:\/\/ieg.com.br\/blog\/","logo":{"@type":"ImageObject","inLanguage":"pt-BR","@id":"https:\/\/ieg.com.br\/blog\/#\/schema\/logo\/image\/","url":"https:\/\/ieg.com.br\/blog\/wp-content\/uploads\/2021\/02\/ieg-blog-logo.png","contentUrl":"https:\/\/ieg.com.br\/blog\/wp-content\/uploads\/2021\/02\/ieg-blog-logo.png","width":310,"height":126,"caption":"IEG"},"image":{"@id":"https:\/\/ieg.com.br\/blog\/#\/schema\/logo\/image\/"},"sameAs":["https:\/\/www.facebook.com\/IEG.Brasil","https:\/\/www.instagram.com\/ieg.brasil\/","https:\/\/www.linkedin.com\/company\/ieg-instituto-de-engenharia-de-gestao\/","https:\/\/www.youtube.com\/channel\/UCFEkxPdX86l8xWwV73kxJyA"]},{"@type":"Person","@id":"https:\/\/ieg.com.br\/blog\/#\/schema\/person\/4c2d72ddde770e48c4e179425ccc9dd5","name":"Reda\u00e7\u00e3o IEG","image":{"@type":"ImageObject","inLanguage":"pt-BR","@id":"https:\/\/ieg.com.br\/blog\/wp-content\/uploads\/2023\/04\/logo-IEG-para-blog_Prancheta-1-96x96.png","url":"https:\/\/ieg.com.br\/blog\/wp-content\/uploads\/2023\/04\/logo-IEG-para-blog_Prancheta-1-96x96.png","contentUrl":"https:\/\/ieg.com.br\/blog\/wp-content\/uploads\/2023\/04\/logo-IEG-para-blog_Prancheta-1-96x96.png","caption":"Reda\u00e7\u00e3o IEG"},"description":"O IEG \u00e9 uma empresa que elabora solu\u00e7\u00f5es de ensino, pesquisa e consultoria em gest\u00e3o de forma integrada e complementar para voc\u00ea e para a sua organiza\u00e7\u00e3o.","sameAs":["https:\/\/ieg.com.br\/blog"],"url":"https:\/\/ieg.com.br\/blog\/author\/admin\/"}]}},"_links":{"self":[{"href":"https:\/\/ieg.com.br\/blog\/wp-json\/wp\/v2\/posts\/494","targetHints":{"allow":["GET"]}}],"collection":[{"href":"https:\/\/ieg.com.br\/blog\/wp-json\/wp\/v2\/posts"}],"about":[{"href":"https:\/\/ieg.com.br\/blog\/wp-json\/wp\/v2\/types\/post"}],"author":[{"embeddable":true,"href":"https:\/\/ieg.com.br\/blog\/wp-json\/wp\/v2\/users\/1"}],"replies":[{"embeddable":true,"href":"https:\/\/ieg.com.br\/blog\/wp-json\/wp\/v2\/comments?post=494"}],"version-history":[{"count":0,"href":"https:\/\/ieg.com.br\/blog\/wp-json\/wp\/v2\/posts\/494\/revisions"}],"wp:featuredmedia":[{"embeddable":true,"href":"https:\/\/ieg.com.br\/blog\/wp-json\/wp\/v2\/media\/1539"}],"wp:attachment":[{"href":"https:\/\/ieg.com.br\/blog\/wp-json\/wp\/v2\/media?parent=494"}],"wp:term":[{"taxonomy":"category","embeddable":true,"href":"https:\/\/ieg.com.br\/blog\/wp-json\/wp\/v2\/categories?post=494"},{"taxonomy":"post_tag","embeddable":true,"href":"https:\/\/ieg.com.br\/blog\/wp-json\/wp\/v2\/tags?post=494"}],"curies":[{"name":"wp","href":"https:\/\/api.w.org\/{rel}","templated":true}]}}