{"id":397,"date":"2014-10-13T16:09:55","date_gmt":"2014-10-13T19:09:55","guid":{"rendered":"https:\/\/ssconnection.com.br\/?p=397"},"modified":"2014-10-13T16:09:55","modified_gmt":"2014-10-13T19:09:55","slug":"pesquisa-aponta-os-principais-motivos-que-levam-as-empresas-a-adotarem-o-modelo-de-servicos-compartilhados","status":"publish","type":"post","link":"https:\/\/ieg.com.br\/blog\/pesquisa-aponta-os-principais-motivos-que-levam-as-empresas-a-adotarem-o-modelo-de-servicos-compartilhados\/","title":{"rendered":"Pesquisa aponta os principais motivos que levam as empresas a adotarem o modelo de Servi\u00e7os Compartilhados"},"content":{"rendered":"<h2>Ao contr\u00e1rio do que muitos acreditam, redu\u00e7\u00e3o de custos n\u00e3o \u00e9 o crit\u00e9rio mais importante na hora de implementar um CSC no Brasil<\/h2>\n<p>Al\u00e9m dos ganhos tang\u00edveis, a ado\u00e7\u00e3o de Centro de Servi\u00e7os Compartilhados gera benef\u00edcios indiretos, que apesar de serem mais dif\u00edceis de mensurar, agregam valor para a empresa. A desonera\u00e7\u00e3o das unidades de neg\u00f3cio para focar em suas atividades core, por exemplo, \u00e9 apontado por 97% das empresas como um dos principais fatores na tomada de decis\u00e3o.\u00a0 A possibilidade de gerar sinergias para crescimento da empresa e de suas coligadas e a maior padroniza\u00e7\u00e3o dos processos \u00a0vem em seguida com 94% de empresas sinalizando essa import\u00e2ncia.<\/p>\n<p class=\"font_8\">A pesquisa aponta ainda outros importantes crit\u00e9rios levados em considera\u00e7\u00e3o pelas empresas:<\/p>\n<p class=\"font_8\">\u00a0<img fetchpriority=\"high\" decoding=\"async\" class=\"size-full wp-image-402 aligncenter\" src=\"https:\/\/ssconnection.com.br\/wp-content\/uploads\/2016\/11\/2f84a4_195df35b517c467c8c9d47082be6cb55.jpg\" alt=\"2f84a4_195df35b517c467c8c9d47082be6cb55\" width=\"548\" height=\"281\" \/><\/p>\n<ul class=\"font_8\">\n<li>\n<p class=\"font_8\">Custo: ganhos de escala e redu\u00e7\u00e3o de custos e m\u00e3o-de-obra \u2013 88%<\/p>\n<\/li>\n<li>\n<p class=\"font_8\">Controle: maior garantia do cumprimento de normas internas e externas e melhor acuracidade de informa\u00e7\u00f5es \u2013 88%<\/p>\n<\/li>\n<li>\n<p class=\"font_8\">Servi\u00e7o: melhoria do n\u00edvel de servi\u00e7o prestado \u2013 82 %<\/p>\n<\/li>\n<li>\n<p class=\"font_8\">Demanda: melhoria na gest\u00e3o e educa\u00e7\u00e3o da demanda por parte dos clientes internos \u2013 36%<\/p>\n<\/li>\n<li>\n<p class=\"font_8\">Autonomia: autonomia dos clientes internos para escolha de servi\u00e7o x custo \u2013 15%<\/p>\n<\/li>\n<\/ul>\n<p class=\"font_8\">Vale destacar que a implanta\u00e7\u00e3o do CSC fornece flexibilidade para o crescimento organizacional, assumindo um papel estrat\u00e9gico ao se tornar alavanca para fus\u00f5es e aquisi\u00e7\u00f5es de empresas. Por meio do conceito, pouco esfor\u00e7o, investimento e tempo s\u00e3o necess\u00e1rios na cria\u00e7\u00e3o de departamentos que atendam novas solicita\u00e7\u00f5es de atividades de apoio, j\u00e1 que o CSC possui uma estrutura de presta\u00e7\u00e3o de servi\u00e7os flex\u00edvel \u00e0 demanda da organiza\u00e7\u00e3o.<\/p>\n<p class=\"font_8\">Fonte:\u00a0Instituto de Engenharia de Gest\u00e3o &#8211; Pesquisa Benchmark em CSC 2014<\/p>\n","protected":false},"excerpt":{"rendered":"<p>Ao contr\u00e1rio do que muitos acreditam, redu\u00e7\u00e3o de custos n\u00e3o \u00e9 o crit\u00e9rio mais importante na hora de implementar um CSC no Brasil Al\u00e9m dos ganhos tang\u00edveis, a ado\u00e7\u00e3o de Centro de Servi\u00e7os Compartilhados gera benef\u00edcios indiretos, que apesar de serem mais dif\u00edceis de mensurar, agregam valor para a empresa. A desonera\u00e7\u00e3o das unidades de [&hellip;]<\/p>\n","protected":false},"author":1,"featured_media":404,"comment_status":"open","ping_status":"open","sticky":false,"template":"","format":"standard","meta":{"_acf_changed":false,"footnotes":""},"categories":[1],"tags":[],"class_list":["post-397","post","type-post","status-publish","format-standard","has-post-thumbnail","hentry","category-servicos-compartilhados"],"acf":[],"yoast_head":"<!-- This site is optimized with the Yoast SEO plugin v27.4 - https:\/\/yoast.com\/product\/yoast-seo-wordpress\/ -->\n<title>IEG Connection | Pesquisa aponta os principais motivos que levam as empresas a adotarem o modelo de Servi\u00e7os Compartilhados<\/title>\n<meta name=\"robots\" content=\"index, follow, max-snippet:-1, max-image-preview:large, max-video-preview:-1\" \/>\n<link rel=\"canonical\" href=\"https:\/\/ieg.com.br\/blog\/pesquisa-aponta-os-principais-motivos-que-levam-as-empresas-a-adotarem-o-modelo-de-servicos-compartilhados\/\" \/>\n<meta property=\"og:locale\" content=\"pt_BR\" \/>\n<meta property=\"og:type\" content=\"article\" \/>\n<meta property=\"og:title\" content=\"IEG Connection | Pesquisa aponta os principais motivos que levam as empresas a adotarem o modelo de Servi\u00e7os Compartilhados\" \/>\n<meta property=\"og:description\" content=\"Ao contr\u00e1rio do que muitos acreditam, redu\u00e7\u00e3o de custos n\u00e3o \u00e9 o crit\u00e9rio mais importante na hora de implementar um CSC no Brasil Al\u00e9m dos ganhos tang\u00edveis, a ado\u00e7\u00e3o de Centro de Servi\u00e7os Compartilhados gera benef\u00edcios indiretos, que apesar de serem mais dif\u00edceis de mensurar, agregam valor para a empresa. A desonera\u00e7\u00e3o das unidades de [&hellip;]\" \/>\n<meta property=\"og:url\" content=\"https:\/\/ieg.com.br\/blog\/pesquisa-aponta-os-principais-motivos-que-levam-as-empresas-a-adotarem-o-modelo-de-servicos-compartilhados\/\" \/>\n<meta property=\"og:site_name\" content=\"IEG Connection\" \/>\n<meta property=\"article:publisher\" content=\"https:\/\/www.facebook.com\/IEG.Brasil\" \/>\n<meta property=\"article:published_time\" content=\"2014-10-13T19:09:55+00:00\" \/>\n<meta property=\"og:image\" content=\"https:\/\/ieg.com.br\/blog\/wp-content\/uploads\/2021\/02\/LOGO_IEG_CONNECTION_1-1.png\" \/>\n\t<meta property=\"og:image:width\" content=\"399\" \/>\n\t<meta property=\"og:image:height\" content=\"138\" \/>\n\t<meta property=\"og:image:type\" content=\"image\/png\" \/>\n<meta name=\"author\" content=\"Reda\u00e7\u00e3o IEG\" \/>\n<meta name=\"twitter:card\" content=\"summary_large_image\" \/>\n<meta name=\"twitter:label1\" content=\"Escrito por\" \/>\n\t<meta name=\"twitter:data1\" content=\"Reda\u00e7\u00e3o IEG\" \/>\n\t<meta name=\"twitter:label2\" content=\"Est. tempo de leitura\" \/>\n\t<meta name=\"twitter:data2\" content=\"1 minuto\" \/>\n<script type=\"application\/ld+json\" class=\"yoast-schema-graph\">{\"@context\":\"https:\\\/\\\/schema.org\",\"@graph\":[{\"@type\":\"Article\",\"@id\":\"https:\\\/\\\/ieg.com.br\\\/blog\\\/pesquisa-aponta-os-principais-motivos-que-levam-as-empresas-a-adotarem-o-modelo-de-servicos-compartilhados\\\/#article\",\"isPartOf\":{\"@id\":\"https:\\\/\\\/ieg.com.br\\\/blog\\\/pesquisa-aponta-os-principais-motivos-que-levam-as-empresas-a-adotarem-o-modelo-de-servicos-compartilhados\\\/\"},\"author\":{\"name\":\"Reda\u00e7\u00e3o IEG\",\"@id\":\"https:\\\/\\\/ieg.com.br\\\/blog\\\/#\\\/schema\\\/person\\\/4c2d72ddde770e48c4e179425ccc9dd5\"},\"headline\":\"Pesquisa aponta os principais motivos que levam as empresas a adotarem o modelo de Servi\u00e7os Compartilhados\",\"datePublished\":\"2014-10-13T19:09:55+00:00\",\"mainEntityOfPage\":{\"@id\":\"https:\\\/\\\/ieg.com.br\\\/blog\\\/pesquisa-aponta-os-principais-motivos-que-levam-as-empresas-a-adotarem-o-modelo-de-servicos-compartilhados\\\/\"},\"wordCount\":305,\"commentCount\":0,\"publisher\":{\"@id\":\"https:\\\/\\\/ieg.com.br\\\/blog\\\/#organization\"},\"image\":{\"@id\":\"https:\\\/\\\/ieg.com.br\\\/blog\\\/pesquisa-aponta-os-principais-motivos-que-levam-as-empresas-a-adotarem-o-modelo-de-servicos-compartilhados\\\/#primaryimage\"},\"thumbnailUrl\":\"\",\"articleSection\":[\"Servi\u00e7os Compartilhados\"],\"inLanguage\":\"pt-BR\",\"potentialAction\":[{\"@type\":\"CommentAction\",\"name\":\"Comment\",\"target\":[\"https:\\\/\\\/ieg.com.br\\\/blog\\\/pesquisa-aponta-os-principais-motivos-que-levam-as-empresas-a-adotarem-o-modelo-de-servicos-compartilhados\\\/#respond\"]}]},{\"@type\":\"WebPage\",\"@id\":\"https:\\\/\\\/ieg.com.br\\\/blog\\\/pesquisa-aponta-os-principais-motivos-que-levam-as-empresas-a-adotarem-o-modelo-de-servicos-compartilhados\\\/\",\"url\":\"https:\\\/\\\/ieg.com.br\\\/blog\\\/pesquisa-aponta-os-principais-motivos-que-levam-as-empresas-a-adotarem-o-modelo-de-servicos-compartilhados\\\/\",\"name\":\"IEG Connection | Pesquisa aponta os principais motivos que levam as empresas a adotarem o modelo de Servi\u00e7os Compartilhados\",\"isPartOf\":{\"@id\":\"https:\\\/\\\/ieg.com.br\\\/blog\\\/#website\"},\"primaryImageOfPage\":{\"@id\":\"https:\\\/\\\/ieg.com.br\\\/blog\\\/pesquisa-aponta-os-principais-motivos-que-levam-as-empresas-a-adotarem-o-modelo-de-servicos-compartilhados\\\/#primaryimage\"},\"image\":{\"@id\":\"https:\\\/\\\/ieg.com.br\\\/blog\\\/pesquisa-aponta-os-principais-motivos-que-levam-as-empresas-a-adotarem-o-modelo-de-servicos-compartilhados\\\/#primaryimage\"},\"thumbnailUrl\":\"\",\"datePublished\":\"2014-10-13T19:09:55+00:00\",\"breadcrumb\":{\"@id\":\"https:\\\/\\\/ieg.com.br\\\/blog\\\/pesquisa-aponta-os-principais-motivos-que-levam-as-empresas-a-adotarem-o-modelo-de-servicos-compartilhados\\\/#breadcrumb\"},\"inLanguage\":\"pt-BR\",\"potentialAction\":[{\"@type\":\"ReadAction\",\"target\":[\"https:\\\/\\\/ieg.com.br\\\/blog\\\/pesquisa-aponta-os-principais-motivos-que-levam-as-empresas-a-adotarem-o-modelo-de-servicos-compartilhados\\\/\"]}]},{\"@type\":\"ImageObject\",\"inLanguage\":\"pt-BR\",\"@id\":\"https:\\\/\\\/ieg.com.br\\\/blog\\\/pesquisa-aponta-os-principais-motivos-que-levam-as-empresas-a-adotarem-o-modelo-de-servicos-compartilhados\\\/#primaryimage\",\"url\":\"\",\"contentUrl\":\"\"},{\"@type\":\"BreadcrumbList\",\"@id\":\"https:\\\/\\\/ieg.com.br\\\/blog\\\/pesquisa-aponta-os-principais-motivos-que-levam-as-empresas-a-adotarem-o-modelo-de-servicos-compartilhados\\\/#breadcrumb\",\"itemListElement\":[{\"@type\":\"ListItem\",\"position\":1,\"name\":\"In\u00edcio\",\"item\":\"https:\\\/\\\/ieg.com.br\\\/blog\\\/\"},{\"@type\":\"ListItem\",\"position\":2,\"name\":\"Pesquisa aponta os principais motivos que levam as empresas a adotarem o modelo de Servi\u00e7os Compartilhados\"}]},{\"@type\":\"WebSite\",\"@id\":\"https:\\\/\\\/ieg.com.br\\\/blog\\\/#website\",\"url\":\"https:\\\/\\\/ieg.com.br\\\/blog\\\/\",\"name\":\"IEG Connection\",\"description\":\"O IEG \u00e9 uma empresa que elabora solu\u00e7\u00f5es de ensino, pesquisa e consultoria em gest\u00e3o de forma integrada e complementar para voc\u00ea e para a sua organiza\u00e7\u00e3o.\",\"publisher\":{\"@id\":\"https:\\\/\\\/ieg.com.br\\\/blog\\\/#organization\"},\"potentialAction\":[{\"@type\":\"SearchAction\",\"target\":{\"@type\":\"EntryPoint\",\"urlTemplate\":\"https:\\\/\\\/ieg.com.br\\\/blog\\\/?s={search_term_string}\"},\"query-input\":{\"@type\":\"PropertyValueSpecification\",\"valueRequired\":true,\"valueName\":\"search_term_string\"}}],\"inLanguage\":\"pt-BR\"},{\"@type\":\"Organization\",\"@id\":\"https:\\\/\\\/ieg.com.br\\\/blog\\\/#organization\",\"name\":\"IEG\",\"url\":\"https:\\\/\\\/ieg.com.br\\\/blog\\\/\",\"logo\":{\"@type\":\"ImageObject\",\"inLanguage\":\"pt-BR\",\"@id\":\"https:\\\/\\\/ieg.com.br\\\/blog\\\/#\\\/schema\\\/logo\\\/image\\\/\",\"url\":\"https:\\\/\\\/ieg.com.br\\\/blog\\\/wp-content\\\/uploads\\\/2021\\\/02\\\/ieg-blog-logo.png\",\"contentUrl\":\"https:\\\/\\\/ieg.com.br\\\/blog\\\/wp-content\\\/uploads\\\/2021\\\/02\\\/ieg-blog-logo.png\",\"width\":310,\"height\":126,\"caption\":\"IEG\"},\"image\":{\"@id\":\"https:\\\/\\\/ieg.com.br\\\/blog\\\/#\\\/schema\\\/logo\\\/image\\\/\"},\"sameAs\":[\"https:\\\/\\\/www.facebook.com\\\/IEG.Brasil\",\"https:\\\/\\\/www.instagram.com\\\/ieg.brasil\\\/\",\"https:\\\/\\\/www.linkedin.com\\\/company\\\/ieg-instituto-de-engenharia-de-gestao\\\/\",\"https:\\\/\\\/www.youtube.com\\\/channel\\\/UCFEkxPdX86l8xWwV73kxJyA\"]},{\"@type\":\"Person\",\"@id\":\"https:\\\/\\\/ieg.com.br\\\/blog\\\/#\\\/schema\\\/person\\\/4c2d72ddde770e48c4e179425ccc9dd5\",\"name\":\"Reda\u00e7\u00e3o IEG\",\"image\":{\"@type\":\"ImageObject\",\"inLanguage\":\"pt-BR\",\"@id\":\"https:\\\/\\\/ieg.com.br\\\/blog\\\/wp-content\\\/uploads\\\/2023\\\/04\\\/logo-IEG-para-blog_Prancheta-1-96x96.png\",\"url\":\"https:\\\/\\\/ieg.com.br\\\/blog\\\/wp-content\\\/uploads\\\/2023\\\/04\\\/logo-IEG-para-blog_Prancheta-1-96x96.png\",\"contentUrl\":\"https:\\\/\\\/ieg.com.br\\\/blog\\\/wp-content\\\/uploads\\\/2023\\\/04\\\/logo-IEG-para-blog_Prancheta-1-96x96.png\",\"caption\":\"Reda\u00e7\u00e3o IEG\"},\"description\":\"O IEG \u00e9 uma empresa que elabora solu\u00e7\u00f5es de ensino, pesquisa e consultoria em gest\u00e3o de forma integrada e complementar para voc\u00ea e para a sua organiza\u00e7\u00e3o.\",\"sameAs\":[\"https:\\\/\\\/ieg.com.br\\\/blog\"],\"url\":\"https:\\\/\\\/ieg.com.br\\\/blog\\\/author\\\/admin\\\/\"}]}<\/script>\n<!-- \/ Yoast SEO plugin. -->","yoast_head_json":{"title":"IEG Connection | Pesquisa aponta os principais motivos que levam as empresas a adotarem o modelo de Servi\u00e7os Compartilhados","robots":{"index":"index","follow":"follow","max-snippet":"max-snippet:-1","max-image-preview":"max-image-preview:large","max-video-preview":"max-video-preview:-1"},"canonical":"https:\/\/ieg.com.br\/blog\/pesquisa-aponta-os-principais-motivos-que-levam-as-empresas-a-adotarem-o-modelo-de-servicos-compartilhados\/","og_locale":"pt_BR","og_type":"article","og_title":"IEG Connection | Pesquisa aponta os principais motivos que levam as empresas a adotarem o modelo de Servi\u00e7os Compartilhados","og_description":"Ao contr\u00e1rio do que muitos acreditam, redu\u00e7\u00e3o de custos n\u00e3o \u00e9 o crit\u00e9rio mais importante na hora de implementar um CSC no Brasil Al\u00e9m dos ganhos tang\u00edveis, a ado\u00e7\u00e3o de Centro de Servi\u00e7os Compartilhados gera benef\u00edcios indiretos, que apesar de serem mais dif\u00edceis de mensurar, agregam valor para a empresa. A desonera\u00e7\u00e3o das unidades de [&hellip;]","og_url":"https:\/\/ieg.com.br\/blog\/pesquisa-aponta-os-principais-motivos-que-levam-as-empresas-a-adotarem-o-modelo-de-servicos-compartilhados\/","og_site_name":"IEG Connection","article_publisher":"https:\/\/www.facebook.com\/IEG.Brasil","article_published_time":"2014-10-13T19:09:55+00:00","og_image":[{"width":399,"height":138,"url":"https:\/\/ieg.com.br\/blog\/wp-content\/uploads\/2021\/02\/LOGO_IEG_CONNECTION_1-1.png","type":"image\/png"}],"author":"Reda\u00e7\u00e3o IEG","twitter_card":"summary_large_image","twitter_misc":{"Escrito por":"Reda\u00e7\u00e3o IEG","Est. tempo de leitura":"1 minuto"},"schema":{"@context":"https:\/\/schema.org","@graph":[{"@type":"Article","@id":"https:\/\/ieg.com.br\/blog\/pesquisa-aponta-os-principais-motivos-que-levam-as-empresas-a-adotarem-o-modelo-de-servicos-compartilhados\/#article","isPartOf":{"@id":"https:\/\/ieg.com.br\/blog\/pesquisa-aponta-os-principais-motivos-que-levam-as-empresas-a-adotarem-o-modelo-de-servicos-compartilhados\/"},"author":{"name":"Reda\u00e7\u00e3o IEG","@id":"https:\/\/ieg.com.br\/blog\/#\/schema\/person\/4c2d72ddde770e48c4e179425ccc9dd5"},"headline":"Pesquisa aponta os principais motivos que levam as empresas a adotarem o modelo de Servi\u00e7os Compartilhados","datePublished":"2014-10-13T19:09:55+00:00","mainEntityOfPage":{"@id":"https:\/\/ieg.com.br\/blog\/pesquisa-aponta-os-principais-motivos-que-levam-as-empresas-a-adotarem-o-modelo-de-servicos-compartilhados\/"},"wordCount":305,"commentCount":0,"publisher":{"@id":"https:\/\/ieg.com.br\/blog\/#organization"},"image":{"@id":"https:\/\/ieg.com.br\/blog\/pesquisa-aponta-os-principais-motivos-que-levam-as-empresas-a-adotarem-o-modelo-de-servicos-compartilhados\/#primaryimage"},"thumbnailUrl":"","articleSection":["Servi\u00e7os Compartilhados"],"inLanguage":"pt-BR","potentialAction":[{"@type":"CommentAction","name":"Comment","target":["https:\/\/ieg.com.br\/blog\/pesquisa-aponta-os-principais-motivos-que-levam-as-empresas-a-adotarem-o-modelo-de-servicos-compartilhados\/#respond"]}]},{"@type":"WebPage","@id":"https:\/\/ieg.com.br\/blog\/pesquisa-aponta-os-principais-motivos-que-levam-as-empresas-a-adotarem-o-modelo-de-servicos-compartilhados\/","url":"https:\/\/ieg.com.br\/blog\/pesquisa-aponta-os-principais-motivos-que-levam-as-empresas-a-adotarem-o-modelo-de-servicos-compartilhados\/","name":"IEG Connection | Pesquisa aponta os principais motivos que levam as empresas a adotarem o modelo de Servi\u00e7os Compartilhados","isPartOf":{"@id":"https:\/\/ieg.com.br\/blog\/#website"},"primaryImageOfPage":{"@id":"https:\/\/ieg.com.br\/blog\/pesquisa-aponta-os-principais-motivos-que-levam-as-empresas-a-adotarem-o-modelo-de-servicos-compartilhados\/#primaryimage"},"image":{"@id":"https:\/\/ieg.com.br\/blog\/pesquisa-aponta-os-principais-motivos-que-levam-as-empresas-a-adotarem-o-modelo-de-servicos-compartilhados\/#primaryimage"},"thumbnailUrl":"","datePublished":"2014-10-13T19:09:55+00:00","breadcrumb":{"@id":"https:\/\/ieg.com.br\/blog\/pesquisa-aponta-os-principais-motivos-que-levam-as-empresas-a-adotarem-o-modelo-de-servicos-compartilhados\/#breadcrumb"},"inLanguage":"pt-BR","potentialAction":[{"@type":"ReadAction","target":["https:\/\/ieg.com.br\/blog\/pesquisa-aponta-os-principais-motivos-que-levam-as-empresas-a-adotarem-o-modelo-de-servicos-compartilhados\/"]}]},{"@type":"ImageObject","inLanguage":"pt-BR","@id":"https:\/\/ieg.com.br\/blog\/pesquisa-aponta-os-principais-motivos-que-levam-as-empresas-a-adotarem-o-modelo-de-servicos-compartilhados\/#primaryimage","url":"","contentUrl":""},{"@type":"BreadcrumbList","@id":"https:\/\/ieg.com.br\/blog\/pesquisa-aponta-os-principais-motivos-que-levam-as-empresas-a-adotarem-o-modelo-de-servicos-compartilhados\/#breadcrumb","itemListElement":[{"@type":"ListItem","position":1,"name":"In\u00edcio","item":"https:\/\/ieg.com.br\/blog\/"},{"@type":"ListItem","position":2,"name":"Pesquisa aponta os principais motivos que levam as empresas a adotarem o modelo de Servi\u00e7os Compartilhados"}]},{"@type":"WebSite","@id":"https:\/\/ieg.com.br\/blog\/#website","url":"https:\/\/ieg.com.br\/blog\/","name":"IEG Connection","description":"O IEG \u00e9 uma empresa que elabora solu\u00e7\u00f5es de ensino, pesquisa e consultoria em gest\u00e3o de forma integrada e complementar para voc\u00ea e para a sua organiza\u00e7\u00e3o.","publisher":{"@id":"https:\/\/ieg.com.br\/blog\/#organization"},"potentialAction":[{"@type":"SearchAction","target":{"@type":"EntryPoint","urlTemplate":"https:\/\/ieg.com.br\/blog\/?s={search_term_string}"},"query-input":{"@type":"PropertyValueSpecification","valueRequired":true,"valueName":"search_term_string"}}],"inLanguage":"pt-BR"},{"@type":"Organization","@id":"https:\/\/ieg.com.br\/blog\/#organization","name":"IEG","url":"https:\/\/ieg.com.br\/blog\/","logo":{"@type":"ImageObject","inLanguage":"pt-BR","@id":"https:\/\/ieg.com.br\/blog\/#\/schema\/logo\/image\/","url":"https:\/\/ieg.com.br\/blog\/wp-content\/uploads\/2021\/02\/ieg-blog-logo.png","contentUrl":"https:\/\/ieg.com.br\/blog\/wp-content\/uploads\/2021\/02\/ieg-blog-logo.png","width":310,"height":126,"caption":"IEG"},"image":{"@id":"https:\/\/ieg.com.br\/blog\/#\/schema\/logo\/image\/"},"sameAs":["https:\/\/www.facebook.com\/IEG.Brasil","https:\/\/www.instagram.com\/ieg.brasil\/","https:\/\/www.linkedin.com\/company\/ieg-instituto-de-engenharia-de-gestao\/","https:\/\/www.youtube.com\/channel\/UCFEkxPdX86l8xWwV73kxJyA"]},{"@type":"Person","@id":"https:\/\/ieg.com.br\/blog\/#\/schema\/person\/4c2d72ddde770e48c4e179425ccc9dd5","name":"Reda\u00e7\u00e3o IEG","image":{"@type":"ImageObject","inLanguage":"pt-BR","@id":"https:\/\/ieg.com.br\/blog\/wp-content\/uploads\/2023\/04\/logo-IEG-para-blog_Prancheta-1-96x96.png","url":"https:\/\/ieg.com.br\/blog\/wp-content\/uploads\/2023\/04\/logo-IEG-para-blog_Prancheta-1-96x96.png","contentUrl":"https:\/\/ieg.com.br\/blog\/wp-content\/uploads\/2023\/04\/logo-IEG-para-blog_Prancheta-1-96x96.png","caption":"Reda\u00e7\u00e3o IEG"},"description":"O IEG \u00e9 uma empresa que elabora solu\u00e7\u00f5es de ensino, pesquisa e consultoria em gest\u00e3o de forma integrada e complementar para voc\u00ea e para a sua organiza\u00e7\u00e3o.","sameAs":["https:\/\/ieg.com.br\/blog"],"url":"https:\/\/ieg.com.br\/blog\/author\/admin\/"}]}},"_links":{"self":[{"href":"https:\/\/ieg.com.br\/blog\/wp-json\/wp\/v2\/posts\/397","targetHints":{"allow":["GET"]}}],"collection":[{"href":"https:\/\/ieg.com.br\/blog\/wp-json\/wp\/v2\/posts"}],"about":[{"href":"https:\/\/ieg.com.br\/blog\/wp-json\/wp\/v2\/types\/post"}],"author":[{"embeddable":true,"href":"https:\/\/ieg.com.br\/blog\/wp-json\/wp\/v2\/users\/1"}],"replies":[{"embeddable":true,"href":"https:\/\/ieg.com.br\/blog\/wp-json\/wp\/v2\/comments?post=397"}],"version-history":[{"count":0,"href":"https:\/\/ieg.com.br\/blog\/wp-json\/wp\/v2\/posts\/397\/revisions"}],"wp:featuredmedia":[{"embeddable":true,"href":"https:\/\/ieg.com.br\/blog\/wp-json\/wp\/v2\/media\/404"}],"wp:attachment":[{"href":"https:\/\/ieg.com.br\/blog\/wp-json\/wp\/v2\/media?parent=397"}],"wp:term":[{"taxonomy":"category","embeddable":true,"href":"https:\/\/ieg.com.br\/blog\/wp-json\/wp\/v2\/categories?post=397"},{"taxonomy":"post_tag","embeddable":true,"href":"https:\/\/ieg.com.br\/blog\/wp-json\/wp\/v2\/tags?post=397"}],"curies":[{"name":"wp","href":"https:\/\/api.w.org\/{rel}","templated":true}]}}