{"id":225,"date":"2018-04-18T15:00:26","date_gmt":"2018-04-18T18:00:26","guid":{"rendered":"https:\/\/ieg.com.br\/blog\/?p=225"},"modified":"2020-12-13T22:48:50","modified_gmt":"2020-12-14T01:48:50","slug":"aprender-a-aprender","status":"publish","type":"post","link":"https:\/\/ieg.com.br\/blog\/aprender-a-aprender\/","title":{"rendered":"Aprender a aprender: a habilidade do s\u00e9culo XXI"},"content":{"rendered":"<p>Aprender a aprender: o quer dizer essa express\u00e3o?<\/p>\n<p>O aprendizado pode diminuir diversas barreiras profissionais e pessoais, e \u00e9 justamente por isso que perseguir o saber deve estar sempre dentro da sua rotina.<\/p>\n<p>Contudo, com as informa\u00e7\u00f5es cada vez mais din\u00e2micas \u2013 e o tempo de estudos, mais escasso \u2013 \u00e9 preciso desenvolver uma das habilidades mais importantes do s\u00e9culo XXI: <strong>a de aprender a aprender.<\/strong><\/p>\n<p>A express\u00e3o pode soar estranha, mas faz toda a diferen\u00e7a, principalmente na vida adulta.<\/p>\n<p>Desde muito novos somos aprendizes naturais: entendemos como \u00e9 respirar, comer e andar, por exemplo, sem depender de fatores externos. Enquanto crescemos, desenvolvemos outras habilidades cognitivas e, j\u00e1 com ajuda, aprendemos a ler, escrever e raciocinar de maneira cient\u00edfica, dentre outras coisas.<\/p>\n<p>S\u00f3 que, conforme o tempo passa, acabamos nos esquecendo de aprender de maneira perene, como no conhecimento que precisa ficar com a gente por boa parte da vida. Aprender a aprender, ent\u00e3o, nos ajuda a retomar a habilidade que t\u00ednhamos antes de cair na zona de conforto que era decorar e repetir.<\/p>\n<p><img fetchpriority=\"high\" decoding=\"async\" class=\"wp-image-624 size-large aligncenter\" src=\"https:\/\/ieg.com.br\/blog\/wp-content\/uploads\/2017\/11\/adult-books-campus-159775-1024x683.jpg\" alt=\"Aprender a aprender\" width=\"640\" height=\"427\" srcset=\"https:\/\/ieg.com.br\/blog\/wp-content\/uploads\/2017\/11\/adult-books-campus-159775-1024x683.jpg 1024w, https:\/\/ieg.com.br\/blog\/wp-content\/uploads\/2017\/11\/adult-books-campus-159775-300x200.jpg 300w, https:\/\/ieg.com.br\/blog\/wp-content\/uploads\/2017\/11\/adult-books-campus-159775-768x512.jpg 768w, https:\/\/ieg.com.br\/blog\/wp-content\/uploads\/2017\/11\/adult-books-campus-159775-1536x1024.jpg 1536w, https:\/\/ieg.com.br\/blog\/wp-content\/uploads\/2017\/11\/adult-books-campus-159775-2048x1365.jpg 2048w\" sizes=\"(max-width: 640px) 100vw, 640px\" \/><\/p>\n<h2><strong>Aprender a aprender: os sete passos do aprendizado<\/strong><\/h2>\n<p>Para relembrar como aprender de maneira efetiva, \u00e9 necess\u00e1rio levar em conta os passos b\u00e1sicos do aprendizado:<\/p>\n<ol>\n<li><strong>Escolha:<\/strong> desenvolvemos a no\u00e7\u00e3o de prioridade em saber o que significa mais para n\u00f3s;<\/li>\n<li><strong>Comprometimento:<\/strong> tomamos responsabilidade sobre aquilo que queremos aprender, a partir dos resultados que esse conhecimento nos trar\u00e1;<\/li>\n<li><strong>Tentativa e erro:<\/strong> o processo de aprendizado (e, inclusive, de aprender a aprender) nem sempre dar\u00e1 certo na primeira tentativa. Os erros nos ajudam a lapidar melhor as possibilidades de acerto;<\/li>\n<li><strong>Cria\u00e7\u00e3o:<\/strong> desenhamos, constru\u00edmos e testamos ativamente as teorias do nosso aprendizado;<\/li>\n<li><strong>C\u00f3pia:<\/strong> a repeti\u00e7\u00e3o de padr\u00f5es ou performances \u00e9 natural, pois nos espelhamos naquilo que j\u00e1 deu certo para aplicar nossos conhecimentos;<\/li>\n<li><strong>Di\u00e1logo:<\/strong> conversamos com outras pessoas sobre as nossas experi\u00eancias, pedimos ajuda e conselhos, damos opini\u00f5es e estabelecemos maneiras de seguir em frente;<\/li>\n<li><strong>Colabora\u00e7\u00e3o:<\/strong> o processo de aprendizado n\u00e3o \u00e9 individual, pois as constru\u00e7\u00f5es da maioria dos saberes s\u00e3o de uso coletivo. Por isso, contar com uma rede de colabora\u00e7\u00e3o \u00e9 imprescind\u00edvel.<\/li>\n<\/ol>\n<p>Ao reaplicar esses conceitos na sua vida profissional, estabelecendo metas para cada etapa do processo e buscando mentoria para o feedback de suas a\u00e7\u00f5es, voc\u00ea estar\u00e1 perto de desenvolver a habilidade de aprender a aprender.<\/p>\n<h2><strong>Mas o que significa, afinal, aprender a aprender?<\/strong><\/h2>\n<p>Aprender a aprender nada mais \u00e9 do que assumir uma postura ativa e comprometida com seus processos de desenvolvimento do saber.<\/p>\n<p>Ao escolher uma profiss\u00e3o, por exemplo, voc\u00ea se depara com muitas novas teorias e t\u00e9cnicas que ir\u00e3o lapidar suas habilidades. Ao relembrar os passos b\u00e1sicos do aprendizado e coloc\u00e1-los em pr\u00e1tica de maneira ativa, e n\u00e3o passiva, voc\u00ea ter\u00e1 resultados muito melhores do que se esperar, sentado, que algu\u00e9m te ensine todos os detalhes de alguma coisa.<\/p>\n<p>Para aprender a aprender da forma certa n\u00e3o existem desculpas poss\u00edveis: estamos na era da informa\u00e7\u00e3o e temos, \u00e0 nossa disposi\u00e7\u00e3o, muitos materiais que auxiliam o nosso aprofundamento em temas dos quais queremos nos tornar ainda mais especialistas \u2013 incluindo cursos e livros.<\/p>\n<ul>\n<li>Deseja continuar se aprofundando e aprender novas habilidades? Conhe\u00e7a nosso artigo sobre as \u201c<a href=\"https:\/\/ieg.com.br\/blog\/para-voce\/10-habilidades-profissional-futuro\/\">10 Habilidade Essenciais para o Profissional do Futuro<\/a>\u201d.<\/li>\n<\/ul>\n<p>No fim das contas, aprender a aprender \u00e9 uma atitude que, se levada a s\u00e9rio, s\u00f3 vai te trazer frutos positivos e perenes.<\/p>\n<p><strong>E ent\u00e3o, conta para a gente se voc\u00ea j\u00e1 pensou em aprender a aprender!<\/strong><\/p>\n<p>H\u00e1 mais de 10 anos, o IEG \u00e9 refer\u00eancia em cursos voltados para o aprendizado de habilidades reconhecidas no Mercado de Trabalho, como <strong>Comunica\u00e7\u00e3o, Criatividade, Negocia\u00e7\u00e3o, entre muitas outras<\/strong>. Assim formando profissionais cada vez mais capazes de aplic\u00e1-las \u00e0s mais variadas \u00e1reas do ambiente corporativo.<\/p>\n<p>Conhe\u00e7a mais sobre nossos cursos de<strong> Comunica\u00e7\u00e3o<\/strong>\u00a0atrav\u00e9s do seguinte link <a href=\"https:\/\/ieg.com.br\/para-voce\/\">https:\/\/ieg.com.br\/para-voce\/<\/a><\/p>\n","protected":false},"excerpt":{"rendered":"<p>O que, afinal, significa aprender a aprender? Quais s\u00e3o os passos b\u00e1sicos dessa habilidade &#8211; e como aplic\u00e1-la \u00e0 nossa vida?<\/p>\n","protected":false},"author":1,"featured_media":622,"comment_status":"open","ping_status":"open","sticky":false,"template":"","format":"standard","meta":{"_acf_changed":false,"footnotes":""},"categories":[135],"tags":[],"class_list":["post-225","post","type-post","status-publish","format-standard","has-post-thumbnail","hentry","category-carreira"],"acf":[],"yoast_head":"<!-- This site is optimized with the Yoast SEO plugin v27.4 - https:\/\/yoast.com\/product\/yoast-seo-wordpress\/ -->\n<title>IEG Connection | Aprender a aprender: a habilidade do s\u00e9culo XXI<\/title>\n<meta name=\"robots\" content=\"index, follow, max-snippet:-1, max-image-preview:large, max-video-preview:-1\" \/>\n<link rel=\"canonical\" href=\"https:\/\/ieg.com.br\/blog\/aprender-a-aprender\/\" \/>\n<meta property=\"og:locale\" content=\"pt_BR\" \/>\n<meta property=\"og:type\" content=\"article\" \/>\n<meta property=\"og:title\" content=\"IEG Connection | Aprender a aprender: a habilidade do s\u00e9culo XXI\" \/>\n<meta property=\"og:description\" content=\"O que, afinal, significa aprender a aprender? Quais s\u00e3o os passos b\u00e1sicos dessa habilidade - e como aplic\u00e1-la \u00e0 nossa vida?\" \/>\n<meta property=\"og:url\" content=\"https:\/\/ieg.com.br\/blog\/aprender-a-aprender\/\" \/>\n<meta property=\"og:site_name\" content=\"IEG Connection\" \/>\n<meta property=\"article:publisher\" content=\"https:\/\/www.facebook.com\/IEG.Brasil\" \/>\n<meta property=\"article:published_time\" content=\"2018-04-18T18:00:26+00:00\" \/>\n<meta property=\"article:modified_time\" content=\"2020-12-14T01:48:50+00:00\" \/>\n<meta property=\"og:image\" content=\"https:\/\/ieg.com.br\/blog\/wp-content\/uploads\/2017\/11\/adult-book-book-series-545062.jpg\" \/>\n\t<meta property=\"og:image:width\" content=\"1\" \/>\n\t<meta property=\"og:image:height\" content=\"1\" \/>\n\t<meta property=\"og:image:type\" content=\"image\/jpeg\" \/>\n<meta name=\"author\" content=\"Reda\u00e7\u00e3o IEG\" \/>\n<meta name=\"twitter:card\" content=\"summary_large_image\" \/>\n<meta name=\"twitter:label1\" content=\"Escrito por\" \/>\n\t<meta name=\"twitter:data1\" content=\"Reda\u00e7\u00e3o IEG\" \/>\n\t<meta name=\"twitter:label2\" content=\"Est. tempo de leitura\" \/>\n\t<meta name=\"twitter:data2\" content=\"3 minutos\" \/>\n<script type=\"application\/ld+json\" class=\"yoast-schema-graph\">{\"@context\":\"https:\\\/\\\/schema.org\",\"@graph\":[{\"@type\":\"Article\",\"@id\":\"https:\\\/\\\/ieg.com.br\\\/blog\\\/aprender-a-aprender\\\/#article\",\"isPartOf\":{\"@id\":\"https:\\\/\\\/ieg.com.br\\\/blog\\\/aprender-a-aprender\\\/\"},\"author\":{\"name\":\"Reda\u00e7\u00e3o IEG\",\"@id\":\"https:\\\/\\\/ieg.com.br\\\/blog\\\/#\\\/schema\\\/person\\\/4c2d72ddde770e48c4e179425ccc9dd5\"},\"headline\":\"Aprender a aprender: a habilidade do s\u00e9culo XXI\",\"datePublished\":\"2018-04-18T18:00:26+00:00\",\"dateModified\":\"2020-12-14T01:48:50+00:00\",\"mainEntityOfPage\":{\"@id\":\"https:\\\/\\\/ieg.com.br\\\/blog\\\/aprender-a-aprender\\\/\"},\"wordCount\":670,\"commentCount\":0,\"publisher\":{\"@id\":\"https:\\\/\\\/ieg.com.br\\\/blog\\\/#organization\"},\"image\":{\"@id\":\"https:\\\/\\\/ieg.com.br\\\/blog\\\/aprender-a-aprender\\\/#primaryimage\"},\"thumbnailUrl\":\"https:\\\/\\\/ieg.com.br\\\/blog\\\/wp-content\\\/uploads\\\/2017\\\/11\\\/adult-book-book-series-545062.jpg\",\"articleSection\":[\"Carreira\"],\"inLanguage\":\"pt-BR\",\"potentialAction\":[{\"@type\":\"CommentAction\",\"name\":\"Comment\",\"target\":[\"https:\\\/\\\/ieg.com.br\\\/blog\\\/aprender-a-aprender\\\/#respond\"]}]},{\"@type\":\"WebPage\",\"@id\":\"https:\\\/\\\/ieg.com.br\\\/blog\\\/aprender-a-aprender\\\/\",\"url\":\"https:\\\/\\\/ieg.com.br\\\/blog\\\/aprender-a-aprender\\\/\",\"name\":\"IEG Connection | Aprender a aprender: a habilidade do s\u00e9culo XXI\",\"isPartOf\":{\"@id\":\"https:\\\/\\\/ieg.com.br\\\/blog\\\/#website\"},\"primaryImageOfPage\":{\"@id\":\"https:\\\/\\\/ieg.com.br\\\/blog\\\/aprender-a-aprender\\\/#primaryimage\"},\"image\":{\"@id\":\"https:\\\/\\\/ieg.com.br\\\/blog\\\/aprender-a-aprender\\\/#primaryimage\"},\"thumbnailUrl\":\"https:\\\/\\\/ieg.com.br\\\/blog\\\/wp-content\\\/uploads\\\/2017\\\/11\\\/adult-book-book-series-545062.jpg\",\"datePublished\":\"2018-04-18T18:00:26+00:00\",\"dateModified\":\"2020-12-14T01:48:50+00:00\",\"breadcrumb\":{\"@id\":\"https:\\\/\\\/ieg.com.br\\\/blog\\\/aprender-a-aprender\\\/#breadcrumb\"},\"inLanguage\":\"pt-BR\",\"potentialAction\":[{\"@type\":\"ReadAction\",\"target\":[\"https:\\\/\\\/ieg.com.br\\\/blog\\\/aprender-a-aprender\\\/\"]}]},{\"@type\":\"ImageObject\",\"inLanguage\":\"pt-BR\",\"@id\":\"https:\\\/\\\/ieg.com.br\\\/blog\\\/aprender-a-aprender\\\/#primaryimage\",\"url\":\"https:\\\/\\\/ieg.com.br\\\/blog\\\/wp-content\\\/uploads\\\/2017\\\/11\\\/adult-book-book-series-545062.jpg\",\"contentUrl\":\"https:\\\/\\\/ieg.com.br\\\/blog\\\/wp-content\\\/uploads\\\/2017\\\/11\\\/adult-book-book-series-545062.jpg\"},{\"@type\":\"BreadcrumbList\",\"@id\":\"https:\\\/\\\/ieg.com.br\\\/blog\\\/aprender-a-aprender\\\/#breadcrumb\",\"itemListElement\":[{\"@type\":\"ListItem\",\"position\":1,\"name\":\"In\u00edcio\",\"item\":\"https:\\\/\\\/ieg.com.br\\\/blog\\\/\"},{\"@type\":\"ListItem\",\"position\":2,\"name\":\"Aprender a aprender: a habilidade do s\u00e9culo XXI\"}]},{\"@type\":\"WebSite\",\"@id\":\"https:\\\/\\\/ieg.com.br\\\/blog\\\/#website\",\"url\":\"https:\\\/\\\/ieg.com.br\\\/blog\\\/\",\"name\":\"IEG Connection\",\"description\":\"O IEG \u00e9 uma empresa que elabora solu\u00e7\u00f5es de ensino, pesquisa e consultoria em gest\u00e3o de forma integrada e complementar para voc\u00ea e para a sua organiza\u00e7\u00e3o.\",\"publisher\":{\"@id\":\"https:\\\/\\\/ieg.com.br\\\/blog\\\/#organization\"},\"potentialAction\":[{\"@type\":\"SearchAction\",\"target\":{\"@type\":\"EntryPoint\",\"urlTemplate\":\"https:\\\/\\\/ieg.com.br\\\/blog\\\/?s={search_term_string}\"},\"query-input\":{\"@type\":\"PropertyValueSpecification\",\"valueRequired\":true,\"valueName\":\"search_term_string\"}}],\"inLanguage\":\"pt-BR\"},{\"@type\":\"Organization\",\"@id\":\"https:\\\/\\\/ieg.com.br\\\/blog\\\/#organization\",\"name\":\"IEG\",\"url\":\"https:\\\/\\\/ieg.com.br\\\/blog\\\/\",\"logo\":{\"@type\":\"ImageObject\",\"inLanguage\":\"pt-BR\",\"@id\":\"https:\\\/\\\/ieg.com.br\\\/blog\\\/#\\\/schema\\\/logo\\\/image\\\/\",\"url\":\"https:\\\/\\\/ieg.com.br\\\/blog\\\/wp-content\\\/uploads\\\/2021\\\/02\\\/ieg-blog-logo.png\",\"contentUrl\":\"https:\\\/\\\/ieg.com.br\\\/blog\\\/wp-content\\\/uploads\\\/2021\\\/02\\\/ieg-blog-logo.png\",\"width\":310,\"height\":126,\"caption\":\"IEG\"},\"image\":{\"@id\":\"https:\\\/\\\/ieg.com.br\\\/blog\\\/#\\\/schema\\\/logo\\\/image\\\/\"},\"sameAs\":[\"https:\\\/\\\/www.facebook.com\\\/IEG.Brasil\",\"https:\\\/\\\/www.instagram.com\\\/ieg.brasil\\\/\",\"https:\\\/\\\/www.linkedin.com\\\/company\\\/ieg-instituto-de-engenharia-de-gestao\\\/\",\"https:\\\/\\\/www.youtube.com\\\/channel\\\/UCFEkxPdX86l8xWwV73kxJyA\"]},{\"@type\":\"Person\",\"@id\":\"https:\\\/\\\/ieg.com.br\\\/blog\\\/#\\\/schema\\\/person\\\/4c2d72ddde770e48c4e179425ccc9dd5\",\"name\":\"Reda\u00e7\u00e3o IEG\",\"image\":{\"@type\":\"ImageObject\",\"inLanguage\":\"pt-BR\",\"@id\":\"https:\\\/\\\/ieg.com.br\\\/blog\\\/wp-content\\\/uploads\\\/2023\\\/04\\\/logo-IEG-para-blog_Prancheta-1-96x96.png\",\"url\":\"https:\\\/\\\/ieg.com.br\\\/blog\\\/wp-content\\\/uploads\\\/2023\\\/04\\\/logo-IEG-para-blog_Prancheta-1-96x96.png\",\"contentUrl\":\"https:\\\/\\\/ieg.com.br\\\/blog\\\/wp-content\\\/uploads\\\/2023\\\/04\\\/logo-IEG-para-blog_Prancheta-1-96x96.png\",\"caption\":\"Reda\u00e7\u00e3o IEG\"},\"description\":\"O IEG \u00e9 uma empresa que elabora solu\u00e7\u00f5es de ensino, pesquisa e consultoria em gest\u00e3o de forma integrada e complementar para voc\u00ea e para a sua organiza\u00e7\u00e3o.\",\"sameAs\":[\"https:\\\/\\\/ieg.com.br\\\/blog\"],\"url\":\"https:\\\/\\\/ieg.com.br\\\/blog\\\/author\\\/admin\\\/\"}]}<\/script>\n<!-- \/ Yoast SEO plugin. -->","yoast_head_json":{"title":"IEG Connection | Aprender a aprender: a habilidade do s\u00e9culo XXI","robots":{"index":"index","follow":"follow","max-snippet":"max-snippet:-1","max-image-preview":"max-image-preview:large","max-video-preview":"max-video-preview:-1"},"canonical":"https:\/\/ieg.com.br\/blog\/aprender-a-aprender\/","og_locale":"pt_BR","og_type":"article","og_title":"IEG Connection | Aprender a aprender: a habilidade do s\u00e9culo XXI","og_description":"O que, afinal, significa aprender a aprender? Quais s\u00e3o os passos b\u00e1sicos dessa habilidade - e como aplic\u00e1-la \u00e0 nossa vida?","og_url":"https:\/\/ieg.com.br\/blog\/aprender-a-aprender\/","og_site_name":"IEG Connection","article_publisher":"https:\/\/www.facebook.com\/IEG.Brasil","article_published_time":"2018-04-18T18:00:26+00:00","article_modified_time":"2020-12-14T01:48:50+00:00","og_image":[{"url":"https:\/\/ieg.com.br\/blog\/wp-content\/uploads\/2017\/11\/adult-book-book-series-545062.jpg","width":1,"height":1,"type":"image\/jpeg"}],"author":"Reda\u00e7\u00e3o IEG","twitter_card":"summary_large_image","twitter_misc":{"Escrito por":"Reda\u00e7\u00e3o IEG","Est. tempo de leitura":"3 minutos"},"schema":{"@context":"https:\/\/schema.org","@graph":[{"@type":"Article","@id":"https:\/\/ieg.com.br\/blog\/aprender-a-aprender\/#article","isPartOf":{"@id":"https:\/\/ieg.com.br\/blog\/aprender-a-aprender\/"},"author":{"name":"Reda\u00e7\u00e3o IEG","@id":"https:\/\/ieg.com.br\/blog\/#\/schema\/person\/4c2d72ddde770e48c4e179425ccc9dd5"},"headline":"Aprender a aprender: a habilidade do s\u00e9culo XXI","datePublished":"2018-04-18T18:00:26+00:00","dateModified":"2020-12-14T01:48:50+00:00","mainEntityOfPage":{"@id":"https:\/\/ieg.com.br\/blog\/aprender-a-aprender\/"},"wordCount":670,"commentCount":0,"publisher":{"@id":"https:\/\/ieg.com.br\/blog\/#organization"},"image":{"@id":"https:\/\/ieg.com.br\/blog\/aprender-a-aprender\/#primaryimage"},"thumbnailUrl":"https:\/\/ieg.com.br\/blog\/wp-content\/uploads\/2017\/11\/adult-book-book-series-545062.jpg","articleSection":["Carreira"],"inLanguage":"pt-BR","potentialAction":[{"@type":"CommentAction","name":"Comment","target":["https:\/\/ieg.com.br\/blog\/aprender-a-aprender\/#respond"]}]},{"@type":"WebPage","@id":"https:\/\/ieg.com.br\/blog\/aprender-a-aprender\/","url":"https:\/\/ieg.com.br\/blog\/aprender-a-aprender\/","name":"IEG Connection | Aprender a aprender: a habilidade do s\u00e9culo XXI","isPartOf":{"@id":"https:\/\/ieg.com.br\/blog\/#website"},"primaryImageOfPage":{"@id":"https:\/\/ieg.com.br\/blog\/aprender-a-aprender\/#primaryimage"},"image":{"@id":"https:\/\/ieg.com.br\/blog\/aprender-a-aprender\/#primaryimage"},"thumbnailUrl":"https:\/\/ieg.com.br\/blog\/wp-content\/uploads\/2017\/11\/adult-book-book-series-545062.jpg","datePublished":"2018-04-18T18:00:26+00:00","dateModified":"2020-12-14T01:48:50+00:00","breadcrumb":{"@id":"https:\/\/ieg.com.br\/blog\/aprender-a-aprender\/#breadcrumb"},"inLanguage":"pt-BR","potentialAction":[{"@type":"ReadAction","target":["https:\/\/ieg.com.br\/blog\/aprender-a-aprender\/"]}]},{"@type":"ImageObject","inLanguage":"pt-BR","@id":"https:\/\/ieg.com.br\/blog\/aprender-a-aprender\/#primaryimage","url":"https:\/\/ieg.com.br\/blog\/wp-content\/uploads\/2017\/11\/adult-book-book-series-545062.jpg","contentUrl":"https:\/\/ieg.com.br\/blog\/wp-content\/uploads\/2017\/11\/adult-book-book-series-545062.jpg"},{"@type":"BreadcrumbList","@id":"https:\/\/ieg.com.br\/blog\/aprender-a-aprender\/#breadcrumb","itemListElement":[{"@type":"ListItem","position":1,"name":"In\u00edcio","item":"https:\/\/ieg.com.br\/blog\/"},{"@type":"ListItem","position":2,"name":"Aprender a aprender: a habilidade do s\u00e9culo XXI"}]},{"@type":"WebSite","@id":"https:\/\/ieg.com.br\/blog\/#website","url":"https:\/\/ieg.com.br\/blog\/","name":"IEG Connection","description":"O IEG \u00e9 uma empresa que elabora solu\u00e7\u00f5es de ensino, pesquisa e consultoria em gest\u00e3o de forma integrada e complementar para voc\u00ea e para a sua organiza\u00e7\u00e3o.","publisher":{"@id":"https:\/\/ieg.com.br\/blog\/#organization"},"potentialAction":[{"@type":"SearchAction","target":{"@type":"EntryPoint","urlTemplate":"https:\/\/ieg.com.br\/blog\/?s={search_term_string}"},"query-input":{"@type":"PropertyValueSpecification","valueRequired":true,"valueName":"search_term_string"}}],"inLanguage":"pt-BR"},{"@type":"Organization","@id":"https:\/\/ieg.com.br\/blog\/#organization","name":"IEG","url":"https:\/\/ieg.com.br\/blog\/","logo":{"@type":"ImageObject","inLanguage":"pt-BR","@id":"https:\/\/ieg.com.br\/blog\/#\/schema\/logo\/image\/","url":"https:\/\/ieg.com.br\/blog\/wp-content\/uploads\/2021\/02\/ieg-blog-logo.png","contentUrl":"https:\/\/ieg.com.br\/blog\/wp-content\/uploads\/2021\/02\/ieg-blog-logo.png","width":310,"height":126,"caption":"IEG"},"image":{"@id":"https:\/\/ieg.com.br\/blog\/#\/schema\/logo\/image\/"},"sameAs":["https:\/\/www.facebook.com\/IEG.Brasil","https:\/\/www.instagram.com\/ieg.brasil\/","https:\/\/www.linkedin.com\/company\/ieg-instituto-de-engenharia-de-gestao\/","https:\/\/www.youtube.com\/channel\/UCFEkxPdX86l8xWwV73kxJyA"]},{"@type":"Person","@id":"https:\/\/ieg.com.br\/blog\/#\/schema\/person\/4c2d72ddde770e48c4e179425ccc9dd5","name":"Reda\u00e7\u00e3o IEG","image":{"@type":"ImageObject","inLanguage":"pt-BR","@id":"https:\/\/ieg.com.br\/blog\/wp-content\/uploads\/2023\/04\/logo-IEG-para-blog_Prancheta-1-96x96.png","url":"https:\/\/ieg.com.br\/blog\/wp-content\/uploads\/2023\/04\/logo-IEG-para-blog_Prancheta-1-96x96.png","contentUrl":"https:\/\/ieg.com.br\/blog\/wp-content\/uploads\/2023\/04\/logo-IEG-para-blog_Prancheta-1-96x96.png","caption":"Reda\u00e7\u00e3o IEG"},"description":"O IEG \u00e9 uma empresa que elabora solu\u00e7\u00f5es de ensino, pesquisa e consultoria em gest\u00e3o de forma integrada e complementar para voc\u00ea e para a sua organiza\u00e7\u00e3o.","sameAs":["https:\/\/ieg.com.br\/blog"],"url":"https:\/\/ieg.com.br\/blog\/author\/admin\/"}]}},"_links":{"self":[{"href":"https:\/\/ieg.com.br\/blog\/wp-json\/wp\/v2\/posts\/225","targetHints":{"allow":["GET"]}}],"collection":[{"href":"https:\/\/ieg.com.br\/blog\/wp-json\/wp\/v2\/posts"}],"about":[{"href":"https:\/\/ieg.com.br\/blog\/wp-json\/wp\/v2\/types\/post"}],"author":[{"embeddable":true,"href":"https:\/\/ieg.com.br\/blog\/wp-json\/wp\/v2\/users\/1"}],"replies":[{"embeddable":true,"href":"https:\/\/ieg.com.br\/blog\/wp-json\/wp\/v2\/comments?post=225"}],"version-history":[{"count":2,"href":"https:\/\/ieg.com.br\/blog\/wp-json\/wp\/v2\/posts\/225\/revisions"}],"predecessor-version":[{"id":6337,"href":"https:\/\/ieg.com.br\/blog\/wp-json\/wp\/v2\/posts\/225\/revisions\/6337"}],"wp:featuredmedia":[{"embeddable":true,"href":"https:\/\/ieg.com.br\/blog\/wp-json\/wp\/v2\/media\/622"}],"wp:attachment":[{"href":"https:\/\/ieg.com.br\/blog\/wp-json\/wp\/v2\/media?parent=225"}],"wp:term":[{"taxonomy":"category","embeddable":true,"href":"https:\/\/ieg.com.br\/blog\/wp-json\/wp\/v2\/categories?post=225"},{"taxonomy":"post_tag","embeddable":true,"href":"https:\/\/ieg.com.br\/blog\/wp-json\/wp\/v2\/tags?post=225"}],"curies":[{"name":"wp","href":"https:\/\/api.w.org\/{rel}","templated":true}]}}