{"id":1172,"date":"2014-08-01T16:43:09","date_gmt":"2014-08-01T19:43:09","guid":{"rendered":"https:\/\/ssconnection.com.br\/?p=466"},"modified":"2014-08-01T16:43:09","modified_gmt":"2014-08-01T19:43:09","slug":"retencao-de-talentos-o-desafio-dos-cscs-para-aumentar-a-competitividade","status":"publish","type":"post","link":"https:\/\/ieg.com.br\/blog\/retencao-de-talentos-o-desafio-dos-cscs-para-aumentar-a-competitividade\/","title":{"rendered":"Reten\u00e7\u00e3o de talentos: o desafio dos CSCs para aumentar a competitividade"},"content":{"rendered":"<h2>Press\u00e3o pela produtividade tem levado diretores e gestores de CSCs a discutirem alternativas para motivar suas equipes<\/h2>\n<p>&nbsp;<\/p>\n<p class=\"font_8\">Organiza\u00e7\u00f5es do mundo inteiro t\u00eam discutido a import\u00e2ncia estrat\u00e9gica do uso de pol\u00edticas de reten\u00e7\u00e3o de talentos para se alcan\u00e7ar melhores resultados e reduzir custos. A gest\u00e3o de pessoas se mostra ainda mais desafiadora nos Centros de Servi\u00e7os Compartilhados (CSCs): como manter motivados funcion\u00e1rios focados na efici\u00eancia e dedicados \u00e0s atividades transacionais?<\/p>\n<p class=\"font_8\">Em pesquisa realizada, em 2013, pelo Instituo de Engenharia de Gest\u00e3o (IEG), 92% dos CSCs pesquisados disseram possuir pol\u00edticas de reten\u00e7\u00e3o de pessoas. A pesquisa revela que a participa\u00e7\u00e3o nos lucros \u00e9 utilizada por 79% dos CSCs; o b\u00f4nus por desempenho e pr\u00eamios por qualidade e inova\u00e7\u00e3o praticados por 62%; enquanto apenas metade possui pr\u00e1ticas relacionadas \u00e0 estrutura do processo de carreira do colaborador.<\/p>\n<p class=\"font_8\">Mas ser\u00e1 que a recompensa financeira \u00e9 suficiente para manter esses profissionais dentro das empresas?<\/p>\n<p class=\"font_8\">A remunera\u00e7\u00e3o pode ser um fator importante para atra\u00e7\u00e3o dos profissionais, mas n\u00e3o de reten\u00e7\u00e3o. Por isso, as pesquisas de clima organizacional v\u00eam sendo cada vez mais utilizadas pelas empresas, para identificar poss\u00edveis erros ou pontos de melhorias na \u00e1rea de gest\u00e3o de pessoas. Este indicador revela o grau de satisfa\u00e7\u00e3o da equipe, fator que influi diretamente na motiva\u00e7\u00e3o e produtividade.<\/p>\n<p class=\"font_8\">A conquista de um bom clima no ambiente corporativo pode ser obtida atrav\u00e9s de a\u00e7\u00f5es que n\u00e3o est\u00e3o necessariamente ligadas \u00e0 recompensa financeira e sim \u00e0s oportunidades de desenvolvimento, ao reconhecimento, \u00e0 autonomia e \u00e0 qualidade de vida do colaborador no trabalho. Atitudes positivas, alegria no ambiente de trabalho, criatividade, autoestima e engajamento dos funcion\u00e1rios, s\u00e3o alguns dos resultados encontrados por organiza\u00e7\u00f5es que investem nesse tipo de gest\u00e3o. \u00a0Ao contr\u00e1rio, em um clima ruim, haver\u00e1 tens\u00e3o, rivalidades, desinteresse, erros constantes e grande rotatividade de funcion\u00e1rios.<\/p>\n<p class=\"font_8\">Hoje, a \u00e1rea de gest\u00e3o de pessoas atua na integra\u00e7\u00e3o dentro da organiza\u00e7\u00e3o, desenvolve as potencialidades e habilidades de cada colaborador, possibilitando a autorrealiza\u00e7\u00e3o, reduzindo assim os custos de um alto turnover, al\u00e9m de facilitar a contrata\u00e7\u00e3o de profissionais engajados e muito mais produtivos.<\/p>\n<p class=\"font_8\">Diretores e l\u00edderes de CSCs t\u00eam discutido alternativas que visam a capacita\u00e7\u00e3o e o desenvolvimento profissional de seus colaboradores, estruturando, por exemplo, planos de treinamento e job rotation, possibilitando a evolu\u00e7\u00e3o da carreira, inclusive, para atuar nas unidades clientes.<\/p>\n<p class=\"font_8\">Mapear compet\u00eancias e criar planos de capacita\u00e7\u00e3o customizados, que supram gaps de conhecimento e permitam o desenvolvimento dos colaboradores, tamb\u00e9m v\u00eam sendo trabalhadas para motivar aqueles mais engajados com o crescimento profissional.<\/p>\n<p class=\"font_8\">No entanto, motivar os 15% que s\u00e3o potenciais talentos \u00e9 uma tarefa mais simples, j\u00e1 que estes profissionais possuem um perfil autoengajado. Mais dif\u00edcil \u00e9 motivar a base da pir\u00e2mide, os outros 85% dos colaboradores que, apesar de n\u00e3o se destacarem, cumprem o seu papel.<\/p>\n<p class=\"font_8\">A cria\u00e7\u00e3o de um modelo claro de avalia\u00e7\u00e3o de desempenho que me\u00e7a o cumprimento de metas \u2013 equilibrando metas da empresa, da \u00e1rea e pessoais &#8211; e que possua compet\u00ean\u00adcias claras de cada colaborador, se torna fundamental para a gest\u00e3o de pessoas. Assim, a meritocracia se torna real e motivadora para os que realmente querem desempenhar um bom trabalho.<\/p>\n<p class=\"font_8\">Al\u00e9m das pol\u00edticas de RH e modelos de gest\u00e3o que visam a valoriza\u00e7\u00e3o do profissional, t\u00e9cnicas de comunica\u00e7\u00e3o interna e de employer branding tamb\u00e9m podem con\u00adtribuir para cria\u00e7\u00e3o de um clima organizacional favor\u00e1vel, mantendo o esp\u00edrito de equipe e fazendo com que os colabora\u00addores entendam a import\u00e2ncia do seu trabalho individual, para que a empresa como um todo atinja o sucesso.<\/p>\n<p class=\"font_8\">Fonte: Pesquisa CSC 2013 &#8211;\u00a0Instituto de Engenharia de Gest\u00e3o (IEG)<\/p>\n","protected":false},"excerpt":{"rendered":"<p>Press\u00e3o pela produtividade tem levado diretores e gestores de CSCs a discutirem alternativas para motivar suas equipes &nbsp; Organiza\u00e7\u00f5es do mundo inteiro t\u00eam discutido a import\u00e2ncia estrat\u00e9gica do uso de pol\u00edticas de reten\u00e7\u00e3o de talentos para se alcan\u00e7ar melhores resultados e reduzir custos. A gest\u00e3o de pessoas se mostra ainda mais desafiadora nos Centros de [&hellip;]<\/p>\n","protected":false},"author":1,"featured_media":477,"comment_status":"open","ping_status":"open","sticky":false,"template":"","format":"standard","meta":{"_acf_changed":false,"footnotes":""},"categories":[1],"tags":[],"class_list":["post-1172","post","type-post","status-publish","format-standard","has-post-thumbnail","hentry","category-servicos-compartilhados"],"acf":[],"yoast_head":"<!-- This site is optimized with the Yoast SEO plugin v27.4 - https:\/\/yoast.com\/product\/yoast-seo-wordpress\/ -->\n<title>IEG Connection | Reten\u00e7\u00e3o de talentos: o desafio dos CSCs para aumentar a competitividade<\/title>\n<meta name=\"robots\" content=\"index, follow, max-snippet:-1, max-image-preview:large, max-video-preview:-1\" \/>\n<link rel=\"canonical\" href=\"https:\/\/ieg.com.br\/blog\/retencao-de-talentos-o-desafio-dos-cscs-para-aumentar-a-competitividade\/\" \/>\n<meta property=\"og:locale\" content=\"pt_BR\" \/>\n<meta property=\"og:type\" content=\"article\" \/>\n<meta property=\"og:title\" content=\"IEG Connection | Reten\u00e7\u00e3o de talentos: o desafio dos CSCs para aumentar a competitividade\" \/>\n<meta property=\"og:description\" content=\"Press\u00e3o pela produtividade tem levado diretores e gestores de CSCs a discutirem alternativas para motivar suas equipes &nbsp; Organiza\u00e7\u00f5es do mundo inteiro t\u00eam discutido a import\u00e2ncia estrat\u00e9gica do uso de pol\u00edticas de reten\u00e7\u00e3o de talentos para se alcan\u00e7ar melhores resultados e reduzir custos. A gest\u00e3o de pessoas se mostra ainda mais desafiadora nos Centros de [&hellip;]\" \/>\n<meta property=\"og:url\" content=\"https:\/\/ieg.com.br\/blog\/retencao-de-talentos-o-desafio-dos-cscs-para-aumentar-a-competitividade\/\" \/>\n<meta property=\"og:site_name\" content=\"IEG Connection\" \/>\n<meta property=\"article:publisher\" content=\"https:\/\/www.facebook.com\/IEG.Brasil\" \/>\n<meta property=\"article:published_time\" content=\"2014-08-01T19:43:09+00:00\" \/>\n<meta property=\"og:image\" content=\"https:\/\/ieg.com.br\/blog\/wp-content\/uploads\/2016\/11\/business-team-standing-1080x675.jpg\" \/>\n\t<meta property=\"og:image:width\" content=\"1080\" \/>\n\t<meta property=\"og:image:height\" content=\"675\" \/>\n\t<meta property=\"og:image:type\" content=\"image\/jpeg\" \/>\n<meta name=\"author\" content=\"Reda\u00e7\u00e3o IEG\" \/>\n<meta name=\"twitter:card\" content=\"summary_large_image\" \/>\n<meta name=\"twitter:label1\" content=\"Escrito por\" \/>\n\t<meta name=\"twitter:data1\" content=\"Reda\u00e7\u00e3o IEG\" \/>\n\t<meta name=\"twitter:label2\" content=\"Est. tempo de leitura\" \/>\n\t<meta name=\"twitter:data2\" content=\"3 minutos\" \/>\n<script type=\"application\/ld+json\" class=\"yoast-schema-graph\">{\"@context\":\"https:\\\/\\\/schema.org\",\"@graph\":[{\"@type\":\"Article\",\"@id\":\"https:\\\/\\\/ieg.com.br\\\/blog\\\/retencao-de-talentos-o-desafio-dos-cscs-para-aumentar-a-competitividade\\\/#article\",\"isPartOf\":{\"@id\":\"https:\\\/\\\/ieg.com.br\\\/blog\\\/retencao-de-talentos-o-desafio-dos-cscs-para-aumentar-a-competitividade\\\/\"},\"author\":{\"name\":\"Reda\u00e7\u00e3o IEG\",\"@id\":\"https:\\\/\\\/ieg.com.br\\\/blog\\\/#\\\/schema\\\/person\\\/4c2d72ddde770e48c4e179425ccc9dd5\"},\"headline\":\"Reten\u00e7\u00e3o de talentos: o desafio dos CSCs para aumentar a competitividade\",\"datePublished\":\"2014-08-01T19:43:09+00:00\",\"mainEntityOfPage\":{\"@id\":\"https:\\\/\\\/ieg.com.br\\\/blog\\\/retencao-de-talentos-o-desafio-dos-cscs-para-aumentar-a-competitividade\\\/\"},\"wordCount\":660,\"commentCount\":0,\"publisher\":{\"@id\":\"https:\\\/\\\/ieg.com.br\\\/blog\\\/#organization\"},\"image\":{\"@id\":\"https:\\\/\\\/ieg.com.br\\\/blog\\\/retencao-de-talentos-o-desafio-dos-cscs-para-aumentar-a-competitividade\\\/#primaryimage\"},\"thumbnailUrl\":\"https:\\\/\\\/ieg.com.br\\\/blog\\\/wp-content\\\/uploads\\\/2016\\\/11\\\/business-team-standing-1080x675.jpg\",\"articleSection\":[\"Servi\u00e7os Compartilhados\"],\"inLanguage\":\"pt-BR\",\"potentialAction\":[{\"@type\":\"CommentAction\",\"name\":\"Comment\",\"target\":[\"https:\\\/\\\/ieg.com.br\\\/blog\\\/retencao-de-talentos-o-desafio-dos-cscs-para-aumentar-a-competitividade\\\/#respond\"]}]},{\"@type\":\"WebPage\",\"@id\":\"https:\\\/\\\/ieg.com.br\\\/blog\\\/retencao-de-talentos-o-desafio-dos-cscs-para-aumentar-a-competitividade\\\/\",\"url\":\"https:\\\/\\\/ieg.com.br\\\/blog\\\/retencao-de-talentos-o-desafio-dos-cscs-para-aumentar-a-competitividade\\\/\",\"name\":\"IEG Connection | Reten\u00e7\u00e3o de talentos: o desafio dos CSCs para aumentar a competitividade\",\"isPartOf\":{\"@id\":\"https:\\\/\\\/ieg.com.br\\\/blog\\\/#website\"},\"primaryImageOfPage\":{\"@id\":\"https:\\\/\\\/ieg.com.br\\\/blog\\\/retencao-de-talentos-o-desafio-dos-cscs-para-aumentar-a-competitividade\\\/#primaryimage\"},\"image\":{\"@id\":\"https:\\\/\\\/ieg.com.br\\\/blog\\\/retencao-de-talentos-o-desafio-dos-cscs-para-aumentar-a-competitividade\\\/#primaryimage\"},\"thumbnailUrl\":\"https:\\\/\\\/ieg.com.br\\\/blog\\\/wp-content\\\/uploads\\\/2016\\\/11\\\/business-team-standing-1080x675.jpg\",\"datePublished\":\"2014-08-01T19:43:09+00:00\",\"breadcrumb\":{\"@id\":\"https:\\\/\\\/ieg.com.br\\\/blog\\\/retencao-de-talentos-o-desafio-dos-cscs-para-aumentar-a-competitividade\\\/#breadcrumb\"},\"inLanguage\":\"pt-BR\",\"potentialAction\":[{\"@type\":\"ReadAction\",\"target\":[\"https:\\\/\\\/ieg.com.br\\\/blog\\\/retencao-de-talentos-o-desafio-dos-cscs-para-aumentar-a-competitividade\\\/\"]}]},{\"@type\":\"ImageObject\",\"inLanguage\":\"pt-BR\",\"@id\":\"https:\\\/\\\/ieg.com.br\\\/blog\\\/retencao-de-talentos-o-desafio-dos-cscs-para-aumentar-a-competitividade\\\/#primaryimage\",\"url\":\"https:\\\/\\\/ieg.com.br\\\/blog\\\/wp-content\\\/uploads\\\/2016\\\/11\\\/business-team-standing-1080x675.jpg\",\"contentUrl\":\"https:\\\/\\\/ieg.com.br\\\/blog\\\/wp-content\\\/uploads\\\/2016\\\/11\\\/business-team-standing-1080x675.jpg\",\"width\":1080,\"height\":675,\"caption\":\"Portrait of a CEO With His Team of Business Executives Standing by a Window\"},{\"@type\":\"BreadcrumbList\",\"@id\":\"https:\\\/\\\/ieg.com.br\\\/blog\\\/retencao-de-talentos-o-desafio-dos-cscs-para-aumentar-a-competitividade\\\/#breadcrumb\",\"itemListElement\":[{\"@type\":\"ListItem\",\"position\":1,\"name\":\"In\u00edcio\",\"item\":\"https:\\\/\\\/ieg.com.br\\\/blog\\\/\"},{\"@type\":\"ListItem\",\"position\":2,\"name\":\"Reten\u00e7\u00e3o de talentos: o desafio dos CSCs para aumentar a competitividade\"}]},{\"@type\":\"WebSite\",\"@id\":\"https:\\\/\\\/ieg.com.br\\\/blog\\\/#website\",\"url\":\"https:\\\/\\\/ieg.com.br\\\/blog\\\/\",\"name\":\"IEG Connection\",\"description\":\"O IEG \u00e9 uma empresa que elabora solu\u00e7\u00f5es de ensino, pesquisa e consultoria em gest\u00e3o de forma integrada e complementar para voc\u00ea e para a sua organiza\u00e7\u00e3o.\",\"publisher\":{\"@id\":\"https:\\\/\\\/ieg.com.br\\\/blog\\\/#organization\"},\"potentialAction\":[{\"@type\":\"SearchAction\",\"target\":{\"@type\":\"EntryPoint\",\"urlTemplate\":\"https:\\\/\\\/ieg.com.br\\\/blog\\\/?s={search_term_string}\"},\"query-input\":{\"@type\":\"PropertyValueSpecification\",\"valueRequired\":true,\"valueName\":\"search_term_string\"}}],\"inLanguage\":\"pt-BR\"},{\"@type\":\"Organization\",\"@id\":\"https:\\\/\\\/ieg.com.br\\\/blog\\\/#organization\",\"name\":\"IEG\",\"url\":\"https:\\\/\\\/ieg.com.br\\\/blog\\\/\",\"logo\":{\"@type\":\"ImageObject\",\"inLanguage\":\"pt-BR\",\"@id\":\"https:\\\/\\\/ieg.com.br\\\/blog\\\/#\\\/schema\\\/logo\\\/image\\\/\",\"url\":\"https:\\\/\\\/ieg.com.br\\\/blog\\\/wp-content\\\/uploads\\\/2021\\\/02\\\/ieg-blog-logo.png\",\"contentUrl\":\"https:\\\/\\\/ieg.com.br\\\/blog\\\/wp-content\\\/uploads\\\/2021\\\/02\\\/ieg-blog-logo.png\",\"width\":310,\"height\":126,\"caption\":\"IEG\"},\"image\":{\"@id\":\"https:\\\/\\\/ieg.com.br\\\/blog\\\/#\\\/schema\\\/logo\\\/image\\\/\"},\"sameAs\":[\"https:\\\/\\\/www.facebook.com\\\/IEG.Brasil\",\"https:\\\/\\\/www.instagram.com\\\/ieg.brasil\\\/\",\"https:\\\/\\\/www.linkedin.com\\\/company\\\/ieg-instituto-de-engenharia-de-gestao\\\/\",\"https:\\\/\\\/www.youtube.com\\\/channel\\\/UCFEkxPdX86l8xWwV73kxJyA\"]},{\"@type\":\"Person\",\"@id\":\"https:\\\/\\\/ieg.com.br\\\/blog\\\/#\\\/schema\\\/person\\\/4c2d72ddde770e48c4e179425ccc9dd5\",\"name\":\"Reda\u00e7\u00e3o IEG\",\"image\":{\"@type\":\"ImageObject\",\"inLanguage\":\"pt-BR\",\"@id\":\"https:\\\/\\\/ieg.com.br\\\/blog\\\/wp-content\\\/uploads\\\/2023\\\/04\\\/logo-IEG-para-blog_Prancheta-1-96x96.png\",\"url\":\"https:\\\/\\\/ieg.com.br\\\/blog\\\/wp-content\\\/uploads\\\/2023\\\/04\\\/logo-IEG-para-blog_Prancheta-1-96x96.png\",\"contentUrl\":\"https:\\\/\\\/ieg.com.br\\\/blog\\\/wp-content\\\/uploads\\\/2023\\\/04\\\/logo-IEG-para-blog_Prancheta-1-96x96.png\",\"caption\":\"Reda\u00e7\u00e3o IEG\"},\"description\":\"O IEG \u00e9 uma empresa que elabora solu\u00e7\u00f5es de ensino, pesquisa e consultoria em gest\u00e3o de forma integrada e complementar para voc\u00ea e para a sua organiza\u00e7\u00e3o.\",\"sameAs\":[\"https:\\\/\\\/ieg.com.br\\\/blog\"],\"url\":\"https:\\\/\\\/ieg.com.br\\\/blog\\\/author\\\/admin\\\/\"}]}<\/script>\n<!-- \/ Yoast SEO plugin. -->","yoast_head_json":{"title":"IEG Connection | Reten\u00e7\u00e3o de talentos: o desafio dos CSCs para aumentar a competitividade","robots":{"index":"index","follow":"follow","max-snippet":"max-snippet:-1","max-image-preview":"max-image-preview:large","max-video-preview":"max-video-preview:-1"},"canonical":"https:\/\/ieg.com.br\/blog\/retencao-de-talentos-o-desafio-dos-cscs-para-aumentar-a-competitividade\/","og_locale":"pt_BR","og_type":"article","og_title":"IEG Connection | Reten\u00e7\u00e3o de talentos: o desafio dos CSCs para aumentar a competitividade","og_description":"Press\u00e3o pela produtividade tem levado diretores e gestores de CSCs a discutirem alternativas para motivar suas equipes &nbsp; Organiza\u00e7\u00f5es do mundo inteiro t\u00eam discutido a import\u00e2ncia estrat\u00e9gica do uso de pol\u00edticas de reten\u00e7\u00e3o de talentos para se alcan\u00e7ar melhores resultados e reduzir custos. A gest\u00e3o de pessoas se mostra ainda mais desafiadora nos Centros de [&hellip;]","og_url":"https:\/\/ieg.com.br\/blog\/retencao-de-talentos-o-desafio-dos-cscs-para-aumentar-a-competitividade\/","og_site_name":"IEG Connection","article_publisher":"https:\/\/www.facebook.com\/IEG.Brasil","article_published_time":"2014-08-01T19:43:09+00:00","og_image":[{"width":1080,"height":675,"url":"https:\/\/ieg.com.br\/blog\/wp-content\/uploads\/2016\/11\/business-team-standing-1080x675.jpg","type":"image\/jpeg"}],"author":"Reda\u00e7\u00e3o IEG","twitter_card":"summary_large_image","twitter_misc":{"Escrito por":"Reda\u00e7\u00e3o IEG","Est. tempo de leitura":"3 minutos"},"schema":{"@context":"https:\/\/schema.org","@graph":[{"@type":"Article","@id":"https:\/\/ieg.com.br\/blog\/retencao-de-talentos-o-desafio-dos-cscs-para-aumentar-a-competitividade\/#article","isPartOf":{"@id":"https:\/\/ieg.com.br\/blog\/retencao-de-talentos-o-desafio-dos-cscs-para-aumentar-a-competitividade\/"},"author":{"name":"Reda\u00e7\u00e3o IEG","@id":"https:\/\/ieg.com.br\/blog\/#\/schema\/person\/4c2d72ddde770e48c4e179425ccc9dd5"},"headline":"Reten\u00e7\u00e3o de talentos: o desafio dos CSCs para aumentar a competitividade","datePublished":"2014-08-01T19:43:09+00:00","mainEntityOfPage":{"@id":"https:\/\/ieg.com.br\/blog\/retencao-de-talentos-o-desafio-dos-cscs-para-aumentar-a-competitividade\/"},"wordCount":660,"commentCount":0,"publisher":{"@id":"https:\/\/ieg.com.br\/blog\/#organization"},"image":{"@id":"https:\/\/ieg.com.br\/blog\/retencao-de-talentos-o-desafio-dos-cscs-para-aumentar-a-competitividade\/#primaryimage"},"thumbnailUrl":"https:\/\/ieg.com.br\/blog\/wp-content\/uploads\/2016\/11\/business-team-standing-1080x675.jpg","articleSection":["Servi\u00e7os Compartilhados"],"inLanguage":"pt-BR","potentialAction":[{"@type":"CommentAction","name":"Comment","target":["https:\/\/ieg.com.br\/blog\/retencao-de-talentos-o-desafio-dos-cscs-para-aumentar-a-competitividade\/#respond"]}]},{"@type":"WebPage","@id":"https:\/\/ieg.com.br\/blog\/retencao-de-talentos-o-desafio-dos-cscs-para-aumentar-a-competitividade\/","url":"https:\/\/ieg.com.br\/blog\/retencao-de-talentos-o-desafio-dos-cscs-para-aumentar-a-competitividade\/","name":"IEG Connection | Reten\u00e7\u00e3o de talentos: o desafio dos CSCs para aumentar a competitividade","isPartOf":{"@id":"https:\/\/ieg.com.br\/blog\/#website"},"primaryImageOfPage":{"@id":"https:\/\/ieg.com.br\/blog\/retencao-de-talentos-o-desafio-dos-cscs-para-aumentar-a-competitividade\/#primaryimage"},"image":{"@id":"https:\/\/ieg.com.br\/blog\/retencao-de-talentos-o-desafio-dos-cscs-para-aumentar-a-competitividade\/#primaryimage"},"thumbnailUrl":"https:\/\/ieg.com.br\/blog\/wp-content\/uploads\/2016\/11\/business-team-standing-1080x675.jpg","datePublished":"2014-08-01T19:43:09+00:00","breadcrumb":{"@id":"https:\/\/ieg.com.br\/blog\/retencao-de-talentos-o-desafio-dos-cscs-para-aumentar-a-competitividade\/#breadcrumb"},"inLanguage":"pt-BR","potentialAction":[{"@type":"ReadAction","target":["https:\/\/ieg.com.br\/blog\/retencao-de-talentos-o-desafio-dos-cscs-para-aumentar-a-competitividade\/"]}]},{"@type":"ImageObject","inLanguage":"pt-BR","@id":"https:\/\/ieg.com.br\/blog\/retencao-de-talentos-o-desafio-dos-cscs-para-aumentar-a-competitividade\/#primaryimage","url":"https:\/\/ieg.com.br\/blog\/wp-content\/uploads\/2016\/11\/business-team-standing-1080x675.jpg","contentUrl":"https:\/\/ieg.com.br\/blog\/wp-content\/uploads\/2016\/11\/business-team-standing-1080x675.jpg","width":1080,"height":675,"caption":"Portrait of a CEO With His Team of Business Executives Standing by a Window"},{"@type":"BreadcrumbList","@id":"https:\/\/ieg.com.br\/blog\/retencao-de-talentos-o-desafio-dos-cscs-para-aumentar-a-competitividade\/#breadcrumb","itemListElement":[{"@type":"ListItem","position":1,"name":"In\u00edcio","item":"https:\/\/ieg.com.br\/blog\/"},{"@type":"ListItem","position":2,"name":"Reten\u00e7\u00e3o de talentos: o desafio dos CSCs para aumentar a competitividade"}]},{"@type":"WebSite","@id":"https:\/\/ieg.com.br\/blog\/#website","url":"https:\/\/ieg.com.br\/blog\/","name":"IEG Connection","description":"O IEG \u00e9 uma empresa que elabora solu\u00e7\u00f5es de ensino, pesquisa e consultoria em gest\u00e3o de forma integrada e complementar para voc\u00ea e para a sua organiza\u00e7\u00e3o.","publisher":{"@id":"https:\/\/ieg.com.br\/blog\/#organization"},"potentialAction":[{"@type":"SearchAction","target":{"@type":"EntryPoint","urlTemplate":"https:\/\/ieg.com.br\/blog\/?s={search_term_string}"},"query-input":{"@type":"PropertyValueSpecification","valueRequired":true,"valueName":"search_term_string"}}],"inLanguage":"pt-BR"},{"@type":"Organization","@id":"https:\/\/ieg.com.br\/blog\/#organization","name":"IEG","url":"https:\/\/ieg.com.br\/blog\/","logo":{"@type":"ImageObject","inLanguage":"pt-BR","@id":"https:\/\/ieg.com.br\/blog\/#\/schema\/logo\/image\/","url":"https:\/\/ieg.com.br\/blog\/wp-content\/uploads\/2021\/02\/ieg-blog-logo.png","contentUrl":"https:\/\/ieg.com.br\/blog\/wp-content\/uploads\/2021\/02\/ieg-blog-logo.png","width":310,"height":126,"caption":"IEG"},"image":{"@id":"https:\/\/ieg.com.br\/blog\/#\/schema\/logo\/image\/"},"sameAs":["https:\/\/www.facebook.com\/IEG.Brasil","https:\/\/www.instagram.com\/ieg.brasil\/","https:\/\/www.linkedin.com\/company\/ieg-instituto-de-engenharia-de-gestao\/","https:\/\/www.youtube.com\/channel\/UCFEkxPdX86l8xWwV73kxJyA"]},{"@type":"Person","@id":"https:\/\/ieg.com.br\/blog\/#\/schema\/person\/4c2d72ddde770e48c4e179425ccc9dd5","name":"Reda\u00e7\u00e3o IEG","image":{"@type":"ImageObject","inLanguage":"pt-BR","@id":"https:\/\/ieg.com.br\/blog\/wp-content\/uploads\/2023\/04\/logo-IEG-para-blog_Prancheta-1-96x96.png","url":"https:\/\/ieg.com.br\/blog\/wp-content\/uploads\/2023\/04\/logo-IEG-para-blog_Prancheta-1-96x96.png","contentUrl":"https:\/\/ieg.com.br\/blog\/wp-content\/uploads\/2023\/04\/logo-IEG-para-blog_Prancheta-1-96x96.png","caption":"Reda\u00e7\u00e3o IEG"},"description":"O IEG \u00e9 uma empresa que elabora solu\u00e7\u00f5es de ensino, pesquisa e consultoria em gest\u00e3o de forma integrada e complementar para voc\u00ea e para a sua organiza\u00e7\u00e3o.","sameAs":["https:\/\/ieg.com.br\/blog"],"url":"https:\/\/ieg.com.br\/blog\/author\/admin\/"}]}},"_links":{"self":[{"href":"https:\/\/ieg.com.br\/blog\/wp-json\/wp\/v2\/posts\/1172","targetHints":{"allow":["GET"]}}],"collection":[{"href":"https:\/\/ieg.com.br\/blog\/wp-json\/wp\/v2\/posts"}],"about":[{"href":"https:\/\/ieg.com.br\/blog\/wp-json\/wp\/v2\/types\/post"}],"author":[{"embeddable":true,"href":"https:\/\/ieg.com.br\/blog\/wp-json\/wp\/v2\/users\/1"}],"replies":[{"embeddable":true,"href":"https:\/\/ieg.com.br\/blog\/wp-json\/wp\/v2\/comments?post=1172"}],"version-history":[{"count":0,"href":"https:\/\/ieg.com.br\/blog\/wp-json\/wp\/v2\/posts\/1172\/revisions"}],"wp:featuredmedia":[{"embeddable":true,"href":"https:\/\/ieg.com.br\/blog\/wp-json\/wp\/v2\/media\/477"}],"wp:attachment":[{"href":"https:\/\/ieg.com.br\/blog\/wp-json\/wp\/v2\/media?parent=1172"}],"wp:term":[{"taxonomy":"category","embeddable":true,"href":"https:\/\/ieg.com.br\/blog\/wp-json\/wp\/v2\/categories?post=1172"},{"taxonomy":"post_tag","embeddable":true,"href":"https:\/\/ieg.com.br\/blog\/wp-json\/wp\/v2\/tags?post=1172"}],"curies":[{"name":"wp","href":"https:\/\/api.w.org\/{rel}","templated":true}]}}